{"id":22712,"date":"2019-05-28T19:11:24","date_gmt":"2019-05-28T17:11:24","guid":{"rendered":"http:\/\/ulqini-online.com\/sajti\/?p=22712"},"modified":"2019-05-28T19:11:24","modified_gmt":"2019-05-28T17:11:24","slug":"vatikani-dhe-kosova-dardane","status":"publish","type":"post","link":"https:\/\/ulqini-online.com\/sajti\/?p=22712","title":{"rendered":"VATIKANI DHE KOSOVA DARDANE"},"content":{"rendered":"\n<div class=\"wp-block-image\"><figure class=\"aligncenter is-resized\"><img loading=\"lazy\" decoding=\"async\" src=\"https:\/\/ulqini-online.com\/sajti\/wp-content\/uploads\/2014\/12\/Frank-shkreli.jpg\" alt=\"\" class=\"wp-image-813\" width=\"488\" height=\"401\" srcset=\"https:\/\/ulqini-online.com\/sajti\/wp-content\/uploads\/2014\/12\/Frank-shkreli.jpg 385w, https:\/\/ulqini-online.com\/sajti\/wp-content\/uploads\/2014\/12\/Frank-shkreli-300x246.jpg 300w, https:\/\/ulqini-online.com\/sajti\/wp-content\/uploads\/2014\/12\/Frank-shkreli-220x180.jpg 220w\" sizes=\"auto, (max-width: 488px) 100vw, 488px\" \/><\/figure><\/div>\n\n\n\n<p>Nga Frank Shkreli<\/p>\n\n\n\n<p>Marr\u00ebdh\u00ebniet\nmidis Vatikanit dhe Kish\u00ebs Katolike Shqiptare jan\u00eb aq t\u00eb vjetra sa \u00ebsht\u00eb edhe\nvet historia e Kish\u00ebs Katolike Universale. Si\u00e7 \u00ebsht\u00eb shprehur vet Sh\u00ebn Pali:\n\u201cK\u00ebshtu, prej Jeruzalemit e deri n\u00eb Iliri e kam kryer plot\u00ebsisht detyr\u00ebn\ntime\u2026.\u201d.&nbsp; K\u00ebto marr\u00ebdh\u00ebnie, historikisht,\nkan\u00eb pasur t\u00eb b\u00ebjn\u00eb n\u00eb ve\u00e7anti edhe me Dardanin\u00eb e vjet\u00ebr, me Kish\u00ebn e\nDardanis\u00eb dhe me besimtar\u00ebt e saj gjat\u00eb shekujve, pasi Dardania konsiderohej si\nnj\u00eb krahin\u00eb e ve\u00e7ant\u00eb kishtare dhe administrative, me qend\u00ebr n\u00eb Shkupin\nshqiptar &#8212; sipas historian\u00ebve kishtar\u00eb t\u00eb Dardanis\u00eb s\u00eb vjet\u00ebr, bazuar n\u00eb\ndokumentat zyrtar\u00eb q\u00eb pasqyrojn\u00eb komunikimet midis Vatikanit dhe ipeshkvijve katolik\u00eb\ndardan\u00eb, gjat\u00eb nj\u00eb historie shum\u00eb shekullore, e deri n\u00eb dit\u00ebt e sot\u00ebme. <\/p>\n\n\n\n<p>N\u00eb\nvazhdim\u00ebsi t\u00eb k\u00ebtyre marr\u00ebdh\u00ebnieve historike, dit\u00ebt e fundit, u njoftuan dy\nlajme t\u00eb mira nga Prishtina q\u00eb t\u00eb b\u00ebjn\u00eb optimist se e ardhmja e lidhjeve t\u00eb\nVatikanit me Republik\u00ebn Dardane t\u00eb Kosov\u00ebs, me Kish\u00ebn Katolike Shqiptare dhe me\nbesimtar\u00ebt e saj atje, do t\u00eb jet\u00eb edhe m\u00eb e ndritshme.&nbsp; Sipas nj\u00eb lajmi t\u00eb botuar n\u00eb revist\u00ebn Drita,\norgan kulturoro-fetar i Kish\u00ebs Katolike Shqiptare t\u00eb Kosov\u00ebs,&nbsp; Delegati Apostolik i Vatikanit p\u00ebr Kosov\u00ebn,\nImzot Jean-Marie Speich dhe Ipeshkvi i Dioqez\u00ebs Prizren-Prishtin\u00eb, Imzot Dod\u00eb\nGjergji njoftuan nga Katedrala Sh\u00ebn N\u00ebn\u00eb Tereza n\u00eb Prishtin\u00eb se m\u00eb 9 dhe 10\nqershor, Sekretari i Shtetit t\u00eb Vatikanit, Kardinali Pietro Parolin do t\u00eb\nvizitoj\u00eb Republik\u00ebn e Kosov\u00ebs.&nbsp; Lajmi\ntjet\u00ebr me r\u00ebnd\u00ebsi \u00ebsht\u00eb shpallja zyrtarisht e asaj q\u00eb quhet Bula Pap\u00ebnore e q\u00eb\n\u00ebsht\u00eb nj\u00eb dokument apo dekret zyrtar publik i l\u00ebshuar nga Kuria Romake dhe i\nfirmosur nga Papa, me an\u00eb t\u00eb t\u00eb cilit merren vendime t\u00eb r\u00ebnd\u00ebsishme p\u00ebr Kish\u00ebn.\n&nbsp;Vendimi me vler\u00eb t\u00eb ve\u00e7ant\u00eb dhe historik\nq\u00eb bart\u00eb ky dokument \u00ebsht\u00eb se Rrethin Kishtar n\u00eb Kosov\u00eb, aktualisht i njohur si\nAdministratura Apostolike e Prizrenit, e ngrit\u00eb n\u00eb shkall\u00ebn dhe dinjitetin e\ndioqez\u00ebs, me em\u00ebrin Dioqeza Prizren \u2013 Prishtin\u00eb dhe nj\u00ebkoh\u00ebsisht emron\nipeshkvin e saj t\u00eb par\u00eb, Shk\u00eblqesin\u00eb e Tij, Imzot Dod\u00eb Gjergjin. &nbsp;\u201cKy nuk \u00ebsht\u00eb thjesht nj\u00eb akt formal \u2013\njuridik, edhe pse i nevojsh\u00ebm. &nbsp;Un\u00eb nuk\njam k\u00ebtu p\u00ebr t\u00eb kryer nj\u00eb procedur\u00eb, por p\u00ebr t\u00eb p\u00ebrkujtuar di\u00e7ka m\u00eb t\u00eb\nr\u00ebnd\u00ebsishme. &nbsp;Kjo Bul\u00eb na p\u00ebrkujton\nlidhjen e thell\u00eb mes k\u00ebsaj Kishe vendore dhe Pap\u00ebs\u2026Ky dokument tregon\nkonkretisht q\u00eb Papa Fran\u00e7esku ka n\u00eb zem\u00ebr t\u00eb mir\u00ebn e \u00e7do nj\u00ebrit prej jush si\ndhe rritjen tuaj shpirt\u00ebrore. &nbsp;Tregon gjithashtu\nedhe kujdesin e Bariut t\u00eb p\u00ebrgjithsh\u00ebm, si dhe af\u00ebrsin\u00eb e tij me g\u00ebzimet dhe\nvuajtjet tuaja\u201d, \u00ebsht\u00eb shprehur Delegati Apostolik p\u00ebr Kosov\u00ebn, Imzot\nJean-Marie Speich &nbsp;&nbsp;nd\u00ebrsa\nnjoftoi dekretin e ri p\u00ebr Dioqez\u00ebn e re Prizren-Prishtin\u00eb, fund jav\u00ebn q\u00eb kaloi.<\/p>\n\n\n\n<p>&nbsp;\u201cKy akt i Kish\u00ebs Universale, n\u00eb krye me Papa Fran\u00e7eskun, ndaj Kish\u00ebs son\u00eb\nn\u00eb Kosov\u00eb, q\u00eb ishte b\u00ebr\u00eb me dije me an\u00eb t\u00eb nj\u00eb shkrese t\u00eb Kardinalit Pietro\nParolin, Sekretar i Shtetit t\u00eb Vatikanit, m\u00eb 5 shtator 2018 dhe lexuar n\u00eb\nKatedralen e Sh\u00ebn N\u00ebn\u00eb Terez\u00ebs n\u00eb Prishtin\u00eb, nga ish Delegati Apostolik p\u00ebr\nKosov\u00eb, Mons. Juliusz Janusz, \u00ebsht\u00eb akti m\u00eb i r\u00ebnd\u00ebsishmi n\u00eb pes\u00eb shekujt e\nfundit p\u00ebr Kish\u00ebn Katolike n\u00eb Kosov\u00eb, prandaj edhe historik, i cili do t\u00eb\nsh\u00ebnohet n\u00eb analet e historis\u00eb s\u00eb krishterimit nd\u00ebr ne\u201d, shkruan Don Fatmir\nKoliqi, n\u00eb revist\u00ebn Drita.<\/p>\n\n\n\n<p>&nbsp;&nbsp;&nbsp;&nbsp;&nbsp;&nbsp;&nbsp;&nbsp;&nbsp;&nbsp;&nbsp;&nbsp;&nbsp; Ipeshkvi i Kosov\u00ebs, Imzot Dod\u00eb Gjergji\nduke shpalosur Dekretin e Vatikanit &nbsp;&nbsp;&nbsp;&nbsp;&nbsp;&nbsp;&nbsp;&nbsp;<\/p>\n\n\n\n<p>&nbsp;&nbsp;&nbsp;&nbsp;&nbsp;&nbsp;&nbsp;&nbsp;&nbsp;&nbsp;&nbsp;&nbsp;&nbsp;&nbsp;&nbsp;&nbsp;&nbsp;&nbsp;&nbsp; &nbsp;&nbsp;&nbsp;&nbsp;&nbsp;&nbsp;&nbsp;&nbsp;&nbsp;&nbsp;&nbsp;&nbsp;&nbsp;&nbsp;&nbsp;&nbsp;n\u00eb prani edhe t\u00eb Delegatit Apostolik p\u00ebr\nKosov\u00ebn <\/p>\n\n\n\n<p>Njoftohet\nse Sekretari i Shtetit t\u00eb Vatikanit, gjat\u00eb vizit\u00ebs s\u00eb tij n\u00eb Kosov\u00eb, p\u00ebrve\u00e7\ntakimeve q\u00eb do ket\u00eb me komunitetin katolik t\u00eb Kosov\u00ebs, do t\u00eb zhvilloj\u00eb edhe\ntakime t\u00eb tjera.&nbsp; \u00cbsht\u00eb kjo nj\u00eb vizit\u00eb\nhistorike p\u00ebr shtetin e ri t\u00eb Kosov\u00ebs dhe p\u00ebr Kish\u00ebn Katolike atje, pasi \u00ebsht\u00eb\nhera e par\u00eb q\u00eb nj\u00eb zyrtar i lart\u00eb i Vatikanit, n\u00eb nivel t\u00eb Sekretarit t\u00eb\nShtetit, viziton Prishtin\u00ebn. Revista katolike Drita e cil\u00ebson vizit\u00ebn e\nSekretarit t\u00eb Shtetit t\u00eb Vatikanit, Kardinalit Palodin si, \u201cNj\u00eb akt historik i\nk\u00ebtyre viteve dhe muajve q\u00eb kan\u00eb karakterizuar realitetin e raporteve t\u00eb Kish\u00ebs\ndhe t\u00eb Vendit ton\u00eb me Selin\u00eb e Shenjt\u00eb\u201d.&nbsp;\n<\/p>\n\n\n\n<p>Pa\ndyshim se vizita e Sekretarit t\u00eb Selis\u00eb s\u00eb Shenjt\u00eb, Kardinalit Pietro Parolin\nn\u00eb Kosov\u00eb, paraqet nj\u00eb rast t\u00eb ve\u00e7ant\u00eb p\u00ebr komunitetin\nkatolik t\u00eb vendit, q\u00eb sipas revist\u00ebs Drita do t\u00eb do t\u00eb jet\u00eb edhe \u201cnj\u00eb inkurajim\np\u00ebr Kish\u00ebn lokale \u2018t\u00eb vog\u00ebl\u2019, p\u00ebr t\u00eb ecur gjithmon\u00eb n\u00eb rrug\u00ebn e besimit e t\u00eb\ndashuris\u00eb v\u00ebllaz\u00ebrore\u201d, duke \u201ckontribuar p\u00ebr t\u00eb mir\u00ebn e mbar\u00eb shoq\u00ebris\u00eb s\u00eb\nvendit si dhe p\u00ebr t\u2019u sjell\u00eb t\u00eb gjith\u00ebve af\u00ebrsin\u00eb, dashurin\u00eb dhe bekimin e\nPap\u00ebs Fran\u00e7eskut.\u201d&nbsp; Prandaj, komuniteti\nkatolik i Kosov\u00ebs e pret me g\u00ebzim e dashuri shtegtimin e Sekretarit t\u00eb Selis\u00eb\ns\u00eb Shenjt\u00eb, kardinalit Pietro Parolin, nd\u00ebrsa vendi e pret me nj\u00eb interes t\u00eb\nve\u00e7ant\u00eb. &nbsp;S\u2019ka dy dyshim se vizita e udh\u00ebheqsit\nt\u00eb lart\u00eb t\u00eb Vatikanit po t\u00ebrheq nj\u00eb interesim t\u00eb ve\u00e7ant\u00eb, jo vet\u00ebm n\u00eb radh\u00ebt e\nbesimtar\u00ebve katolik\u00eb n\u00eb Kosov\u00eb, por edhe mbar\u00eb vendit.<\/p>\n\n\n\n<p>&nbsp;&nbsp;&nbsp;&nbsp;&nbsp;&nbsp;&nbsp; &nbsp;&nbsp;&nbsp;&nbsp;&nbsp;&nbsp;&nbsp;&nbsp;&nbsp;&nbsp;&nbsp;&nbsp;&nbsp;&nbsp;&nbsp;Sekretari i Shtetit t\u00eb Vatikanit,\nKardinali Pietro Parolin <\/p>\n\n\n\n<p>&nbsp;&nbsp;&nbsp;&nbsp;&nbsp;&nbsp;&nbsp;&nbsp;&nbsp;&nbsp;&nbsp;&nbsp;&nbsp;&nbsp;&nbsp;&nbsp;&nbsp;&nbsp;&nbsp;&nbsp;&nbsp;&nbsp;&nbsp;&nbsp;&nbsp;&nbsp;&nbsp;&nbsp;&nbsp;&nbsp;&nbsp;&nbsp;&nbsp;&nbsp;&nbsp;&nbsp; do t\u00eb\nvizitoj\u00eb Kosov\u00ebn m\u00eb 9-10 qershor<\/p>\n\n\n\n<p>Nd\u00ebrkaq,\nPresidenti i Republik\u00ebs s\u00eb Shqip\u00ebris\u00eb, Z. Ilir Meta b\u00ebri nj\u00eb vizit\u00eb t\u00eb papritur\nn\u00eb selin\u00eb e dioqez\u00ebs s\u00eb Kosov\u00ebs n\u00eb Prishtin\u00eb me rastin e ngritjes s\u00eb Kish\u00ebs Katolike\nt\u00eb Kosov\u00ebs nga Administratur\u00eb Apostolike n\u00eb nivel dioqeze dhe t\u00eb em\u00ebrimit t\u00eb\nipeshkvit dioqezan, imzot Dod\u00eb Gjergjit.&nbsp;\nRadio Vatikani njoftoi se gjat\u00eb takimit me udh\u00ebheqsit e Kish\u00ebs Katolike\nn\u00eb Kosov\u00eb, Presidenti Meta p\u00ebrsh\u00ebndeti vendimin e Pap\u00ebs dhe t\u00eb Selis\u00eb s\u00eb\nShenjt\u00eb, nd\u00ebrsa vler\u00ebsoi p\u00ebrkujdesin e tij at\u00ebror p\u00ebr Kombin shqiptar.&nbsp; K\u00ebshilltari i Presidentit Meta p\u00ebr \u00e7\u00ebshtjet e\nrajonit dhe diaspor\u00ebn, Ambasadori Flamur Gashi u shpreh p\u00ebr Radio Vatikanin se\nq\u00ebllimi i vizit\u00ebs s\u00eb Presidentit t\u00eb Republik\u00ebs s\u00eb Shqip\u00ebris\u00eb , Z. Ilir Meta n\u00eb\nPrishtin\u00eb t\u00eb h\u00ebn\u00ebn ishte p\u00ebr t\u00eb, \u201cUruar p\u00ebrzem\u00ebrsisht k\u00ebt\u00eb vendim t\u00eb Selis\u00eb s\u00eb\nSh\u00ebnjt\u00eb dhe t\u00eb Papa Fran\u00e7eskut, si shenj\u00eb mir\u00ebnjohjeje p\u00ebr t\u00eb gjith\u00eb shqiptar\u00ebt,\nq\u00eb tregon Selia e Shenjt\u00eb dhe si nj\u00eb p\u00ebrkujdesje t\u00eb ve\u00e7ant\u00eb ndaj Kosov\u00ebs dhe\nndaj popullit ton\u00eb. Presidenti Meta vler\u00ebsoi lart\u00eb gjith\u00eb p\u00ebrkujdesjen, q\u00eb\nsidomos n\u00ebn drejtimin e Papa Fran\u00e7eskut, Selia e Shenjt\u00eb, p\u00ebr Shqiptar\u00ebt, t\u00eb\npaharruara jan\u00eb momentet e sh\u00ebnjt\u00ebrimit t\u00eb N\u00ebn\u00eb Terez\u00ebs, em\u00ebrimi i kardinalit\nshqiptar Ernest Troshanit, vizita e par\u00eb n\u00eb Evrop\u00eb q\u00eb b\u00ebri Papa Francesku ishte\nn\u00eb Shqip\u00ebri, lumturimi i martir\u00ebve shqiptar\u00eb, vizita n\u00eb vendlindjen e N\u00ebn\u00eb\nTerez\u00ebs n\u00eb Shkup para disa koh\u00ebsh e Papa Fran\u00e7eskut dhe s\u00eb fundmi lajmi i\ng\u00ebzuar i krijimit t\u00eb dioqez\u00ebs s\u00eb Kosov\u00ebs dhe em\u00ebrimi me kompetenca t\u00eb plota i\nipeshkvit por edhe vizita n\u00eb qershor e Sekretarit t\u00eb Shteteit t\u00eb Vatikanit,\nKardinalit Pietro Parolini. Pra, Presidenti Meta ishte i entuziazmuar dhe tep\u00ebr\ni g\u00ebzuar p\u00ebr k\u00ebto q\u00eb po ndodhin n\u00eb raportet e shqiptar\u00ebve, n\u00eb p\u00ebrgjith\u00ebsi, me\nSelin\u00eb e Sh\u00ebnjt\u00eb n\u00ebn drejtimin e Papa Franceskut\u201d, tha p\u00ebr Radio Vatikanin n\u00eb\ngjuh\u00ebn shqip, K\u00ebshilltari i Presidentit Meta p\u00ebr \u00e7\u00ebshtjet e rajonit dhe p\u00ebr diaspor\u00ebn,\nAmbasadori Flamur Gashi. <\/p>\n\n\n\n<p>Vendimi\ni Papa Fran\u00e7eskut p\u00ebr t\u00eb themeluar Dioqez\u00ebn Prizren \u2013 Prishtin\u00eb, em\u00ebrimi i\nShk\u00eblqesis\u00eb s\u00eb Tij Imzot Dod\u00eb Gjergjin, si Ipeshkvin e saj t\u00eb par\u00eb dhe vizita,\nmuajin q\u00eb vjen, me 9-10 qershor n\u00eb Kosov\u00eb e Sekretarit t\u00eb Shtetit t\u00eb Vatikanit,\nPietro Parolin, jan\u00eb n\u00eb vetvete ngjarje me r\u00ebnd\u00ebsi n\u00eb vazhdim\u00ebsin\u00eb historike t\u00eb\nmarr\u00ebdh\u00ebnieve midis Prishtin\u00ebs dhe Vatikanit, n\u00eb ve\u00e7anti, dhe midis Vatikanit\ndhe Kombit Shqiptar n\u00eb p\u00ebrgjith\u00ebsi. &nbsp;Hapi\ni natyr\u00ebsh\u00ebm dhe i doemosdosh\u00ebm tani, p\u00ebr \u00e7imentimin e k\u00ebtyre lidhjeve\nshekullore, \u00ebsht\u00eb pa dyshim ngjarja madhore p\u00ebrfundimtare q\u00eb t\u00eb gjith\u00eb\nshqiptar\u00ebt kudo presim me pa durim pa dallim feje a krahine n\u00eb marr\u00ebdh\u00ebniet\nmidis dy shteteve <strong>\u2013 njohja pra zyrtare\ndiplomatike e Republik\u00ebs s\u00eb Kosov\u00ebs nga ana e Vatikanit, si shtet i pavarur dhe\nsovran dhe shk\u00ebmbimi i ambasador\u00ebve midis dy pal\u00ebve. &nbsp;<\/strong><\/p>\n\n\n\n<p>Frank\nShkreli<\/p>\n","protected":false},"excerpt":{"rendered":"<p>Nga Frank Shkreli Marr\u00ebdh\u00ebniet midis Vatikanit dhe Kish\u00ebs Katolike Shqiptare jan\u00eb aq t\u00eb vjetra sa \u00ebsht\u00eb edhe vet historia e Kish\u00ebs Katolike Universale. Si\u00e7 \u00ebsht\u00eb shprehur vet Sh\u00ebn Pali: \u201cK\u00ebshtu, prej Jeruzalemit e deri n\u00eb Iliri e kam kryer plot\u00ebsisht detyr\u00ebn time\u2026.\u201d.&nbsp; K\u00ebto marr\u00ebdh\u00ebnie, historikisht, kan\u00eb pasur t\u00eb b\u00ebjn\u00eb n\u00eb ve\u00e7anti edhe me Dardanin\u00eb e [&hellip;]<\/p>\n","protected":false},"author":1,"featured_media":13355,"comment_status":"open","ping_status":"open","sticky":false,"template":"","format":"standard","meta":{"_seopress_robots_primary_cat":"","_seopress_titles_title":"","_seopress_titles_desc":"","_seopress_robots_index":"","footnotes":""},"categories":[2,12],"tags":[],"class_list":["post-22712","post","type-post","status-publish","format-standard","has-post-thumbnail","hentry","category-aktualitet","category-opinione"],"_links":{"self":[{"href":"https:\/\/ulqini-online.com\/sajti\/index.php?rest_route=\/wp\/v2\/posts\/22712","targetHints":{"allow":["GET"]}}],"collection":[{"href":"https:\/\/ulqini-online.com\/sajti\/index.php?rest_route=\/wp\/v2\/posts"}],"about":[{"href":"https:\/\/ulqini-online.com\/sajti\/index.php?rest_route=\/wp\/v2\/types\/post"}],"author":[{"embeddable":true,"href":"https:\/\/ulqini-online.com\/sajti\/index.php?rest_route=\/wp\/v2\/users\/1"}],"replies":[{"embeddable":true,"href":"https:\/\/ulqini-online.com\/sajti\/index.php?rest_route=%2Fwp%2Fv2%2Fcomments&post=22712"}],"version-history":[{"count":1,"href":"https:\/\/ulqini-online.com\/sajti\/index.php?rest_route=\/wp\/v2\/posts\/22712\/revisions"}],"predecessor-version":[{"id":22713,"href":"https:\/\/ulqini-online.com\/sajti\/index.php?rest_route=\/wp\/v2\/posts\/22712\/revisions\/22713"}],"wp:featuredmedia":[{"embeddable":true,"href":"https:\/\/ulqini-online.com\/sajti\/index.php?rest_route=\/wp\/v2\/media\/13355"}],"wp:attachment":[{"href":"https:\/\/ulqini-online.com\/sajti\/index.php?rest_route=%2Fwp%2Fv2%2Fmedia&parent=22712"}],"wp:term":[{"taxonomy":"category","embeddable":true,"href":"https:\/\/ulqini-online.com\/sajti\/index.php?rest_route=%2Fwp%2Fv2%2Fcategories&post=22712"},{"taxonomy":"post_tag","embeddable":true,"href":"https:\/\/ulqini-online.com\/sajti\/index.php?rest_route=%2Fwp%2Fv2%2Ftags&post=22712"}],"curies":[{"name":"wp","href":"https:\/\/api.w.org\/{rel}","templated":true}]}}