{"id":22617,"date":"2019-05-14T11:20:00","date_gmt":"2019-05-14T09:20:00","guid":{"rendered":"http:\/\/ulqini-online.com\/sajti\/?p=22617"},"modified":"2019-05-14T11:36:04","modified_gmt":"2019-05-14T09:36:04","slug":"pervojat-e-buxhetimit-participativ-trajnim-per-organizatat-e-sektorit-civil","status":"publish","type":"post","link":"https:\/\/ulqini-online.com\/sajti\/?p=22617","title":{"rendered":"&#8220;P\u00ebrvojat e buxhetimit participativ&#8221; &#8211; TRAJNIM P\u00cbR ORGANIZATAT E SEKTORIT CIVIL"},"content":{"rendered":"\n<p><br><\/p>\n\n\n\n<div class=\"wp-block-image\"><figure class=\"aligncenter\"><img loading=\"lazy\" decoding=\"async\" width=\"315\" height=\"354\" src=\"https:\/\/ulqini-online.com\/sajti\/wp-content\/uploads\/2019\/05\/UBA-ulqin-biznis-asociacioni.jpg\" alt=\"\" class=\"wp-image-22618\" srcset=\"https:\/\/ulqini-online.com\/sajti\/wp-content\/uploads\/2019\/05\/UBA-ulqin-biznis-asociacioni.jpg 315w, https:\/\/ulqini-online.com\/sajti\/wp-content\/uploads\/2019\/05\/UBA-ulqin-biznis-asociacioni-267x300.jpg 267w\" sizes=\"auto, (max-width: 315px) 100vw, 315px\" \/><\/figure><\/div>\n\n\n\n<p><br><\/p>\n\n\n\n<p>Agjensioni p\u00ebr zhvillim rajonal \u2013 Ulqin Biznes\nAsociacioni (RDA &#8211; UBA) organizon tajnim 2 \u2013 ditor\u00eb me tem\u00eb \u201e<strong>P\u00ebrvojat e\nbuxhetimit participativ<\/strong>\u201c, t\u00eb m\u00ebrkuren dhe t\u00eb enjten, me 15. dhe 16. maj t\u00eb\nvitit 2019. Trajnimi do t\u00eb mbahet n\u00eb hotelin \u201eMontefilla\u201c, Bulevari Teuta\n(Gjerane 8).<\/p>\n\n\n\n<p>Q\u00ebllimi i trajnimit \u00ebsht\u00eb p\u00ebrforcimi i kapaciteteve\nt\u00eb p\u00ebrfaq\u00ebsuesve t\u00eb shoq\u00ebrive civile nga Ulqini dhe komunave t\u00eb tjera n\u00eb Mal t\u00eb\nZi n\u00eb lidhje me proceset e buxhetimit dhe monitorimit t\u00eb konsumit t\u00eb fondeve\npublike. Trajnimi do t\u00eb organizohet nga Suzana Jasiq, politologe e diplomuar e\ncila ka qen\u00eb aktive p\u00ebr m\u00eb shum\u00eb se 20 vite n\u00eb shoq\u00ebrin\u00eb civile dhe proceset demokratike.\nAjo do t\u00eb paraqes p\u00ebrvojat e saja n\u00eb procesin e par\u00eb t\u00eb buxhetimit participativ\nn\u00eb Kroaci. Ky event do t\u00eb jet\u00eb gjithashtu nj\u00eb rast p\u00ebr shk\u00ebmbimin e p\u00ebrvojave\nmes pjes\u00ebmarr\u00ebsve n\u00eb nivel lokal.<\/p>\n\n\n\n<p>Me k\u00ebt\u00eb rast ju ftojm\u00eb mediakisht q\u00eb t\u00eb\nndiqni k\u00ebt\u00eb event. Agjenda e ngjarjes \u00ebsht\u00eb e bashkangjitur.<\/p>\n\n\n\n<p>Trajnimi \u00ebsht\u00eb pjes\u00eb e projektit\n&#8220;Shoq\u00ebria civile e Ulqinit monitoron shpenzimet publike&#8221;, q\u00eb ka\nfilluar t\u00eb realizohet nga janari dhe zgjat deri n\u00eb maj 2019. P\u00ebrmes k\u00ebtij\nprojekti po b\u00ebhen p\u00ebrpjekje p\u00ebr t\u00eb forcuar kapacitetin e organizatave p\u00ebr t\u00eb\nmarr\u00eb pjes\u00eb n\u00eb m\u00ebnyr\u00eb adekuate n\u00eb monitorimin e fondeve publike. P\u00ebrmes\nprojektit, po kryhet transparenca e nj\u00ebsive shpenzuese t\u00eb konsumator\u00ebve t\u00eb\nKomun\u00ebs s\u00eb Ulqinit, e cila do t\u00eb paraqitet p\u00ebrmes raportit n\u00eb periudh\u00ebn e\nardhshme.<\/p>\n\n\n\n<p>Projekti &#8220;Shoq\u00ebria Civile e Ulqinit\nmonitoron shpenzimet publike&#8221; mb\u00ebshtetet p\u00ebrmes projektit &#8220;Money Wach\n&#8211; Shoq\u00ebria Civile, ruajt\u00ebs i buxhetit&#8221;, q\u00eb realizohet nga Instituti\nAlternativa me seli n\u00eb Podoric\u00eb, Instituti p\u00ebr Financat Publike nga Zagrebi dhe\nOJQ Horizonti i ri nga Ulqini dhe \u00ebsht\u00eb financuar nga Bashkimi Evropian p\u00ebrmes\nInstrumentit p\u00ebr Shoq\u00ebrit\u00eb Civile dhe bashk\u00ebfinancuar nga Ministria e\nAdministrat\u00ebs Publike t\u00eb Malit t\u00eb Zi.<\/p>\n\n\n\n<p>Me respekt,<\/p>\n\n\n\n<p>Elvir Ze\u00e7eviq <\/p>\n\n\n\n<p>Agjensioni p\u00ebr zhvillim rajonal \u2013 Ulqin Biznes Asociacioni (RDA &#8211; UBA)<\/p>\n\n\n\n<p><\/p>\n\n\n\n<p><strong>TRENING\nZA ORGANIZACIJE CIVILNOG DRU\u0160TVA<\/strong><\/p>\n\n\n\n<p><strong>\u201eIskustva\nparticipativnog bud\u017eetiranja\u201c<\/strong><\/p>\n\n\n\n<p>Mjesto\nodr\u017eavanja: <em>hotel Montefila, \u0110erane 8,\nUlcinj<\/em><\/p>\n\n\n\n<table class=\"wp-block-table\"><tbody><tr><td>\n  <strong><em>&nbsp;<\/em><\/strong>\n  <\/td><td>\n  <strong><em>15.05.2019. srijeda <\/em><\/strong>\n  <strong><em>&nbsp;<\/em><\/strong>\n  <\/td><td>\n  <strong><em>&nbsp;<\/em><\/strong>\n  <\/td><\/tr><tr><td>\n  <strong><em>10:00 \u2013 10:30<\/em><\/strong>\n  <\/td><td>\n  <strong><em>Dolazak u\u010desnka <\/em><\/strong>\n  <\/td><td>\n  <strong><em>&nbsp;<\/em><\/strong>\n  <\/td><\/tr><tr><td>\n  <strong>10:30 \u2013 10:45 <\/strong>\n  <\/td><td>\n  <strong>Uvodno izlaganje<\/strong>\n  <\/td><td>\n  <strong>Elvir Ze\u010devi\u0107, <\/strong>koordinator\n  projekta \u201eCivilno dru\u0161tvo Ulcinja prati javnu potro\u0161nju\u201c\n  RDA &#8211; Ulcinj\n  Biznis Asocijacija \n  <strong>&nbsp;<\/strong>\n  <\/td><\/tr><tr><td>\n  <strong>10:45 \u2013 11.00<\/strong>\n  <\/td><td>\n  <strong>Prezentacija projekta <\/strong>\n  <\/td><td>\n  <strong>Elvir Ze\u010devi\u0107, <\/strong>koordinator\n  projekta \u201eCivilno dru\u0161tvo Ulcinja prati javnu potro\u0161nju\u201c\n  RDA &#8211; Ulcinj\n  Biznis Asocijacija \n  <strong>&nbsp;<\/strong>\n  <\/td><\/tr><tr><td>\n  <strong>11:00 \u2013 11:20 <\/strong>\n  <\/td><td>\n  <strong>Uvod <\/strong>\n  <\/td><td>\n  <strong>Suzana Jasi\u0107, stru\u010dnjak za civilno\n  dru\u0161tvo i demokratske procese<\/strong>\n  <strong>&nbsp;<\/strong>\n  <\/td><\/tr><tr><td>\n  <strong>11:20 \u2013 13:00<\/strong>\n  <\/td><td>\n  <strong>Participativno bud\u017eetiranje, pojava,\n  pojam, svjetska iskustva <\/strong>\n  <strong>&nbsp;<\/strong>\n  <\/td><td>\n  <strong>Suzana Jasi\u0107, stru\u010dnjak za civilno\n  dru\u0161tvo i demokratske procese<\/strong>\n  <\/td><\/tr><tr><td>\n  <strong>13:00 \u2013 14:00 <\/strong>\n  <\/td><td>\n  <strong><em>Pauza za ru\u010dak<\/em><\/strong>\n  <\/td><td>\n  <strong>&nbsp;<\/strong>\n  <\/td><\/tr><tr><td>\n  <strong>14:00 \u2013 15:30 <\/strong>\n  <\/td><td>\n  <strong>Participativno bud\u017eetiranje,\n  iskustva u regiji, diskusija <\/strong>\n  <strong>&nbsp;<\/strong>\n  <\/td><td>\n  <strong>Suzana Jasi\u0107, stru\u010dnjak za civilno\n  dru\u0161tvo i demokratske procese<\/strong>\n  <\/td><\/tr><tr><td>\n  <strong>15:30 \u2013 17:00<\/strong>\n  <\/td><td>\n  <strong>\u201ePazi(n), prora\u010dun!\u201c I.dio,\n  predstavljanje prvog participativnog bud\u017eetiranja u Hrvatskoj <\/strong>\n  <strong>&nbsp;<\/strong>\n  <\/td><td>\n  <strong>Suzana Jasi\u0107, stru\u010dnjak za civilno\n  dru\u0161tvo i demokratske procese<\/strong>\n  <\/td><\/tr><\/tbody><\/table>\n\n\n\n<table class=\"wp-block-table\"><tbody><tr><td>\n  <strong><em>&nbsp;<\/em><\/strong>\n  <\/td><td>\n  <strong><em>16.05.2019. \u010detvrtak<\/em><\/strong>\n  <strong><em>&nbsp;<\/em><\/strong>\n  <\/td><td>\n  <strong><em>&nbsp;<\/em><\/strong>\n  <\/td><\/tr><tr><td>\n  <strong>09:00 \u2013 10:00 <\/strong>\n  <\/td><td>\n  <strong>\u201ePazi(n), prora\u010dun!\u201c II dio,\n  predstavljanje prvog participativnog bud\u017eetiranja u Hrvatskoj <\/strong>\n  <strong>&nbsp;<\/strong>\n  <\/td><td>\n  <strong>Suzana Jasi\u0107, stru\u010dnjak za civilno\n  dru\u0161tvo i demokratske procese<\/strong>\n  <\/td><\/tr><tr><td>\n  <strong>10:00 \u2013 10:30 <\/strong>\n  <\/td><td>\n  <strong>Rasprava i zaklju\u010dak <\/strong>\n  <\/td><td>\n  <strong>Suzana Jasi\u0107, stru\u010dnjak za civilno\n  dru\u0161tvo i demokratske procese<\/strong>\n  <strong>&nbsp;<\/strong>\n  <\/td><\/tr><tr><td>\n  <strong><em>10:30 \u2013 11:00 <\/em><\/strong>\n  <\/td><td>\n  <strong><em>Pauza za kafu<\/em><\/strong>\n  <\/td><td>\n  <strong><em>&nbsp;<\/em><\/strong>\n  <\/td><\/tr><tr><td>\n  <strong>11:00 \u2013 13:00 <\/strong>\n  <\/td><td>\n  <strong>Razmjena iskustva me\u0111u u\u010desnicima <\/strong>\n  <strong>&nbsp;<\/strong>\n  <\/td><td>\n  <strong>Azra Vukovi\u0107, facilitator <\/strong>\n  <\/td><\/tr><tr><td>\n  <strong><em>13:00 \u2013 14:00 <\/em><\/strong>\n  <\/td><td>\n  <strong><em>Pauza za ru\u010dak <\/em><\/strong>\n  <\/td><td>\n  <strong><em>&nbsp;<\/em><\/strong>\n  <\/td><\/tr><tr><td>\n  <strong><em>&nbsp;<\/em><\/strong>\n  <\/td><td>\n  <strong><em>Odlazak u\u010desnika <\/em><\/strong>\n  <\/td><td>\n  <strong><em>&nbsp;<\/em><\/strong>\n  <\/td><\/tr><\/tbody><\/table>\n","protected":false},"excerpt":{"rendered":"<p>Agjensioni p\u00ebr zhvillim rajonal \u2013 Ulqin Biznes Asociacioni (RDA &#8211; UBA) organizon tajnim 2 \u2013 ditor\u00eb me tem\u00eb \u201eP\u00ebrvojat e buxhetimit participativ\u201c, t\u00eb m\u00ebrkuren dhe t\u00eb enjten, me 15. dhe 16. maj t\u00eb vitit 2019. Trajnimi do t\u00eb mbahet n\u00eb hotelin \u201eMontefilla\u201c, Bulevari Teuta (Gjerane 8). Q\u00ebllimi i trajnimit \u00ebsht\u00eb p\u00ebrforcimi i kapaciteteve t\u00eb p\u00ebrfaq\u00ebsuesve [&hellip;]<\/p>\n","protected":false},"author":1,"featured_media":22618,"comment_status":"open","ping_status":"open","sticky":false,"template":"","format":"standard","meta":{"_seopress_robots_primary_cat":"","_seopress_titles_title":"","_seopress_titles_desc":"","_seopress_robots_index":"","footnotes":""},"categories":[2,4],"tags":[1952,1951,2354],"class_list":["post-22617","post","type-post","status-publish","format-standard","has-post-thumbnail","hentry","category-aktualitet","category-kronike","tag-elvir-zeceviq","tag-uba","tag-ulqin-biznis-asociacioni"],"_links":{"self":[{"href":"https:\/\/ulqini-online.com\/sajti\/index.php?rest_route=\/wp\/v2\/posts\/22617","targetHints":{"allow":["GET"]}}],"collection":[{"href":"https:\/\/ulqini-online.com\/sajti\/index.php?rest_route=\/wp\/v2\/posts"}],"about":[{"href":"https:\/\/ulqini-online.com\/sajti\/index.php?rest_route=\/wp\/v2\/types\/post"}],"author":[{"embeddable":true,"href":"https:\/\/ulqini-online.com\/sajti\/index.php?rest_route=\/wp\/v2\/users\/1"}],"replies":[{"embeddable":true,"href":"https:\/\/ulqini-online.com\/sajti\/index.php?rest_route=%2Fwp%2Fv2%2Fcomments&post=22617"}],"version-history":[{"count":1,"href":"https:\/\/ulqini-online.com\/sajti\/index.php?rest_route=\/wp\/v2\/posts\/22617\/revisions"}],"predecessor-version":[{"id":22619,"href":"https:\/\/ulqini-online.com\/sajti\/index.php?rest_route=\/wp\/v2\/posts\/22617\/revisions\/22619"}],"wp:featuredmedia":[{"embeddable":true,"href":"https:\/\/ulqini-online.com\/sajti\/index.php?rest_route=\/wp\/v2\/media\/22618"}],"wp:attachment":[{"href":"https:\/\/ulqini-online.com\/sajti\/index.php?rest_route=%2Fwp%2Fv2%2Fmedia&parent=22617"}],"wp:term":[{"taxonomy":"category","embeddable":true,"href":"https:\/\/ulqini-online.com\/sajti\/index.php?rest_route=%2Fwp%2Fv2%2Fcategories&post=22617"},{"taxonomy":"post_tag","embeddable":true,"href":"https:\/\/ulqini-online.com\/sajti\/index.php?rest_route=%2Fwp%2Fv2%2Ftags&post=22617"}],"curies":[{"name":"wp","href":"https:\/\/api.w.org\/{rel}","templated":true}]}}