{"id":22456,"date":"2019-04-26T12:24:38","date_gmt":"2019-04-26T10:24:38","guid":{"rendered":"http:\/\/ulqini-online.com\/sajti\/?p=22456"},"modified":"2019-04-26T12:24:38","modified_gmt":"2019-04-26T10:24:38","slug":"forca-e-re-demokratike-uron-per-pashket-ortodokse","status":"publish","type":"post","link":"https:\/\/ulqini-online.com\/sajti\/?p=22456","title":{"rendered":"FORCA E RE DEMOKRATIKE URON P\u00cbR  PASHK\u00cbT ORTODOKSE"},"content":{"rendered":"\n<div class=\"wp-block-image\"><figure class=\"aligncenter is-resized\"><img loading=\"lazy\" decoding=\"async\" src=\"https:\/\/ulqini-online.com\/sajti\/wp-content\/uploads\/2016\/03\/Festa-e-pashkeve.jpg\" alt=\"\" class=\"wp-image-8310\" width=\"534\" height=\"333\" srcset=\"https:\/\/ulqini-online.com\/sajti\/wp-content\/uploads\/2016\/03\/Festa-e-pashkeve.jpg 350w, https:\/\/ulqini-online.com\/sajti\/wp-content\/uploads\/2016\/03\/Festa-e-pashkeve-300x187.jpg 300w\" sizes=\"auto, (max-width: 534px) 100vw, 534px\" \/><\/figure><\/div>\n\n\n\n<p>Me rastin e fest\u00ebs s\u00eb madhe t\u00eb Pashk\u00ebve, n\u00eb em\u00ebr tim personal dhe n\u00eb em\u00ebr t\u00eb Forc\u00ebs s\u00eb Re Demokratike, t\u00eb gjth\u00eb besimtar\u00ebve t\u00eb konfesionit ortodoks , uroj k\u00ebt\u00eb fest\u00eb t\u00eb shenjt\u00eb me d\u00ebshire q\u00eb k\u00ebto dit\u00eb festive ti kaloni n\u00eb paq\u00eb, harmoni dhe g\u00ebzime, k\u00ebshtu thuhet n\u00eb urimin q\u00eb d\u00ebrgon kryetari i k\u00ebtij subjekti politik Nazif Cungu.<\/p>\n\n\n\n<p> Uroj  q\u00eb Festa e Pashk\u00ebve Juve dhe  familjar\u00ebve tuaj t\u00eb ju sjell\u00eb fat\u00eb dhe mbar\u00ebsi.<\/p>\n\n\n\n<p>G\u00ebzuar!, p\u00ebrfundon urimi i z. Cungu.<\/p>\n\n\n\n<p><\/p>\n","protected":false},"excerpt":{"rendered":"<p>Me rastin e fest\u00ebs s\u00eb madhe t\u00eb Pashk\u00ebve, n\u00eb em\u00ebr tim personal dhe n\u00eb em\u00ebr t\u00eb Forc\u00ebs s\u00eb Re Demokratike, t\u00eb gjth\u00eb besimtar\u00ebve t\u00eb konfesionit ortodoks , uroj k\u00ebt\u00eb fest\u00eb t\u00eb shenjt\u00eb me d\u00ebshire q\u00eb k\u00ebto dit\u00eb festive ti kaloni n\u00eb paq\u00eb, harmoni dhe g\u00ebzime, k\u00ebshtu thuhet n\u00eb urimin q\u00eb d\u00ebrgon kryetari i k\u00ebtij subjekti [&hellip;]<\/p>\n","protected":false},"author":1,"featured_media":8310,"comment_status":"open","ping_status":"open","sticky":false,"template":"","format":"standard","meta":{"_seopress_robots_primary_cat":"","_seopress_titles_title":"","_seopress_titles_desc":"","_seopress_robots_index":"","footnotes":""},"categories":[2,3],"tags":[833,47,1767],"class_list":["post-22456","post","type-post","status-publish","format-standard","has-post-thumbnail","hentry","category-aktualitet","category-politike","tag-forca-e-re-demokratike","tag-nazif-cungu","tag-pashket"],"_links":{"self":[{"href":"https:\/\/ulqini-online.com\/sajti\/index.php?rest_route=\/wp\/v2\/posts\/22456","targetHints":{"allow":["GET"]}}],"collection":[{"href":"https:\/\/ulqini-online.com\/sajti\/index.php?rest_route=\/wp\/v2\/posts"}],"about":[{"href":"https:\/\/ulqini-online.com\/sajti\/index.php?rest_route=\/wp\/v2\/types\/post"}],"author":[{"embeddable":true,"href":"https:\/\/ulqini-online.com\/sajti\/index.php?rest_route=\/wp\/v2\/users\/1"}],"replies":[{"embeddable":true,"href":"https:\/\/ulqini-online.com\/sajti\/index.php?rest_route=%2Fwp%2Fv2%2Fcomments&post=22456"}],"version-history":[{"count":1,"href":"https:\/\/ulqini-online.com\/sajti\/index.php?rest_route=\/wp\/v2\/posts\/22456\/revisions"}],"predecessor-version":[{"id":22457,"href":"https:\/\/ulqini-online.com\/sajti\/index.php?rest_route=\/wp\/v2\/posts\/22456\/revisions\/22457"}],"wp:featuredmedia":[{"embeddable":true,"href":"https:\/\/ulqini-online.com\/sajti\/index.php?rest_route=\/wp\/v2\/media\/8310"}],"wp:attachment":[{"href":"https:\/\/ulqini-online.com\/sajti\/index.php?rest_route=%2Fwp%2Fv2%2Fmedia&parent=22456"}],"wp:term":[{"taxonomy":"category","embeddable":true,"href":"https:\/\/ulqini-online.com\/sajti\/index.php?rest_route=%2Fwp%2Fv2%2Fcategories&post=22456"},{"taxonomy":"post_tag","embeddable":true,"href":"https:\/\/ulqini-online.com\/sajti\/index.php?rest_route=%2Fwp%2Fv2%2Ftags&post=22456"}],"curies":[{"name":"wp","href":"https:\/\/api.w.org\/{rel}","templated":true}]}}