{"id":22215,"date":"2019-04-01T12:48:17","date_gmt":"2019-04-01T10:48:17","guid":{"rendered":"http:\/\/ulqini-online.com\/sajti\/?p=22215"},"modified":"2019-04-01T12:48:17","modified_gmt":"2019-04-01T10:48:17","slug":"femijet-shqiptare-nga-anet-tona-shkelqejne-ne-skenen-e-festivalit-nderkombetar-te-shkollave-ne-nju-jork-video","status":"publish","type":"post","link":"https:\/\/ulqini-online.com\/sajti\/?p=22215","title":{"rendered":"F\u00ebmij\u00ebt shqiptar\u00eb nga an\u00ebt tona shk\u00eblqejn\u00eb n\u00eb sken\u00ebn e Festivalit  Nd\u00ebrkomb\u00ebtar t\u00eb shkollave n\u00eb Nju Jork (video)"},"content":{"rendered":"\n<p> <\/p>\n\n\n\n<div class=\"wp-block-image\"><figure class=\"aligncenter is-resized\"><img loading=\"lazy\" decoding=\"async\" src=\"https:\/\/ulqini-online.com\/sajti\/wp-content\/uploads\/2019\/04\/femijet-shqiptar-nju-jork-festival.jpg\" alt=\"\" class=\"wp-image-22216\" width=\"596\" height=\"308\" srcset=\"https:\/\/ulqini-online.com\/sajti\/wp-content\/uploads\/2019\/04\/femijet-shqiptar-nju-jork-festival.jpg 724w, https:\/\/ulqini-online.com\/sajti\/wp-content\/uploads\/2019\/04\/femijet-shqiptar-nju-jork-festival-300x155.jpg 300w\" sizes=\"auto, (max-width: 596px) 100vw, 596px\" \/><\/figure><\/div>\n\n\n\n<p>Nga Beqir SINA &#8211; Staten Island NYC <br><br> STATEN ISLAND, N.Y.C.( INA 29 Mars 2019)\u00a0 &#8211; Shkolla  e Mesme \u201cNew Drop\u201d n\u00eb ishullin njujorkez Staten Island n\u00eb Nju Jork, t\u00eb premten  n\u00eb mbr\u00ebmje mbajti Festivalin e 3 Nd\u00ebrkomb\u00ebtar t\u00eb Shkoll\u00ebs s\u00eb Mesme . Rreth, nj\u00eb  mij\u00eb spektator (m\u00ebsimdh\u00ebn\u00ebs, kordinator, prind\u00ebr, f\u00ebmij\u00eb dhe nx\u00ebn\u00ebs t\u00eb k\u00ebsaj  shkolle,) p\u00ebr m\u00eb shum\u00eb se dy or\u00eb ndoq\u00ebn nga skena e festivalit &#8211;  shum\u00ebllojshm\u00ebrin\u00eb multi-kulturore k\u00ebt\u00eb fundjav\u00eb, t\u00eb nj\u00eb festivali nd\u00ebrkomb\u00ebtar,  q\u00eb nderoi frym\u00ebn multikulturore t\u00eb t\u00eb gjitha komuniteteve, n\u00eb qytetin Staten  Island NY. <\/p>\n\n\n\n<p> Festivali, i cili kishte vitin e 3t\u00eb t\u00eb tij, dhe,  \u00ebsht\u00eb padyshim aktiviteti m\u00eb i madh kulturor i k\u00ebsaj shkolle, ku m\u00eb shum\u00eb se 200  student\u00eb t\u00eb k\u00ebsaj shkolle, dol\u00ebn n\u00eb sk\u00ebnen\u00eb e festivalit, t\u00eb veshur me kostume  me t\u00eb gjitha ngjyrat e bukura t\u00eb kostumeve folklorike t\u00eb vendeve t\u00eb tyre, duke ,  k\u00ebnduar, vall\u00ebzuar dhe interpretuar melodit\u00eb\u00a0 popullore, p\u00ebr t\u00eb promovuar  trash\u00ebgimin\u00eb e tyre. <\/p>\n\n\n\n<p> Duke p\u00ebrsh\u00ebndetur dhe hapur k\u00ebt\u00eb festival,  Drejtorja e Shkoll\u00ebs s\u00eb Mesme \u201cNew Dorp &#8211; High School\u201d, Principal Deirde  Deangelis, tregoj\u00eb se sa krenar jan\u00eb k\u00ebta f\u00ebmij\u00eb p\u00ebr t\u00eb trash\u00ebgimn\u00eb e tyre, t\u00eb  cil\u00ebt tha ajo vijn\u00eb nga cdo skaj i bot\u00ebs : &#8220;Disa grupe t\u00eb k\u00ebtyre student\u00ebve  fillojn\u00eb t\u00eb planifikojn\u00eb dhe mezi presin q\u00eb t\u00eb vij\u00eb festivali dhe t\u00eb luajn\u00eb  vallet e tyre n\u00eb k\u00ebt\u00eb sken\u00eb. Ata vet me prinderit e tyre kujdesen aq shum\u00eb p\u00ebr  kultur\u00ebn, dhe tradit\u00ebn e tyre, duke treguar nj\u00eb krenari dhe dashuri t\u00eb madhe,  p\u00ebr kete vend SHBA, dhe per vendin e tyre&#8221;, tha Deangelis. <\/p>\n\n\n\n<p> Duke folur p\u00ebr festivalin e tret\u00eb, ajo tha se &#8220;Edhe  k\u00ebt\u00eb vit, kemi mbi 20 grupe q\u00eb luajn\u00eb dhe p\u00ebrfaq\u00ebsojn\u00eb mbi 20 kultura kryq e  t\u00ebrthor globit. Ku secili prej tyre jan\u00eb shum\u00eb t\u00eb ngaz\u00ebllyer p\u00ebr t\u00eb ndar\u00eb, me ne  n\u00eb k\u00ebt\u00eb festival ate kultur\u00ebn e tyre p\u00ebrmes performanc\u00ebs s\u00eb tyre, &#8221; ndersa shtoi  se\u00a0 : &#8220;Un\u00eb jam shum\u00eb e nderuar dhe krenare me ju t\u00eb gjith\u00eb, t&#8217;ju uroj  mir\u00ebseardhjen t\u00eb gjith\u00ebve sot n\u00eb k\u00ebt\u00eb festival nd\u00ebrkomb\u00ebtar. Faleminderit t\u00eb  gjith\u00eb ju prind\u00ebrve dhe nx\u00ebn\u00ebsve q\u00eb erdh\u00ebt k\u00ebt\u00eb pasdite t\u00eb till\u00eb,\u00a0 p\u00ebr t\u00eb  festuar s\u00eb bashku trashegmnin multi-kulturore&#8221;, tha Deangelis.<\/p>\n\n\n\n<p> Nd\u00ebrsa, nj\u00eb faleminderim t\u00eb vecant\u00eb ajo ua adresoj\u00eb  t\u00eb gjith\u00ebve atyre q\u00eb b\u00ebjn\u00eb t\u00eb mundur k\u00ebt\u00eb festival kaq t\u00eb bukur : &#8220;Fal\u00eb gjith\u00eb  atyre q\u00eb e b\u00ebn\u00eb t\u00eb mundur k\u00ebt\u00eb, festival multi kulturor,\u00a0 student\u00ebt,  k\u00ebshilltar\u00ebt e grupeve dhe m\u00ebsuesit dhe sidomos koordinatorit t\u00eb aktiviteteve  kulturore studentore n\u00eb k\u00ebt\u00eb shkoll\u00eb, jo vet\u00ebm ky festival por edhe k\u00ebto  aktivitete kulturore nuk mund t\u00eb ndodhin&#8221;, tha drejtorja e Shkoll\u00ebs s\u00eb Mesme  \u201cNew Dorp &#8211; High School\u201d, Principal Deirde Deangelis, duke u uruar sukses t\u00eb  gjith\u00eb grupeve pjes\u00ebmarr\u00ebse. <br> &#8220;S\u00eb bashku ne mund t\u00eb festojm\u00eb kultur\u00ebn ton\u00eb  multi-kulturore dhe t\u00eb m\u00ebsojm\u00eb shume\u00a0 nga nj\u00ebri-tjetri. Kjo nuk \u00ebsht\u00eb vet\u00ebm p\u00ebr  t\u00eb festuar rr\u00ebnj\u00ebt ketyre femijeve, por edhe p\u00ebr pjes\u00ebmarrje n\u00eb kulturat e  nj\u00ebri-tjetrit. Dhe, kjo \u00ebsht\u00eb ajo q\u00eb na b\u00ebn ne te gjithve ne kete vend nj\u00eb komb  t\u00eb mahnitsh\u00ebm\u201d , tha kordinatorja e k\u00ebtij festivali, per gazeten tone, duke v\u00ebn\u00eb  n\u00eb dukje se \u201cnj\u00eb ngjarje si kjo ndihmon shoq\u00ebrin\u00eb t\u00eb festoj\u00eb idealin e  &#8220;respektit p\u00ebr t\u00eb gjith\u00eb&#8221;.\u00a0 <\/p>\n\n\n\n<p> &#8220;Misioni i shkoll\u00ebs  s\u00eb mesme \u201c New Dorp &#8211; High School\u201d , \u00ebsht\u00eb t\u00eb zhvilloj\u00eb nx\u00ebn\u00ebs t\u00eb angazhuar, me  mendje t\u00eb hapur dhe reflektuese, t\u00eb cil\u00ebt marrin p\u00ebrgjegj\u00ebsin\u00eb p\u00ebr m\u00ebsimin e  tyre dhe vler\u00ebsojn\u00eb diversitetin e komunitetit ton\u00eb, gjuhesor e kulturor&#8221;, tha  ajo. <\/p>\n\n\n\n<p> Almira Duka, m\u00ebsimdh\u00ebn\u00ebse e k\u00ebsaj shkolle s\u00eb bashku  me Suada Halilin, t\u00eb cilat jan\u00eb edhe k\u00ebshilltare t\u00eb grupit t\u00eb vall\u00ebzimit p\u00ebr  klubin shqiptar n\u00eb k\u00ebt\u00eb shkoll\u00eb t\u00eb mesme, vuri n\u00eb dukje: <br> &#8220;Un\u00eb kam qen\u00eb k\u00ebshilltare s\u00eb bashku me Suad\u00ebn p\u00ebr  tre vjet, dhe p\u00ebr \u00e7do vejt kemi dal\u00eb me koreografi t\u00eb re, ku vallet tona, jan\u00eb  t\u00eb gjitha t\u00eb mahnitshme, dhe nga te gjitha travat, dhe, kemi ardhur duke e  rritur numerin e nxenesve pjesemarres, duke pare se edhe interesimi i tyre ka  qene i madh&#8221;, tha ajo. <\/p>\n\n\n\n<p> Dy kordinatoret, t\u00eb cilat jan\u00eb edhe m\u00ebsimdh\u00ebn\u00ebse n\u00eb  Shkoll\u00ebn e Mesme \u201cNew Dorp High Schooll\u201d n\u00eb Staten Isalnd NYC, Suada nga Ulqini,  dhe Almira, nga Dibra e Madhe dhe Burreli, than\u00eb se ky \u00ebsht\u00eb viti i tret\u00eb, q\u00eb  ato organizojn\u00eb me f\u00ebmij\u00ebt shqiptar\u00eb t\u00eb k\u00ebsaj shkolle nj\u00eb grup vall\u00ebtar\u00ebsh kaq  t\u00eb madh me 30 nx\u00ebn\u00ebs (Edona Avdiu, Lea Chebaro, Anda Gjenashaj, Anika  Gjeshbitraj, Kejsi Gjoka,Bleona Imerovska,Aleksia Karaj,Dora Kastrati,Lea  Kazazi,Melisa Orahovac ,Dorentina Perasevic,Kujtesa Rugova,Antiana Fida,Gentiana  Shaba,Diana Shatku,Cindy Subasic,Leona Veliu,Largim Aliu,Medin Demirovic,Jasin  Djokovic,Jasmin Kanacevic,Shkmbim Kosovrasti,Ilir Marskashi,Erblin Marke,Donat  Perasevic,Afrim Tutovic,Egzon Sela,Rian Subasic), vajza dhe djem t\u00eb Shkoll\u00ebs s\u00eb  Mesme \u201cNew Dorp High School\u201d, n\u00eb ishullin Staten Island n\u00eb Nju Jork, nj\u00eb shkoll\u00eb  kjo e njohur ku jeton nj\u00eb komunitet i madh shqiptar\u00ebsh, nga Shqip\u00ebria, Kosova,  dhe viset shqiptare.\u00a0 <br> \u00a0\u201cVeshjet popullore, i kemi siguruar vet, me  ndihm\u00ebn e prind\u00ebrve t\u00eb k\u00ebtyre f\u00ebmij\u00ebve shqiptar mblodh\u00ebm coh\u00ebn dhe i qep\u00ebm e i  q\u00ebndis\u00ebm me makina qep\u00ebse, n\u00ebp\u00ebr sht\u00ebpia. E nis\u00ebm si nj\u00eb \u201cfushat\u201d t\u00eb vog\u00ebl nga  brenda shkolles, duke pyetur pothuajse \u00e7do nx\u00ebn\u00ebs shqiptar, t\u00eb k\u00ebsaj shkolle,  &#8220;se a kishin d\u00ebshir\u00eb t\u00eb k\u00ebrcenin shqip &#8211; dhe me veshje popullore shqiptare?&#8221;, n\u00eb  m\u00ebnyr\u00eb t\u00eb pabesueshme dh\u00eb me nj\u00eb g\u00ebzim t\u00eb madh e prit\u00ebn te gjithe k\u00ebta f\u00ebmij\u00eb,  kerkesen tone, duke na u bashkuar nj\u00eb z\u00ebri &#8211; dhe me shum\u00eb krenari, t\u2019i thon\u00eb  vetes \u201cShqipe\u201d, pohuan\u00eb Almira me Suad\u00ebn. <\/p>\n\n\n\n<p> Kurse, Marko Kepi, i cili udh\u00ebheq organizat\u00ebn  &#8220;Rr\u00ebnj\u00ebt Shqiptare&#8221; n\u00eb Nju Jork, dhe ishte i ftuar nderi n\u00eb k\u00ebt\u00eb festival s\u00eb  bashku me Leonard Bal\u00ebn, than\u00eb se ata mbet\u00ebn t\u00eb mahnitur me shfaqjen e grupit t\u00eb  f\u00ebmij\u00ebve shqiptar n\u00eb k\u00ebt\u00eb festival nd\u00ebrkomb\u00ebtar n\u00eb Staten Island &#8211; Nju  Jork.\u00a0 <br> \u201c Jo vet\u00ebm se ne jemi shqiptar &#8211; por se f\u00ebmij\u00ebt  shqiptar me kostumet popullore, vallet e luajtura n\u00eb sken\u00ebn e festivalit \u201cVallja  e Rugov\u00ebs\u201d, \u201cVallja e Tiran\u00ebs\u201d dhe \u201cVallja Tropoj\u00ebs\u201d, na mahnit\u00ebn t\u00eb gjith\u00ebve.  Aqsa entusiazmi i rreth nji mij\u00eb spektatorve &#8211; mbrriti kulmin &#8211; kur t\u00eb gjith\u00eb u  ngrit\u00ebn n\u00eb k\u00ebmb\u00eb dhe duartrokit\u00ebn gjat\u00eb, grupin m\u00eb t\u00eb madh t\u00eb vall\u00ebtar\u00ebve q\u00eb  ishin f\u00ebmij\u00ebt shqiptar\u201d, than\u00eb ata, duke folur per gazeten tone. <\/p>\n\n\n\n<p> Nd\u00ebrkoh\u00eb, Kepi, dha edhe nj\u00eb vler\u00ebsim p\u00ebr k\u00ebto  shfaqje t\u00eb f\u00ebmij\u00ebve shqiptar n\u00eb Amerik\u00eb, ku f\u00ebmij\u00ebt tan\u00eb, sipas tij jan\u00eb b\u00ebr\u00eb si  \u201cambasador\u00ebt\u201d e tradit\u00ebs, kultur\u00ebs, dhe artitit shqiptar, kudo n\u00ebp\u00ebr festivale,  koncerte, dhe shfaqje t\u00eb tjera, duke na treguar nj\u00eb krenari dhe dashuri t\u00eb madhe  p\u00ebr Shqip\u00ebrin\u00eb, Kosov\u00ebn dhe vend-banimet shqiptare, n\u00eb Mal t\u00eb Zi, Maqedoni,  Lugin\u00ebn e Preshev\u00ebs, dhe \u00c7am\u00ebri. <\/p>\n\n\n\n<p> \u201cK\u00ebta f\u00ebmij\u00eb jan\u00eb krenaria jon\u00eb, jan\u00eb ambasador\u00ebt e  v\u00ebrtet t\u00eb kombit shqiptar n\u00eb diaspor\u00eb, jan\u00eb ata q\u00eb kudo q\u00eb japin koncerte, apo  marrin pjes\u00eb n\u00eb festivale, na e rrisin krenarin\u00eb ton\u00eb shqiptare, dhe, mendoj\u00eb e  ju b\u00ebj\u00eb thirrje t\u00eb gjith\u00eb f\u00ebmij\u00ebve shqiptar n\u00eb diaspor\u00eb, kudo q\u00eb jan\u00eb t\u00eb b\u00ebjn\u00eb  sa m\u00eb shum\u00eb koncerte t\u00eb tilla, p\u00ebr t\u00eb treguar sa m\u00eb shum\u00eb artin, tradit\u00ebn,  kultur\u00ebn, k\u00ebng\u00ebn e vallen e bukur shqiptare, edhe k\u00ebtu n\u00eb Amerik\u00eb\u201d, tha kreu i  organizat\u00ebs \u201cRr\u00ebnj\u00ebt Shqiptare\u201d Marko Kepi, duke i ftuar t\u00eb gjith\u00eb shqiptar\u00ebt t\u00eb  marrin pjes\u00eb n\u00eb Parad\u00ebn Shqiptare e cila mbahet p\u00ebr\u00a0 \u00e7do vjet n\u00eb qershor, n\u00eb  zem\u00ebr t\u00eb qytetit t\u00eb Nju Jorkut &#8211; Manhattan, edhe k\u00ebt\u00eb vit i \u00ebsht\u00eb dedikuar  p\u00ebrs\u00ebri \u00c7am\u00ebris\u00eb&#8221;.<\/p>\n\n\n\n<figure class=\"wp-block-embed-youtube wp-block-embed is-type-video is-provider-youtube wp-embed-aspect-16-9 wp-has-aspect-ratio\"><div class=\"wp-block-embed__wrapper\">\nhttps:\/\/www.youtube.com\/watch?v=pfYJ-yyxycU&#038;t=159s\n<\/div><\/figure>\n","protected":false},"excerpt":{"rendered":"<p>Nga Beqir SINA &#8211; Staten Island NYC STATEN ISLAND, N.Y.C.( INA 29 Mars 2019)\u00a0 &#8211; Shkolla e Mesme \u201cNew Drop\u201d n\u00eb ishullin njujorkez Staten Island n\u00eb Nju Jork, t\u00eb premten n\u00eb mbr\u00ebmje mbajti Festivalin e 3 Nd\u00ebrkomb\u00ebtar t\u00eb Shkoll\u00ebs s\u00eb Mesme . Rreth, nj\u00eb mij\u00eb spektator (m\u00ebsimdh\u00ebn\u00ebs, kordinator, prind\u00ebr, f\u00ebmij\u00eb dhe nx\u00ebn\u00ebs t\u00eb k\u00ebsaj shkolle,) [&hellip;]<\/p>\n","protected":false},"author":1,"featured_media":22216,"comment_status":"open","ping_status":"open","sticky":false,"template":"","format":"standard","meta":{"_seopress_robots_primary_cat":"","_seopress_titles_title":"","_seopress_titles_desc":"","_seopress_robots_index":"","footnotes":""},"categories":[2,5],"tags":[],"class_list":["post-22215","post","type-post","status-publish","format-standard","has-post-thumbnail","hentry","category-aktualitet","category-diaspora"],"_links":{"self":[{"href":"https:\/\/ulqini-online.com\/sajti\/index.php?rest_route=\/wp\/v2\/posts\/22215","targetHints":{"allow":["GET"]}}],"collection":[{"href":"https:\/\/ulqini-online.com\/sajti\/index.php?rest_route=\/wp\/v2\/posts"}],"about":[{"href":"https:\/\/ulqini-online.com\/sajti\/index.php?rest_route=\/wp\/v2\/types\/post"}],"author":[{"embeddable":true,"href":"https:\/\/ulqini-online.com\/sajti\/index.php?rest_route=\/wp\/v2\/users\/1"}],"replies":[{"embeddable":true,"href":"https:\/\/ulqini-online.com\/sajti\/index.php?rest_route=%2Fwp%2Fv2%2Fcomments&post=22215"}],"version-history":[{"count":1,"href":"https:\/\/ulqini-online.com\/sajti\/index.php?rest_route=\/wp\/v2\/posts\/22215\/revisions"}],"predecessor-version":[{"id":22217,"href":"https:\/\/ulqini-online.com\/sajti\/index.php?rest_route=\/wp\/v2\/posts\/22215\/revisions\/22217"}],"wp:featuredmedia":[{"embeddable":true,"href":"https:\/\/ulqini-online.com\/sajti\/index.php?rest_route=\/wp\/v2\/media\/22216"}],"wp:attachment":[{"href":"https:\/\/ulqini-online.com\/sajti\/index.php?rest_route=%2Fwp%2Fv2%2Fmedia&parent=22215"}],"wp:term":[{"taxonomy":"category","embeddable":true,"href":"https:\/\/ulqini-online.com\/sajti\/index.php?rest_route=%2Fwp%2Fv2%2Fcategories&post=22215"},{"taxonomy":"post_tag","embeddable":true,"href":"https:\/\/ulqini-online.com\/sajti\/index.php?rest_route=%2Fwp%2Fv2%2Ftags&post=22215"}],"curies":[{"name":"wp","href":"https:\/\/api.w.org\/{rel}","templated":true}]}}