{"id":21634,"date":"2019-01-27T13:08:15","date_gmt":"2019-01-27T12:08:15","guid":{"rendered":"http:\/\/ulqini-online.com\/sajti\/?p=21634"},"modified":"2019-01-27T13:08:15","modified_gmt":"2019-01-27T12:08:15","slug":"ish-kryetari-i-fdi-se-anton-lulgjuraj-i-bashkohet-levizjes-qytetare-ura","status":"publish","type":"post","link":"https:\/\/ulqini-online.com\/sajti\/?p=21634","title":{"rendered":"Ish kryetari i FDI-s\u00eb, Anton Lulgjuraj, i bashkohet L\u00ebvizjes Qytetare URA"},"content":{"rendered":"\n<figure class=\"wp-block-image is-resized\"><img loading=\"lazy\" decoding=\"async\" src=\"https:\/\/ulqini-online.com\/sajti\/wp-content\/uploads\/2015\/01\/Anton-Lulgjuraj.jpg\" alt=\"\" class=\"wp-image-1313\" width=\"577\" height=\"426\" srcset=\"https:\/\/ulqini-online.com\/sajti\/wp-content\/uploads\/2015\/01\/Anton-Lulgjuraj.jpg 339w, https:\/\/ulqini-online.com\/sajti\/wp-content\/uploads\/2015\/01\/Anton-Lulgjuraj-300x221.jpg 300w\" sizes=\"auto, (max-width: 577px) 100vw, 577px\" \/><\/figure>\n\n\n\n<p>L\u00ebvizja Qytetare URA, mbr\u00ebm\u00eb n\u00eb Tuz, zgjodhi K\u00ebshillin inicues p\u00ebr Komun\u00eb t\u00eb Tuzit.&nbsp;<\/p>\n\n\n\n<p>Pjes\u00eb e k\u00ebtij k\u00ebshilli u zgjedhen ish kryetari i FDI-s\u00eb, Anton Lulgjuraj, si dhe ish aktivisti, Besnik Gjonaj, i cili njekoh\u00ebsisht em\u00ebrohet edhe si koordinator i URA p\u00ebr Tuz, kurse, p\u00ebr sekretar t\u00eb keshillit komunal, zgjedhet Elldin Pepiq.&nbsp;<\/p>\n\n\n\n<p>Antar\u00eb t\u00eb tjer\u00eb t\u00eb k\u00ebshillit zgjedhen edhe: Driton Gjonaj, Sandro Palushaj, Simon Curanaj, Antoneta Gecaj, Beqir Ramoviq, Dervish Axhoviq dhe Anita Keqaj.<\/p>\n\n\n\n<p>Pjes\u00ebmarr\u00ebsve iu drejtua ish kryetari i FDI-s\u00eb, Anton Lulgjuraj, i cili tha se URA \u00ebsht\u00eb e vetmja dhe e verteta parti&nbsp;politike qytetare n\u00eb Mal t\u00eb Zi dhe ka shprehur k\u00ebnaq\u00ebsin\u00eb q\u00eb at\u00eb ide e sheh tek udh\u00ebheq\u00ebsia e asaj partie.&nbsp;<\/p>\n\n\n\n<p>Nd\u00ebrsa, tashm\u00eb koordinatori i URA, Besnik Gjonaj, deklaroi se q\u00ebllimi i tij nuk ishte q\u00eb t\u00eb hyj\u00eb n\u00eb m\u00ebnyr\u00eb aktive n\u00eb politik\u00eb, por n\u00eb k\u00ebt\u00eb e ka shty pamund\u00ebsia q\u00eb n\u00eb qet\u00ebsi t\u00eb p\u00ebrcjell\u00eb si\u00e7 tha ai \u201cdiktaturen e krijuar nga pushteti aktual shtet\u00ebror p\u00ebr 30 vite\u201d.<\/p>\n\n\n\n<p>\u201cKjo \u00ebsht\u00eb detyra dhe obligimi im qytetar, dhe si shqiptar etnik, tyrp\u00ebrohem nga t\u00eb ashtuquajturit \u201cp\u00ebrfaq\u00ebsues dhe lider shqiptar\u00eb n\u00eb Malin e Zi, t\u00eb cil\u00ebt e kan\u00eb zgjatur dor\u00ebn e k\u00ebtij regjimi kriminal. Natyrisht, t\u00eb gjith\u00eb n\u00eb Malin e Zi jan\u00eb n\u00eb rrezik, p\u00ebrve\u00e7 nj\u00eb pjese t\u00eb mafioz\u00ebve t\u00eb privilegjuar q\u00eb mb\u00ebshtesin k\u00ebt\u00eb regjim kriminal. PDS, ka arritur q\u00eb n\u00eb Mal\u00ebsi, t\u00eb ngat\u00ebrrojn\u00eb shqiptar\u00ebt, ata jan\u00eb duke u perpjekur dhe kan\u00eb mjaft sukses n\u00eb pirshjen e harmonis\u00eb nd\u00ebr shekuj t\u00eb qytetareve t\u00eb Mal\u00ebsis\u00eb\u201d, theksoi Gjonaj.<\/p>\n\n\n\n<p>Malesia. Org<\/p>\n","protected":false},"excerpt":{"rendered":"<p>L\u00ebvizja Qytetare URA, mbr\u00ebm\u00eb n\u00eb Tuz, zgjodhi K\u00ebshillin inicues p\u00ebr Komun\u00eb t\u00eb Tuzit.&nbsp; Pjes\u00eb e k\u00ebtij k\u00ebshilli u zgjedhen ish kryetari i FDI-s\u00eb, Anton Lulgjuraj, si dhe ish aktivisti, Besnik Gjonaj, i cili njekoh\u00ebsisht em\u00ebrohet edhe si koordinator i URA p\u00ebr Tuz, kurse, p\u00ebr sekretar t\u00eb keshillit komunal, zgjedhet Elldin Pepiq.&nbsp; Antar\u00eb t\u00eb tjer\u00eb t\u00eb [&hellip;]<\/p>\n","protected":false},"author":1,"featured_media":1313,"comment_status":"open","ping_status":"open","sticky":false,"template":"","format":"standard","meta":{"_seopress_robots_primary_cat":"","_seopress_titles_title":"","_seopress_titles_desc":"","_seopress_robots_index":"","footnotes":""},"categories":[2,3],"tags":[358,796,1085],"class_list":["post-21634","post","type-post","status-publish","format-standard","has-post-thumbnail","hentry","category-aktualitet","category-politike","tag-anton-lulgjuraj","tag-levizja-qytetare-ura","tag-ura"],"_links":{"self":[{"href":"https:\/\/ulqini-online.com\/sajti\/index.php?rest_route=\/wp\/v2\/posts\/21634","targetHints":{"allow":["GET"]}}],"collection":[{"href":"https:\/\/ulqini-online.com\/sajti\/index.php?rest_route=\/wp\/v2\/posts"}],"about":[{"href":"https:\/\/ulqini-online.com\/sajti\/index.php?rest_route=\/wp\/v2\/types\/post"}],"author":[{"embeddable":true,"href":"https:\/\/ulqini-online.com\/sajti\/index.php?rest_route=\/wp\/v2\/users\/1"}],"replies":[{"embeddable":true,"href":"https:\/\/ulqini-online.com\/sajti\/index.php?rest_route=%2Fwp%2Fv2%2Fcomments&post=21634"}],"version-history":[{"count":1,"href":"https:\/\/ulqini-online.com\/sajti\/index.php?rest_route=\/wp\/v2\/posts\/21634\/revisions"}],"predecessor-version":[{"id":21635,"href":"https:\/\/ulqini-online.com\/sajti\/index.php?rest_route=\/wp\/v2\/posts\/21634\/revisions\/21635"}],"wp:featuredmedia":[{"embeddable":true,"href":"https:\/\/ulqini-online.com\/sajti\/index.php?rest_route=\/wp\/v2\/media\/1313"}],"wp:attachment":[{"href":"https:\/\/ulqini-online.com\/sajti\/index.php?rest_route=%2Fwp%2Fv2%2Fmedia&parent=21634"}],"wp:term":[{"taxonomy":"category","embeddable":true,"href":"https:\/\/ulqini-online.com\/sajti\/index.php?rest_route=%2Fwp%2Fv2%2Fcategories&post=21634"},{"taxonomy":"post_tag","embeddable":true,"href":"https:\/\/ulqini-online.com\/sajti\/index.php?rest_route=%2Fwp%2Fv2%2Ftags&post=21634"}],"curies":[{"name":"wp","href":"https:\/\/api.w.org\/{rel}","templated":true}]}}