{"id":21629,"date":"2019-01-27T12:39:16","date_gmt":"2019-01-27T11:39:16","guid":{"rendered":"http:\/\/ulqini-online.com\/sajti\/?p=21629"},"modified":"2019-01-27T12:39:16","modified_gmt":"2019-01-27T11:39:16","slug":"terheqja-e-paraleleve-ne-mes-shqiptareve-ne-mal-te-zi-dhe-malazezeve-ne-shqiperi-eshte-e-papranueshme","status":"publish","type":"post","link":"https:\/\/ulqini-online.com\/sajti\/?p=21629","title":{"rendered":"T\u00cbRHEQJA E PARALELEVE N\u00cb MES SHQIPTAR\u00cbVE N\u00cb MAL T\u00cb ZI DHE MALAZEZ\u00cbVE N\u00cb  SHQIP\u00cbRI, \u00cbSHT\u00cb E PAPRANUESHME!"},"content":{"rendered":"\n<figure class=\"wp-block-image is-resized\"><img loading=\"lazy\" decoding=\"async\" src=\"https:\/\/ulqini-online.com\/sajti\/wp-content\/uploads\/2015\/01\/Xheladin-zeneli.jpg\" alt=\"\" class=\"wp-image-1270\" width=\"590\" height=\"441\" srcset=\"https:\/\/ulqini-online.com\/sajti\/wp-content\/uploads\/2015\/01\/Xheladin-zeneli.jpg 401w, https:\/\/ulqini-online.com\/sajti\/wp-content\/uploads\/2015\/01\/Xheladin-zeneli-300x224.jpg 300w\" sizes=\"auto, (max-width: 590px) 100vw, 590px\" \/><\/figure>\n\n\n\n<p>Me rastin e vizit\u00ebs q\u00eb presidenti i \nRepublik\u00eb s\u00eb Shqip\u00ebris\u00eb, z. Ilir Meta i b\u00ebri Malit t\u00eb Zi , p\u00ebrkat\u00ebsisht me \nrastin e deklarat\u00ebs s\u00eb tij n\u00eb konferenc\u00ebn p\u00ebr shtyp q\u00eb u mbajt n\u00eb Podgoric\u00eb, me \n21 Janar 2019, ai n\u00eb t\u00eb nj\u00ebjtin kontekst foli p\u00ebr shqiptar\u00ebt n\u00eb Mal t\u00eb Zi dhe \np\u00ebr malazez\u00ebt n\u00eb Shqip\u00ebri,me \u00e7\u2019rast deklaroi: &#8221; &#8230;nj\u00eb tem\u00eb mjaft e r\u00ebnd\u00ebsishme \ne forcimit t\u00eb bashk\u00ebpunimit ton\u00eb ka t\u00eb b\u00ebj\u00eb edhe ajo me integrimin e m\u00ebtejsh\u00ebm \nt\u00eb shqiptar\u00ebve n\u00eb Malin e Zi dhe po k\u00ebshtu me respektimin e t\u00eb drejtave t\u00eb \npakic\u00ebs malazeze n\u00eb vendin ton\u00eb&#8230;&#8221;.<\/p>\n\n\n\n<p>Kjo nuk \u00ebsht\u00eb hera par\u00eb q\u00eb z. Ilir \nMeta b\u00ebn deklarata t\u00eb tilla t\u00eb ngjajshme. N\u00eb vitin 2016 kur z. Meta n\u00eb cil\u00ebsin\u00eb \ne kryetarit t\u00eb at\u00ebhersh\u00ebm t\u00eb Kuvendit t\u00eb Shqip\u00ebris\u00eb,zhvilloi poashtu vizit\u00eb \nzyrtare n\u00eb Podgoric\u00eb ku u paraqit me nj\u00eb fjalim n\u00eb parlamentin e Malit t\u00eb Zi, me \n\u00e7\u2019rast p\u00ebrmendi pakic\u00ebn malazeze n\u00eb Shqip\u00ebri dhe shfaqi ndjeshm\u00ebri ndaj \u201d \nk\u00ebrkesave t\u00eb tyre legjitime\u201d !?.<\/p>\n\n\n\n<p>Pra, z. Meta sa her\u00eb q\u00eb viziton \nPodgoric\u00ebn zyrtare, n\u00eb t\u00eb nj\u00ebjtin kontekst flet p\u00ebr t\u00eb drejtat e shqiptar\u00ebve n\u00eb \nMal t\u00eb Zi dhe t\u00eb malazez\u00ebve n\u00eb Shqip\u00ebri , deklarata k\u00ebto t\u00eb cilat mund t\u00eb \nkuptohen se z.Meta \u00ebsht\u00eb m\u00eb shum\u00eb i shqet\u00ebsuar p\u00ebr t\u00eb drejtat e disa qindra \nmalazez\u00ebve q\u00eb jetojn\u00eb brenda territorit t\u00eb Shqip\u00ebris\u00eb se sa p\u00ebr pozit\u00ebn jo t\u00eb \nfavorsh\u00ebme t\u00eb disa dhjetra mij\u00eb bashk\u00ebkombasve t\u00eb vet q\u00eb jetojn\u00eb brenda kufirit \nadministrativ t\u00eb Malit Zi!.<\/p>\n\n\n\n<p>Ka dallime fundamentale n\u00eb mes dy entiteve \nkrejt\u00ebsisht t\u00eb ndryshme dhe \u00e7do nd\u00ebrlidhje apo t\u00ebrheqjeje paralalizmi n\u00eb k\u00ebt\u00eb \naspekt \u00ebsht\u00eb i gabuar dhe i papranuesh\u00ebm. Shqiptar\u00ebt n\u00eb Mal t\u00eb Zi jan\u00eb pjes\u00eb e \nndar\u00eb e popullit shqiptar dhe jan\u00eb autokton n\u00eb trojet e tyre st\u00ebrgjyshore, t\u00eb \ncil\u00ebt padrejt\u00ebsisht mbeten jasht\u00eb kufij\u00ebve administartiv t\u00eb Shqip\u00ebris\u00eb \nLondineze,kurse malazez\u00ebt, t\u00eb cil\u00ebt jan\u00eb t\u00eb p\u00ebrqendruar kryesisht n\u00eb disa \nvendbanime t\u00eb vogla n\u00eb zon\u00ebn e Vrrak\u00ebs ,ne veri t\u00eb qytetit t\u00eb Shkodr\u00ebs dhe \nmendohet q\u00eb kan\u00eb ardhur e jan\u00eb vendosur n\u00eb k\u00ebt\u00eb zon\u00eb rreth gjysm\u00ebs s\u00eb dyt\u00eb t\u00eb \nshekullit 18-t\u00eb.<\/p>\n\n\n\n<p>Sipas t\u00eb dh\u00ebnave statistikore t\u00eb fundit, ( t\u00eb vitit \n2011) , numri i malazez\u00ebve n\u00eb Shqip\u00ebri \u00ebsht\u00eb 366 apo 0.01% e popullsis\u00eb s\u00eb \np\u00ebrgjith\u00ebshme t\u00eb Shqip\u00ebris\u00eb. Edhe p\u00ebrkund\u00ebr k\u00ebtij numri kaq t\u00eb vog\u00ebl t\u00eb tyre, \nmegjithate Republika e Shqip\u00ebris\u00eb iu njohu atyre me ligj statusin e pakic\u00ebs \nkomb\u00ebtare n\u00eb vitin 2017, \u00e7ka ishte nj\u00eb status i avancuar n\u00eb krahasim me statusin \ne tyre t\u00eb m\u00ebparsh\u00ebm t\u00eb &#8220;minoritetit etnik komb\u00ebtar&#8221;.<br>\u00c7\u00ebshtja e t\u00eb drejtave t\u00eb \npakic\u00ebs malazeze ashtu si edhe e pakicave t\u00eb tjera komb\u00ebtare n\u00eb Shqip\u00ebri \u00ebsht\u00eb e \nzgjidhur dhe k\u00ebto t\u00eb drejta jan\u00eb t\u00eb sanksionuara n\u00eb Kushtetut\u00ebn e Shqip\u00ebris\u00eb dhe \nlegjislacionin e saj ne fuqi, n\u00eb p\u00ebrputhje t\u00eb plot\u00eb me standartet e njohura \nnd\u00ebrkomb\u00ebtare.<\/p>\n\n\n\n<p>N\u00eb an\u00ebn tjet\u00ebr shqiptar\u00ebt n\u00eb Mal t\u00eb Zi si popull autokton \np\u00ebr nga numri jan\u00eb 30,439 dhe p\u00ebrb\u00ebjn\u00eb rreth 5% t\u00eb popullsis\u00eb s\u00eb p\u00ebrgjith\u00ebshme \nn\u00eb Mal t\u00eb Zi , (sipas statistikave zyrtare t\u00eb shtetit) dhe ende nuk kan\u00eb nj\u00eb \nstatus t\u00eb definuar n\u00eb k\u00ebt\u00eb shtet.N\u00eb terminologjin\u00eb e disa ligjeve (zakoneve) \nshqiptar\u00ebt karakterizohen si popull pakic\u00eb kurse n\u00eb Kushtetut\u00ebn e Malit t\u00eb Zi \np\u00ebrmenden sip\u00ebrfaq\u00ebsisht n\u00eb preambul\u00ebn e saj n\u00eb cil\u00ebsin\u00eb popujve dhe pakicave \nkomb\u00ebtare q\u00eb jetojn\u00eb n\u00eb k\u00ebt\u00eb shtet. Gjithashtu dihen tani shum\u00eb mir\u00eb problemet e \npazgjidhura t\u00eb shqiptar\u00ebve n\u00eb disa sfera t\u00eb jet\u00ebs por deri m\u00eb sot nuk kan\u00eb hasur \nn\u00eb gatishm\u00ebrin\u00eb e pushtetit t\u00eb Podgoric\u00ebs p\u00ebr zgjidhjen e tyre.<\/p>\n\n\n\n<p>Pritet \nnga presidenti , por edhe nga udh\u00ebheq\u00ebsit e tjer\u00eb shtet\u00ebror t\u00eb Republik\u00ebs s\u00eb \nShqip\u00ebris\u00eb q\u00eb me rastin e takimeve t\u00eb tilla zyrtare me qeveritar\u00ebt n\u00eb Podgoric\u00eb, \nt\u00eb merren m\u00eb shum\u00eb dhe me m\u00eb p\u00ebrkushtim lidhur me \u00e7\u00ebshtjen e t\u00eb drejtave \nkomb\u00ebtare t\u00eb shqiptar\u00ebve n\u00eb shtetin e tyre fqinj. Tek e fundit , ky esht\u00eb \nobligim i shtetit am\u00eb i cili ve\u00e7se \u00ebsht\u00eb p\u00ebrcaktuar me kushtetut\u00ebn e vet p\u00ebr \np\u00ebrkujdesjen dhe mbrojtjen e asaj pjese t\u00eb popullit t\u00eb vet q\u00eb jeton jasht\u00eb \nkufij\u00ebve administrativ t\u00eb Shqip\u00ebris\u00eb.<\/p>\n\n\n\n<p>Xheladin Zeneli<br>27 Janar \n2019<\/p>\n","protected":false},"excerpt":{"rendered":"<p>Me rastin e vizit\u00ebs q\u00eb presidenti i Republik\u00eb s\u00eb Shqip\u00ebris\u00eb, z. Ilir Meta i b\u00ebri Malit t\u00eb Zi , p\u00ebrkat\u00ebsisht me rastin e deklarat\u00ebs s\u00eb tij n\u00eb konferenc\u00ebn p\u00ebr shtyp q\u00eb u mbajt n\u00eb Podgoric\u00eb, me 21 Janar 2019, ai n\u00eb t\u00eb nj\u00ebjtin kontekst foli p\u00ebr shqiptar\u00ebt n\u00eb Mal t\u00eb Zi dhe p\u00ebr malazez\u00ebt n\u00eb [&hellip;]<\/p>\n","protected":false},"author":1,"featured_media":1270,"comment_status":"open","ping_status":"open","sticky":false,"template":"","format":"standard","meta":{"_seopress_robots_primary_cat":"","_seopress_titles_title":"","_seopress_titles_desc":"","_seopress_robots_index":"","footnotes":""},"categories":[2,12],"tags":[229],"class_list":["post-21629","post","type-post","status-publish","format-standard","has-post-thumbnail","hentry","category-aktualitet","category-opinione","tag-xheladin-zeneli"],"_links":{"self":[{"href":"https:\/\/ulqini-online.com\/sajti\/index.php?rest_route=\/wp\/v2\/posts\/21629","targetHints":{"allow":["GET"]}}],"collection":[{"href":"https:\/\/ulqini-online.com\/sajti\/index.php?rest_route=\/wp\/v2\/posts"}],"about":[{"href":"https:\/\/ulqini-online.com\/sajti\/index.php?rest_route=\/wp\/v2\/types\/post"}],"author":[{"embeddable":true,"href":"https:\/\/ulqini-online.com\/sajti\/index.php?rest_route=\/wp\/v2\/users\/1"}],"replies":[{"embeddable":true,"href":"https:\/\/ulqini-online.com\/sajti\/index.php?rest_route=%2Fwp%2Fv2%2Fcomments&post=21629"}],"version-history":[{"count":1,"href":"https:\/\/ulqini-online.com\/sajti\/index.php?rest_route=\/wp\/v2\/posts\/21629\/revisions"}],"predecessor-version":[{"id":21630,"href":"https:\/\/ulqini-online.com\/sajti\/index.php?rest_route=\/wp\/v2\/posts\/21629\/revisions\/21630"}],"wp:featuredmedia":[{"embeddable":true,"href":"https:\/\/ulqini-online.com\/sajti\/index.php?rest_route=\/wp\/v2\/media\/1270"}],"wp:attachment":[{"href":"https:\/\/ulqini-online.com\/sajti\/index.php?rest_route=%2Fwp%2Fv2%2Fmedia&parent=21629"}],"wp:term":[{"taxonomy":"category","embeddable":true,"href":"https:\/\/ulqini-online.com\/sajti\/index.php?rest_route=%2Fwp%2Fv2%2Fcategories&post=21629"},{"taxonomy":"post_tag","embeddable":true,"href":"https:\/\/ulqini-online.com\/sajti\/index.php?rest_route=%2Fwp%2Fv2%2Ftags&post=21629"}],"curies":[{"name":"wp","href":"https:\/\/api.w.org\/{rel}","templated":true}]}}