{"id":20657,"date":"2018-10-15T13:01:05","date_gmt":"2018-10-15T11:01:05","guid":{"rendered":"http:\/\/ulqini-online.com\/sajti\/?p=20657"},"modified":"2018-10-15T13:06:09","modified_gmt":"2018-10-15T11:06:09","slug":"investimi-i-familjes-hajdari-ne-ane-te-malit-dhurate-e-cmuar-per-vendlindjen","status":"publish","type":"post","link":"https:\/\/ulqini-online.com\/sajti\/?p=20657","title":{"rendered":"Investimi i Familjes Hajdari n\u00eb An\u00eb t\u00eb Malit, dhurat\u00eb e \u00e7muar p\u00ebr vendlindjen"},"content":{"rendered":"<p><a href=\"https:\/\/ulqini-online.com\/sajti\/wp-content\/uploads\/2018\/10\/perurimi-parkut-publik-zenelaj.jpg\"><img loading=\"lazy\" decoding=\"async\" class=\"aligncenter wp-image-20658 size-full\" src=\"https:\/\/ulqini-online.com\/sajti\/wp-content\/uploads\/2018\/10\/perurimi-parkut-publik-zenelaj.jpg\" alt=\"\" width=\"640\" height=\"428\" srcset=\"https:\/\/ulqini-online.com\/sajti\/wp-content\/uploads\/2018\/10\/perurimi-parkut-publik-zenelaj.jpg 640w, https:\/\/ulqini-online.com\/sajti\/wp-content\/uploads\/2018\/10\/perurimi-parkut-publik-zenelaj-300x201.jpg 300w\" sizes=\"auto, (max-width: 640px) 100vw, 640px\" \/><\/a><\/p>\n<p>T\u00eb dielen u organizua ceremonia e fillimit t\u00eb punim\u00ebve n\u00eb nd\u00ebrtimin e Parkut Publik n\u00eb Zenelaj t\u00eb An\u00ebs s\u00eb Malit. Nn\u00eb kued\u00ebr t\u00eb k\u00ebtij investimi mjaft me vlera p\u00ebr t\u00eb rinjt\u00eb e fshatit por edhe m\u00eb gj\u00ebr\u00eb \u00ebsht\u00eb parapar\u00eb q\u00eb t\u00eb ket\u00eb shetitore, terene sportive t\u00eb futbollit t\u00eb vog\u00ebl, baskebollit, volejbollit e tenisit. Ky donacion i familjes Hajdari q\u00eb jetojn\u00eb n\u00eb SHBA kap shum\u00ebn prej 211.995 euro, shkruan Ulqini Online.<\/p>\n<p>Kryetari i Ulqinit Loro Nrekiqi n\u00eb em\u00ebr t\u00eb ekzekutivit\u00a0 i shpreh mir\u00ebnjohje t\u00eb vecant\u00eb familjes Hajdari p\u00ebr investimin q\u00eb do t\u00eb b\u00ebj\u00eb n\u00eb Zenelaj n\u00eb An\u00eb t\u00eb Malit. Sipas tij Diaspora\u00a0 jon\u00eb \u00ebsht\u00eb kontribut ky\u00e7 n\u00eb ekonomin\u00eb\u00a0 e Ulqinit-Malit t\u00eb Zi\u00a0 dhe zhvillimit t\u00eb tij, vecmas tani q\u00eb Mali i Zi\u00a0 \u00ebsht\u00eb an\u00ebtar me t\u00eb drejta t\u00eb plota n\u00eb NATO dhe\u00a0 me sukses po p\u00ebrmbush detyrimet p\u00ebr tu\u00a0 an\u00ebtar\u00ebsuar n\u00eb Bashkimin Evropian.<\/p>\n<p>Komuna e Ulqinit thot\u00eb Kryetari Nrekiq, mbetet e hapur\u00a0 p\u00ebr \u00e7do investim t\u00eb diaspor\u00ebs,p\u00ebr \u00e7do\u00a0 ide dhe\u00a0 sygjerim t\u00eb tyre. Ai s\u00ebshpejti paralajm\u00ebron dhe takime t\u00eb drejt\u00ebp\u00ebrdrejta me diaspor\u00ebn ton\u00eb p\u00ebr ti\u00a0 njoftuar m\u00eb p\u00ebr s\u00ebafrmi me investimet n\u00eb Ulqin. Ai\u00a0 me k\u00ebt\u00eb rast fton\u00a0 bashk\u00ebvendasit tan\u00eb\u00a0 q\u00eb ti bashkangjiten\u00a0 shembullit t\u00eb familjes Hajdari dhe bashkarisht Komun\u00ebn e Ulqinit ta b\u00ebjm\u00eb sa m\u00eb t\u00ebrheq\u00ebse p\u00ebr t\u00eb gjith\u00eb, vecmas p\u00ebr t\u00eb rinjt.<\/p>\n","protected":false},"excerpt":{"rendered":"<p>T\u00eb dielen u organizua ceremonia e fillimit t\u00eb punim\u00ebve n\u00eb nd\u00ebrtimin e Parkut Publik n\u00eb Zenelaj t\u00eb An\u00ebs s\u00eb Malit. Nn\u00eb kued\u00ebr t\u00eb k\u00ebtij investimi mjaft me vlera p\u00ebr t\u00eb rinjt\u00eb e fshatit por edhe m\u00eb gj\u00ebr\u00eb \u00ebsht\u00eb parapar\u00eb q\u00eb t\u00eb ket\u00eb shetitore, terene sportive t\u00eb futbollit t\u00eb vog\u00ebl, baskebollit, volejbollit e tenisit. Ky donacion [&hellip;]<\/p>\n","protected":false},"author":1,"featured_media":20658,"comment_status":"open","ping_status":"open","sticky":false,"template":"","format":"standard","meta":{"_seopress_robots_primary_cat":"","_seopress_titles_title":"","_seopress_titles_desc":"","_seopress_robots_index":"","footnotes":""},"categories":[2,4],"tags":[230,1409,1127,2062],"class_list":["post-20657","post","type-post","status-publish","format-standard","has-post-thumbnail","hentry","category-aktualitet","category-kronike","tag-ana-e-malit","tag-familja-hajdari","tag-loro-nrekiq","tag-zenelaj"],"_links":{"self":[{"href":"https:\/\/ulqini-online.com\/sajti\/index.php?rest_route=\/wp\/v2\/posts\/20657","targetHints":{"allow":["GET"]}}],"collection":[{"href":"https:\/\/ulqini-online.com\/sajti\/index.php?rest_route=\/wp\/v2\/posts"}],"about":[{"href":"https:\/\/ulqini-online.com\/sajti\/index.php?rest_route=\/wp\/v2\/types\/post"}],"author":[{"embeddable":true,"href":"https:\/\/ulqini-online.com\/sajti\/index.php?rest_route=\/wp\/v2\/users\/1"}],"replies":[{"embeddable":true,"href":"https:\/\/ulqini-online.com\/sajti\/index.php?rest_route=%2Fwp%2Fv2%2Fcomments&post=20657"}],"version-history":[{"count":1,"href":"https:\/\/ulqini-online.com\/sajti\/index.php?rest_route=\/wp\/v2\/posts\/20657\/revisions"}],"predecessor-version":[{"id":20659,"href":"https:\/\/ulqini-online.com\/sajti\/index.php?rest_route=\/wp\/v2\/posts\/20657\/revisions\/20659"}],"wp:featuredmedia":[{"embeddable":true,"href":"https:\/\/ulqini-online.com\/sajti\/index.php?rest_route=\/wp\/v2\/media\/20658"}],"wp:attachment":[{"href":"https:\/\/ulqini-online.com\/sajti\/index.php?rest_route=%2Fwp%2Fv2%2Fmedia&parent=20657"}],"wp:term":[{"taxonomy":"category","embeddable":true,"href":"https:\/\/ulqini-online.com\/sajti\/index.php?rest_route=%2Fwp%2Fv2%2Fcategories&post=20657"},{"taxonomy":"post_tag","embeddable":true,"href":"https:\/\/ulqini-online.com\/sajti\/index.php?rest_route=%2Fwp%2Fv2%2Ftags&post=20657"}],"curies":[{"name":"wp","href":"https:\/\/api.w.org\/{rel}","templated":true}]}}