{"id":20553,"date":"2018-10-03T18:15:55","date_gmt":"2018-10-03T16:15:55","guid":{"rendered":"http:\/\/ulqini-online.com\/sajti\/?p=20553"},"modified":"2018-10-03T18:25:11","modified_gmt":"2018-10-03T16:25:11","slug":"leter-e-hapur-gjukanoviqit-markoviqit-dhe-vukoviqit","status":"publish","type":"post","link":"https:\/\/ulqini-online.com\/sajti\/?p=20553","title":{"rendered":"Leter e hapur Gjukanoviqit, Markoviqit dhe Vukoviqit"},"content":{"rendered":"<figure id=\"attachment_20339\" aria-describedby=\"caption-attachment-20339\" style=\"width: 628px\" class=\"wp-caption aligncenter\"><a href=\"https:\/\/ulqini-online.com\/sajti\/wp-content\/uploads\/2018\/09\/tuzi-malesi.jpg\"><img loading=\"lazy\" decoding=\"async\" class=\"wp-image-20339 size-full\" src=\"https:\/\/ulqini-online.com\/sajti\/wp-content\/uploads\/2018\/09\/tuzi-malesi.jpg\" alt=\"\" width=\"628\" height=\"480\" srcset=\"https:\/\/ulqini-online.com\/sajti\/wp-content\/uploads\/2018\/09\/tuzi-malesi.jpg 628w, https:\/\/ulqini-online.com\/sajti\/wp-content\/uploads\/2018\/09\/tuzi-malesi-300x229.jpg 300w\" sizes=\"auto, (max-width: 628px) 100vw, 628px\" \/><\/a><figcaption id=\"caption-attachment-20339\" class=\"wp-caption-text\">Tuzi<\/figcaption><\/figure>\n<p>&nbsp;<\/p>\n<p>Kryetar i Lidhjes Demokratike Shqiptare Nikoll\u00eb Camaj i \u00ebsht\u00eb drejtuar me nj\u00eb let\u00ebr t\u00eb hapur\u00a0<strong>P<\/strong>residentit t\u00eb Malit t\u00eb Zi, z. Millo Gjukanoviq,\u00a0Kryetarit t\u00eb Qeveris\u00eb, z. Dushko Markoviq dhe Kryebashkiakut t\u00eb Podgoric\u00ebs, z. Ivan Vukoviq.<\/p>\n<p>Letren e plot\u00eb t\u00eb hapur t\u00eb z. Camaj mund ta lexoni m\u00eb posht\u00eb.<\/p>\n<p>&nbsp;<\/p>\n<p><strong><em>Let\u00ebr e hapur: Presidentit t\u00eb Malit t\u00eb Zu, z. Millo Gjukanoviq, <\/em><\/strong><\/p>\n<p><em><strong>\u00a0\u00a0Kryetarit t\u00eb Qeveris\u00eb, z. Dushko Markoviq dhe <\/strong><\/em><\/p>\n<p><em><strong>\u00a0\u00a0Kryebashkiakut t\u00eb Podgoric\u00ebs, z. Ivan Vukoviq <\/strong><\/em><\/p>\n<p><em>T\u00eb nderuar zot\u00ebrinj,<\/em><\/p>\n<p><em>Me forc\u00ebn e ligjit, n\u00ebse zbatohet, Tuzi zyrtarisht u b\u00eb komun\u00eb e plot\u00eb, q\u00eb nga 1 shtatori i k\u00ebtij viti. N\u00eb m\u00ebnyr\u00eb q\u00eb kjo t\u00eb b\u00ebhet edhe realitet, k\u00ebrkohet koh\u00eb dhe pun\u00eb, por mbi t\u00eb gjitha, vullnet i mir\u00eb, i cili, fol realisht, te kjo mazhoranc\u00eb shpesh ka munguar.<\/em><\/p>\n<p>&nbsp;<\/p>\n<p><em>Thon\u00eb se koha nuk e ndreq at\u00eb q\u00eb lind me gung\u00eb, kurse hapat e par\u00eb t\u00eb k\u00ebsaj mazhorance, pas &#8220;pavar\u00ebsis\u00eb&#8221; kan\u00eb simptomat e gunga\u00e7it. Duke filluar nga takimi i kryebashkiakut t\u00eb Podgoric\u00ebs me prij\u00ebsit e komun\u00ebs s\u00eb sapoformuar, p\u00ebrmes em\u00ebrimeve t\u00eb nj\u00ebanshme dhe pun\u00ebsimit jo-profesional, e deri te formimi i trupave t\u00eb par\u00eb t\u00eb pun\u00ebs, t\u00eb cilat po i formon kuvendi jo-legjitim, pasi q\u00eb ai nuk ka mandate p\u00ebr \u00e7\u00ebshtje t\u00eb tilla. Por, edhe sikur t\u00eb kishte, komisionet e formuara, pa asnj\u00eb p\u00ebrfaq\u00ebsues t\u00eb opozit\u00ebs, nuk mund t\u00eb marrin vendime legjitime. Nuk besoj t\u00eb ket\u00eb ndonj\u00eb trup t\u00eb vet\u00ebm punues, n\u00eb Malin e Zi, apo edhe n\u00eb rajon, q\u00eb nuk ka vend p\u00ebr p\u00ebrfaq\u00ebsues t\u00eb opozit\u00ebs, p\u00ebrve\u00e7 te ne, dhe ata, p\u00ebr trupin, p\u00ebr ne, m\u00eb t\u00eb r\u00ebnd\u00ebsish\u00ebm, t\u00eb pun\u00ebs, trupin i cili do t\u00eb merret me \u00e7\u00ebshtjen e kufijve dhe t\u00eb ndarjes s\u00eb pron\u00ebs midis Kryeqytetit dhe komun\u00ebs s\u00eb sapo-formuara. Komisioni prej 7 an\u00ebtar\u00ebsh p\u00ebrb\u00ebhet vet\u00ebm nga p\u00ebrfaq\u00ebsues t\u00eb partive n\u00eb pushtet, n\u00eb nivel t\u00eb Shtetit, Kryeqytetit dhe Tuzit. Dhe kjo \u00ebsht\u00eb gunga\u00e7e!<\/em><\/p>\n<p><em>Sa u p\u00ebrket em\u00ebrimeve dhe pun\u00ebsimeve n\u00eb komun\u00ebn e Tuzit, mjafton t\u00eb shihen emrat e personave q\u00eb prit\u00ebn Vukoviqin, ose t\u00eb atyre t\u00eb cil\u00ebt n\u00eb nd\u00ebrkoh\u00eb u em\u00ebruan n\u00eb pozicione t\u00eb ndryshme, dhe e t\u00ebra t\u00eb b\u00ebhet e qart\u00eb: Abedin Axhovi\u00e7, Fadil Kajoshaj, Haris Ramoviq, Emin Haxhi, Samir Axhoviq, Esmin Beqoviq, Haris Jevriq, Halil Dukoviq\u2026dhe Simon Ivezaj. Nuk \u00ebsht\u00eb e v\u00ebshtir\u00eb t\u00eb v\u00ebrehet se ky grumbull p\u00ebrngjet me at\u00eb t\u00eb QKI &#8220;Mal\u00ebsia&#8221;, e q\u00eb n\u00eb asnj\u00eb m\u00ebnyr\u00eb nuk pasqyron realitetin e Mal\u00ebsis\u00eb. Nuk \u00ebsht\u00eb e v\u00ebshtir\u00eb, madje as p\u00ebr nj\u00eb laik, q\u00eb t\u00eb kuptoj\u00eb se fjala \u00ebsht\u00eb p\u00ebr nj\u00eb grup t\u00eb zgjedhur, n\u00eb m\u00ebnyr\u00eb tejet t\u00eb nj\u00ebanshme, pjes\u00ebrisht i dal\u00eb edhe nga zgjedhjet e kaluara. Nj\u00eb trend i k\u00ebtill\u00eb q\u00eb diskriminon gjysm\u00ebn e Mal\u00ebsis\u00eb, asnj\u00ebher\u00eb m\u00eb par\u00eb nuk \u00ebsht\u00eb v\u00ebrejtur, n\u00eb k\u00ebto an\u00eb!<\/em><\/p>\n<p><em>U drejtohem zot\u00ebrinjve t\u00eb p\u00ebrmendur, p\u00ebrmes k\u00ebsaj shkrese publike, pasi q\u00eb krijohet p\u00ebrshtypja sikur ata nuk jan\u00eb t\u00eb njoftuar me k\u00ebt\u00eb realitet, q\u00eb n\u00eb em\u00ebr t\u00eb demokracis\u00eb dhe t\u00eb p\u00ebrparimit, t\u00eb marrin masa dhe t\u00eb ndalojn\u00eb k\u00ebt\u00eb zullum. N\u00eb m\u00ebnyr\u00eb q\u00eb komuna e re t\u00eb mos jet\u00eb me gung\u00eb, kjo dhun\u00eb juridike duhet ndaluar, n\u00eb m\u00ebnyr\u00eb q\u00eb pas zgjedhjeve t\u00eb lira e demokratike, pa presione dhe blerje votash, t\u00eb krijohet shumica dhe klima politike, q\u00eb do t\u2019i p\u00ebrngjaj\u00eb realitetit t\u00eb Mal\u00ebsis\u00eb, dhe e cila do t\u00eb marr\u00eb p\u00ebrgjegj\u00ebsin\u00eb p\u00ebr t\u00eb ardhmen e k\u00ebtij rajoni. Vet\u00ebm shumica e re do t\u00eb ishte legjitime p\u00ebr t\u00eb prodhuar edhe trupin punues n\u00eb fjal\u00eb, q\u00eb do t\u00eb merrej me demarkacion.<\/em><\/p>\n<p><em>N\u00eb t\u00eb kund\u00ebrt\u00ebn rrezikoni q\u00eb marr\u00ebveshjet t\u00eb jen\u00eb shterpe, kurse vendimet e k\u00ebtyre kvazi-politikan\u00ebve joprofesionist\u00eb, t\u00eb paq\u00ebndrueshme, dhe t\u00eb papranueshme, p\u00ebr shumic\u00ebn e banor\u00ebve t\u00eb Mal\u00ebsis\u00eb, e sidomos p\u00ebr popullat\u00ebn autoktone, e cila \u00ebsht\u00eb angazhuar p\u00ebr komun\u00ebn e plot\u00eb, derisa kjo shumic\u00eb, q\u00eb tani \u201cvran\u00eb e kthjell\u201d ishte kund\u00ebr. Imagjinoni q\u00eb me Malin e Zi, t\u00eb pavarur, pas referendumit, t\u00eb udh\u00ebhiqnin ata q\u00eb kund\u00ebrshtuan pavar\u00ebsin\u00eb!<\/em><\/p>\n<p>&nbsp;<\/p>\n<p><em><strong>Nikoll\u00eb Camaj, <\/strong><\/em><\/p>\n<p><em><strong>Kryetar i Lidhjes Demokratike Shqiptare<\/strong><\/em><\/p>\n","protected":false},"excerpt":{"rendered":"<p>&nbsp; Kryetar i Lidhjes Demokratike Shqiptare Nikoll\u00eb Camaj i \u00ebsht\u00eb drejtuar me nj\u00eb let\u00ebr t\u00eb hapur\u00a0Presidentit t\u00eb Malit t\u00eb Zi, z. Millo Gjukanoviq,\u00a0Kryetarit t\u00eb Qeveris\u00eb, z. Dushko Markoviq dhe Kryebashkiakut t\u00eb Podgoric\u00ebs, z. Ivan Vukoviq. Letren e plot\u00eb t\u00eb hapur t\u00eb z. Camaj mund ta lexoni m\u00eb posht\u00eb. &nbsp; Let\u00ebr e hapur: Presidentit t\u00eb Malit [&hellip;]<\/p>\n","protected":false},"author":1,"featured_media":20339,"comment_status":"open","ping_status":"open","sticky":false,"template":"","format":"standard","meta":{"_seopress_robots_primary_cat":"","_seopress_titles_title":"","_seopress_titles_desc":"","_seopress_robots_index":"","footnotes":""},"categories":[2,3],"tags":[1292,2048,283,287],"class_list":["post-20553","post","type-post","status-publish","format-standard","has-post-thumbnail","hentry","category-aktualitet","category-politike","tag-dushko-markoviq","tag-leter-e-hapur","tag-millo-gjukanoviq","tag-nikolle-camaj"],"_links":{"self":[{"href":"https:\/\/ulqini-online.com\/sajti\/index.php?rest_route=\/wp\/v2\/posts\/20553","targetHints":{"allow":["GET"]}}],"collection":[{"href":"https:\/\/ulqini-online.com\/sajti\/index.php?rest_route=\/wp\/v2\/posts"}],"about":[{"href":"https:\/\/ulqini-online.com\/sajti\/index.php?rest_route=\/wp\/v2\/types\/post"}],"author":[{"embeddable":true,"href":"https:\/\/ulqini-online.com\/sajti\/index.php?rest_route=\/wp\/v2\/users\/1"}],"replies":[{"embeddable":true,"href":"https:\/\/ulqini-online.com\/sajti\/index.php?rest_route=%2Fwp%2Fv2%2Fcomments&post=20553"}],"version-history":[{"count":1,"href":"https:\/\/ulqini-online.com\/sajti\/index.php?rest_route=\/wp\/v2\/posts\/20553\/revisions"}],"predecessor-version":[{"id":20554,"href":"https:\/\/ulqini-online.com\/sajti\/index.php?rest_route=\/wp\/v2\/posts\/20553\/revisions\/20554"}],"wp:featuredmedia":[{"embeddable":true,"href":"https:\/\/ulqini-online.com\/sajti\/index.php?rest_route=\/wp\/v2\/media\/20339"}],"wp:attachment":[{"href":"https:\/\/ulqini-online.com\/sajti\/index.php?rest_route=%2Fwp%2Fv2%2Fmedia&parent=20553"}],"wp:term":[{"taxonomy":"category","embeddable":true,"href":"https:\/\/ulqini-online.com\/sajti\/index.php?rest_route=%2Fwp%2Fv2%2Fcategories&post=20553"},{"taxonomy":"post_tag","embeddable":true,"href":"https:\/\/ulqini-online.com\/sajti\/index.php?rest_route=%2Fwp%2Fv2%2Ftags&post=20553"}],"curies":[{"name":"wp","href":"https:\/\/api.w.org\/{rel}","templated":true}]}}