{"id":20547,"date":"2018-10-03T13:21:31","date_gmt":"2018-10-03T11:21:31","guid":{"rendered":"http:\/\/ulqini-online.com\/sajti\/?p=20547"},"modified":"2018-10-03T13:25:15","modified_gmt":"2018-10-03T11:25:15","slug":"shiu-fiku-zjarrin-por-familja-mollabeqiri-mbeti-pa-ullishten-e-tyre","status":"publish","type":"post","link":"https:\/\/ulqini-online.com\/sajti\/?p=20547","title":{"rendered":"Shiu fiku zjarrin por familja Mollabeqiri mbeti pa ullishten e tyre"},"content":{"rendered":"<figure id=\"attachment_20548\" aria-describedby=\"caption-attachment-20548\" style=\"width: 640px\" class=\"wp-caption aligncenter\"><a href=\"https:\/\/ulqini-online.com\/sajti\/wp-content\/uploads\/2018\/10\/ullishta-e-djegur.jpg\"><img loading=\"lazy\" decoding=\"async\" class=\"wp-image-20548 size-full\" src=\"https:\/\/ulqini-online.com\/sajti\/wp-content\/uploads\/2018\/10\/ullishta-e-djegur.jpg\" alt=\"\" width=\"640\" height=\"360\" srcset=\"https:\/\/ulqini-online.com\/sajti\/wp-content\/uploads\/2018\/10\/ullishta-e-djegur.jpg 640w, https:\/\/ulqini-online.com\/sajti\/wp-content\/uploads\/2018\/10\/ullishta-e-djegur-300x169.jpg 300w\" sizes=\"auto, (max-width: 640px) 100vw, 640px\" \/><\/a><figcaption id=\"caption-attachment-20548\" class=\"wp-caption-text\">Ullishta e djegur ne Ulqin<\/figcaption><\/figure>\n<p>Zjarri i cili kishte shp\u00ebrthyer n\u00eb Bashbylyk\u00a0 para nj\u00eb jave m\u00eb n\u00eb fund u fik n\u00eb t\u00ebr\u00ebsi fal\u00eb shiut q\u00eb ra n\u00eb Ulqin dit\u00ebve t\u00eb fundit.<\/p>\n<p>Numri i ullinj\u00ebve t\u00eb shkrumuar mund t\u00eb jet\u00eb mbi 1000, gj\u00eb q\u00eb ka shkaktuar nj\u00eb situat\u00eb tejet t\u00eb r\u00ebnd\u00eb dhe tensionuese tek t\u00eb gjith\u00eb qytetar\u00ebt e Ulqinit e posa\u00e7\u00ebrisht tek pronar\u00ebt e ullisht\u00ebs shum\u00ebvje\u00e7are nga e cila kan\u00eb pasur egzistenc\u00ebn sociale me vite dhe gjenerata t\u00eb t\u00ebra, shkruan Ulqini Online.<\/p>\n<p>Nj\u00eb nd\u00ebr k\u00ebta familje e cila p\u00ebsoi shum\u00eb dhe mbeti pa ullishten e tyre \u00ebsht\u00eb ajo Mollabeqiri. Familja Mollabeqiri e kryefamiljari i saj Tino Mollabeqiri nj\u00eb nd\u00ebr t\u00eb ardhurat kryesore me an\u00eb t\u00eb cil\u00ebs mir\u00ebmbanin familjen ka qen\u00eb pik\u00ebrisht ullishta e tyre. Vreri dhe pezmi p\u00ebr humbjen e dashuris\u00eb s\u00eb tyre por jo vetem \u00ebsht\u00eb i madh sa q\u00eb nuk p\u00ebrshkurhet me fjal\u00eb. N\u00eb t\u00eb gjith\u00eb k\u00ebt\u00eb fatkeq\u00ebsi ka pasur edhe shum\u00eb lot nga an\u00ebtaret e familjes Mollabeqiri.<\/p>\n<p>Ulqini dhe ulqinak\u00ebt kan\u00eb tradit\u00eb dhe dashurojn\u00eb detin dhe ullinjt\u00eb por koh\u00ebve t\u00eb fundit edhe k\u00ebto t\u00eb paprekshme sikur kan\u00eb filluar t\u00eb ju marrin. Deti dhe ulliri \u00ebsht\u00eb sht\u00ebpia e ulqinak\u00ebve nga ku m\u00eb tutje nuk kan\u00eb se ku mund t\u00eb menjanohen.<\/p>\n<p>Qytetar\u00ebt e Ulqinit si rrall\u00ebher\u00eb m\u00eb par\u00eb jan\u00eb solidarizuar nj\u00ebri me tjetrin n\u00eb nj\u00eb nd\u00ebr fatkeqsit\u00eb m\u00eb t\u00eb madhe q\u00eb mund ti ndodh k\u00ebtij qyteti.<\/p>\n","protected":false},"excerpt":{"rendered":"<p>Zjarri i cili kishte shp\u00ebrthyer n\u00eb Bashbylyk\u00a0 para nj\u00eb jave m\u00eb n\u00eb fund u fik n\u00eb t\u00ebr\u00ebsi fal\u00eb shiut q\u00eb ra n\u00eb Ulqin dit\u00ebve t\u00eb fundit. Numri i ullinj\u00ebve t\u00eb shkrumuar mund t\u00eb jet\u00eb mbi 1000, gj\u00eb q\u00eb ka shkaktuar nj\u00eb situat\u00eb tejet t\u00eb r\u00ebnd\u00eb dhe tensionuese tek t\u00eb gjith\u00eb qytetar\u00ebt e Ulqinit e posa\u00e7\u00ebrisht [&hellip;]<\/p>\n","protected":false},"author":1,"featured_media":20548,"comment_status":"open","ping_status":"open","sticky":false,"template":"","format":"standard","meta":{"_seopress_robots_primary_cat":"","_seopress_titles_title":"","_seopress_titles_desc":"","_seopress_robots_index":"","footnotes":""},"categories":[2,4],"tags":[2047,2046,28],"class_list":["post-20547","post","type-post","status-publish","format-standard","has-post-thumbnail","hentry","category-aktualitet","category-kronike","tag-familja-mollabeqiri","tag-ullishta-e-ulqinit","tag-ulqin"],"_links":{"self":[{"href":"https:\/\/ulqini-online.com\/sajti\/index.php?rest_route=\/wp\/v2\/posts\/20547","targetHints":{"allow":["GET"]}}],"collection":[{"href":"https:\/\/ulqini-online.com\/sajti\/index.php?rest_route=\/wp\/v2\/posts"}],"about":[{"href":"https:\/\/ulqini-online.com\/sajti\/index.php?rest_route=\/wp\/v2\/types\/post"}],"author":[{"embeddable":true,"href":"https:\/\/ulqini-online.com\/sajti\/index.php?rest_route=\/wp\/v2\/users\/1"}],"replies":[{"embeddable":true,"href":"https:\/\/ulqini-online.com\/sajti\/index.php?rest_route=%2Fwp%2Fv2%2Fcomments&post=20547"}],"version-history":[{"count":4,"href":"https:\/\/ulqini-online.com\/sajti\/index.php?rest_route=\/wp\/v2\/posts\/20547\/revisions"}],"predecessor-version":[{"id":20552,"href":"https:\/\/ulqini-online.com\/sajti\/index.php?rest_route=\/wp\/v2\/posts\/20547\/revisions\/20552"}],"wp:featuredmedia":[{"embeddable":true,"href":"https:\/\/ulqini-online.com\/sajti\/index.php?rest_route=\/wp\/v2\/media\/20548"}],"wp:attachment":[{"href":"https:\/\/ulqini-online.com\/sajti\/index.php?rest_route=%2Fwp%2Fv2%2Fmedia&parent=20547"}],"wp:term":[{"taxonomy":"category","embeddable":true,"href":"https:\/\/ulqini-online.com\/sajti\/index.php?rest_route=%2Fwp%2Fv2%2Fcategories&post=20547"},{"taxonomy":"post_tag","embeddable":true,"href":"https:\/\/ulqini-online.com\/sajti\/index.php?rest_route=%2Fwp%2Fv2%2Ftags&post=20547"}],"curies":[{"name":"wp","href":"https:\/\/api.w.org\/{rel}","templated":true}]}}