{"id":20536,"date":"2018-10-03T12:43:33","date_gmt":"2018-10-03T10:43:33","guid":{"rendered":"http:\/\/ulqini-online.com\/sajti\/?p=20536"},"modified":"2018-10-03T12:43:33","modified_gmt":"2018-10-03T10:43:33","slug":"zeneli-me-bindjen-se-do-te-kem-perkrahjen-tuaj-te-plote-ju-falenderoj-paraprakisht","status":"publish","type":"post","link":"https:\/\/ulqini-online.com\/sajti\/?p=20536","title":{"rendered":"Zeneli : \u201cMe bindjen se do t\u00eb kem p\u00ebrkrahjen tuaj t\u00eb plot\u00eb, Ju falenderoj paraprakisht !\u201d"},"content":{"rendered":"<div>\n<div id=\"AOLMsgPart_1.2.1_400f54df-cc5f-4af2-8356-b9926ab531d2\">\n<div class=\"aolReplacedBody\">\n<div id=\"aolmail_AOLMsgPart_1.2.1_c50d6508-ceab-4df8-9c2d-057000c3c182\">\n<div class=\"aolmail_aolReplacedBody\">\n<div style=\"white-space: pre-wrap; color: #1d2129; caret-color: #1d2129;\">\n<div><a href=\"https:\/\/ulqini-online.com\/sajti\/wp-content\/uploads\/2018\/10\/xheladin-zeneli-keshilltar-amerike.jpg\"><img loading=\"lazy\" decoding=\"async\" class=\"aligncenter wp-image-20523 size-full\" src=\"https:\/\/ulqini-online.com\/sajti\/wp-content\/uploads\/2018\/10\/xheladin-zeneli-keshilltar-amerike.jpg\" alt=\"\" width=\"480\" height=\"482\" srcset=\"https:\/\/ulqini-online.com\/sajti\/wp-content\/uploads\/2018\/10\/xheladin-zeneli-keshilltar-amerike.jpg 480w, https:\/\/ulqini-online.com\/sajti\/wp-content\/uploads\/2018\/10\/xheladin-zeneli-keshilltar-amerike-150x150.jpg 150w, https:\/\/ulqini-online.com\/sajti\/wp-content\/uploads\/2018\/10\/xheladin-zeneli-keshilltar-amerike-300x300.jpg 300w, https:\/\/ulqini-online.com\/sajti\/wp-content\/uploads\/2018\/10\/xheladin-zeneli-keshilltar-amerike-70x70.jpg 70w\" sizes=\"auto, (max-width: 480px) 100vw, 480px\" \/><\/a><\/div>\n<div class=\"aolmail_aolmail__1mf aolmail_aolmail__1mj\" style=\"position: relative; direction: ltr;\"><span style=\"font-family: impact, sans-serif; font-size: xx-large;\">Xheladin Zeneli, n\u00eb zgjedhjet locale n\u00eb n\u00ebntor kandidon p\u00ebr nj\u00eb vend n\u00eb K\u00ebshillin e Bashkis\u00eb s\u00eb qytetit t\u00eb tij Dumont \u2013 New Jersey<\/span><\/div>\n<\/div>\n<div style=\"font-size: 12px; font-family: system-ui, -apple-system, BlinkMacSystemFont, '.SFNSText-Regular', sans-serif; white-space: pre-wrap; color: #1d2129; caret-color: #1d2129;\">\n<div class=\"aolmail_aolmail__1mf aolmail_aolmail__1mj\" style=\"font-family: inherit; position: relative; direction: ltr;\"><span style=\"font-family: inherit;\">\u00a0<\/span><\/div>\n<\/div>\n<div style=\"font-size: 12px; font-family: system-ui, -apple-system, BlinkMacSystemFont, '.SFNSText-Regular', sans-serif; white-space: pre-wrap; color: #1d2129; caret-color: #1d2129;\">\n<div class=\"aolmail_aolmail__1mf aolmail_aolmail__1mj\" style=\"font-family: inherit; position: relative; direction: ltr;\"><span style=\"font-family: inherit;\"><b>\u00a0<\/b><\/span><\/div>\n<\/div>\n<div style=\"font-size: 12px; font-family: system-ui, -apple-system, BlinkMacSystemFont, '.SFNSText-Regular', sans-serif; white-space: pre-wrap; color: #1d2129; caret-color: #1d2129;\">\n<div class=\"aolmail_aolmail__1mf aolmail_aolmail__1mj\" style=\"font-family: inherit; position: relative; direction: ltr;\"><span style=\"font-family: inherit;\"><b>\u00a0<\/b><\/span><\/div>\n<div class=\"aolmail_aolmail__1mf aolmail_aolmail__1mj\" style=\"font-family: inherit; position: relative; direction: ltr;\"><span style=\"font-family: inherit;\"><b>\u00a0<\/b><\/span><\/div>\n<div class=\"aolmail_aolmail__1mf aolmail_aolmail__1mj\" style=\"font-family: inherit; position: relative; direction: ltr;\"><span style=\"font-family: inherit;\"><b>Nga Beqir SINA New York<\/b><\/span><\/div>\n<\/div>\n<div style=\"font-size: 12px; font-family: system-ui, -apple-system, BlinkMacSystemFont, '.SFNSText-Regular', sans-serif; white-space: pre-wrap; color: #1d2129; caret-color: #1d2129;\">\n<div class=\"aolmail_aolmail__1mf aolmail_aolmail__1mj\" style=\"font-family: inherit; position: relative; direction: ltr;\"><span style=\"font-family: inherit;\">\u00a0<\/span><\/div>\n<\/div>\n<div style=\"font-family: system-ui, -apple-system, BlinkMacSystemFont, '.SFNSText-Regular', sans-serif; white-space: pre-wrap; color: #1d2129; caret-color: #1d2129;\">\n<div class=\"aolmail_aolmail__1mf aolmail_aolmail__1mj\" style=\"font-size: 12px; font-family: inherit; position: relative; direction: ltr;\"><span style=\"font-family: inherit;\">\u00a0<\/span><\/div>\n<div class=\"aolmail_aolmail__1mf aolmail_aolmail__1mj\" style=\"font-size: 12px; font-family: inherit; position: relative; direction: ltr;\"><span style=\"font-family: inherit;\">\u00a0<\/span><\/div>\n<div class=\"aolmail_aolmail__1mf aolmail_aolmail__1mj\" style=\"font-family: inherit; position: relative; direction: ltr;\"><span style=\"font-family: inherit;\"><b><span style=\"font-size: x-large;\"><i>\u00a0<\/i><\/span><\/b><\/span><\/div>\n<div class=\"aolmail_aolmail__1mf aolmail_aolmail__1mj\" style=\"font-family: inherit; position: relative; direction: ltr;\"><\/div>\n<\/div>\n<div style=\"font-size: 12px; font-family: system-ui, -apple-system, BlinkMacSystemFont, '.SFNSText-Regular', sans-serif; white-space: pre-wrap; color: #1d2129; caret-color: #1d2129;\">\n<div class=\"aolmail_aolmail__1mf aolmail_aolmail__1mj\" style=\"font-family: inherit; position: relative; direction: ltr;\"><span style=\"font-family: inherit;\">\u00a0<\/span><\/div>\n<\/div>\n<div style=\"font-size: 12px; font-family: system-ui, -apple-system, BlinkMacSystemFont, '.SFNSText-Regular', sans-serif; white-space: pre-wrap; color: #1d2129; caret-color: #1d2129;\">\n<div class=\"aolmail_aolmail__1mf aolmail_aolmail__1mj\" style=\"font-family: inherit; position: relative; direction: ltr;\"><span style=\"font-family: inherit;\">\u00a0<\/span><\/div>\n<\/div>\n<div style=\"font-size: 12px; font-family: system-ui, -apple-system, BlinkMacSystemFont, '.SFNSText-Regular', sans-serif; white-space: pre-wrap; color: #1d2129; caret-color: #1d2129;\">\n<div class=\"aolmail_aolmail__1mf aolmail_aolmail__1mj\" style=\"font-family: inherit; position: relative; direction: ltr;\"><span style=\"font-family: inherit;\"><b>DUMONT \u2013 NEW JERSEY :<\/b> Ish deputeti n\u00eb parlamentin e pare pluralist te Malit t\u00eb Zi, Xheladine Zeneli autori i librit\u201d Diaspora dhe Vendlindja\u201d , veprimtar i njohur komunitetit shqiptar ne SHBA, n\u00eb zgjedhjet locale n\u00eb n\u00ebntor kandidon p\u00ebr nj\u00eb vend n\u00eb K\u00ebshillin e Bashkis\u00eb s\u00eb qytetit t\u00eb tij Dumont \u2013 New Jersey.<\/span><\/div>\n<\/div>\n<div style=\"font-size: 12px; font-family: system-ui, -apple-system, BlinkMacSystemFont, '.SFNSText-Regular', sans-serif; white-space: pre-wrap; color: #1d2129; caret-color: #1d2129;\">\n<div class=\"aolmail_aolmail__1mf aolmail_aolmail__1mj\" style=\"font-family: inherit; position: relative; direction: ltr;\"><span style=\"font-family: inherit;\">\u00a0<\/span><\/div>\n<div class=\"aolmail_aolmail__1mf aolmail_aolmail__1mj\" style=\"font-family: inherit; position: relative; direction: ltr;\"><span style=\"font-family: inherit;\">\u00a0<\/span><\/div>\n<div class=\"aolmail_aolmail__1mf aolmail_aolmail__1mj\" style=\"font-family: inherit; position: relative; direction: ltr;\"><span style=\"font-family: inherit;\">K\u00ebshtu t\u00eb pakt\u00ebn njoftoi ai n\u00eb statusin e tij n\u00eb Facebook, ku thot\u00eb se kandidon n\u00eb list\u00ebn e p\u00ebrbashk\u00ebt n\u00eb zgjedhjet e 6 N\u00ebntorit 2018, p\u00ebr k\u00ebshillatar\u00eb t\u00eb Bashkis\u00eb e cila p\u00ebrb\u00ebhet nga tre kandidat\u00eb, jan\u00eb edhe dy bashk\u00ebqytetar\u00ebt e e tij nga ky komunitet ata jan\u00eb kandidat\u00ebt Stephen O\u2019Neill dhe Joan Diore. <\/span><\/div>\n<div class=\"aolmail_aolmail__1mf aolmail_aolmail__1mj\" style=\"font-family: inherit; position: relative; direction: ltr;\"><span style=\"font-family: inherit;\">\u00a0<\/span><\/div>\n<div class=\"aolmail_aolmail__1mf aolmail_aolmail__1mj\" style=\"font-family: inherit; position: relative; direction: ltr;\"><span style=\"font-family: inherit;\">\u00a0<\/span><\/div>\n<\/div>\n<div style=\"font-size: 12px; font-family: system-ui, -apple-system, BlinkMacSystemFont, '.SFNSText-Regular', sans-serif; white-space: pre-wrap; color: #1d2129; caret-color: #1d2129;\">\n<div class=\"aolmail_aolmail__1mf aolmail_aolmail__1mj\" style=\"font-family: inherit; position: relative; direction: ltr;\"><span style=\"font-family: inherit;\">Gazeta Bota sot i uron\u00eb me k\u00ebt\u00eb rast zotit Zeneli, susksese dhe fat !<\/span><\/div>\n<\/div>\n<div style=\"font-size: 12px; font-family: system-ui, -apple-system, BlinkMacSystemFont, '.SFNSText-Regular', sans-serif; white-space: pre-wrap; color: #1d2129; caret-color: #1d2129;\">\n<div class=\"aolmail_aolmail__1mf aolmail_aolmail__1mj\" style=\"font-family: inherit; position: relative; direction: ltr;\"><span style=\"font-family: inherit;\">\u00a0<\/span><\/div>\n<\/div>\n<div style=\"font-size: 12px; font-family: system-ui, -apple-system, BlinkMacSystemFont, '.SFNSText-Regular', sans-serif; white-space: pre-wrap; color: #1d2129; caret-color: #1d2129;\">\n<div class=\"aolmail_aolmail__1mf aolmail_aolmail__1mj\" style=\"font-family: inherit; position: relative; direction: ltr;\"><span style=\"font-family: inherit;\">Ai shkroi n\u00eb llogarin\u00eb e tij n\u00eb rrjetin social Facebook, se :\u2019 \u201cKa disa koh\u00eb q\u00eb jam matur p\u00ebr t\u00eb dh\u00ebn\u00eb kontributin tim n\u00eb sh\u00ebrbimin publik n\u00eb vendbanimin tim n\u00eb SHBA ,por arsyeja kryesore q\u00eb deri m\u00eb tani nuk e kam b\u00ebr\u00eb nj\u00eb gj\u00eb t\u00eb till\u00eb ka qen\u00eb ajo, se gjat\u00eb 25 viteve t\u00eb fundit , prioritet i angazhimit tim ka qen\u00eb aktiviteti n\u00eb kumunitetin tim shqiptar n\u00eb New York me rrethe\u201d.<\/span><\/div>\n<\/div>\n<div style=\"font-size: 12px; font-family: system-ui, -apple-system, BlinkMacSystemFont, '.SFNSText-Regular', sans-serif; white-space: pre-wrap; color: #1d2129; caret-color: #1d2129;\">\n<div class=\"aolmail_aolmail__1mf aolmail_aolmail__1mj\" style=\"font-family: inherit; position: relative; direction: ltr;\"><span style=\"font-family: inherit;\">\u00a0<\/span><\/div>\n<\/div>\n<div style=\"font-size: 12px; font-family: system-ui, -apple-system, BlinkMacSystemFont, '.SFNSText-Regular', sans-serif; white-space: pre-wrap; color: #1d2129; caret-color: #1d2129;\">\n<div class=\"aolmail_aolmail__1mf aolmail_aolmail__1mj\" style=\"font-family: inherit; position: relative; direction: ltr;\"><span style=\"font-family: inherit;\">Nd\u00ebrsa sqaroi se vendimi im p\u00ebr t\u2019u kandiduar p\u00ebr k\u00ebshilltar\u00eb i Bashkis\u00eb (Komun\u00ebs) n\u00eb qytetin e vendbanimit tim, Dumont n\u00eb New Jersey (Nju Xherzi )n\u00eb zgjedhjet e 6 N\u00ebntorit t\u00eb k\u00ebtij viti, nuk vjen nga motive p\u00ebr karrier\u00eb politike, por thjesht\u00eb p\u00ebr disa arsy t\u00eb tjera.<\/span><\/div>\n<\/div>\n<div style=\"font-size: 12px; font-family: system-ui, -apple-system, BlinkMacSystemFont, '.SFNSText-Regular', sans-serif; white-space: pre-wrap; color: #1d2129; caret-color: #1d2129;\">\n<div class=\"aolmail_aolmail__1mf aolmail_aolmail__1mj\" style=\"font-family: inherit; position: relative; direction: ltr;\"><span style=\"font-family: inherit;\">\u00a0<\/span><\/div>\n<\/div>\n<div style=\"font-size: 12px; font-family: system-ui, -apple-system, BlinkMacSystemFont, '.SFNSText-Regular', sans-serif; white-space: pre-wrap; color: #1d2129; caret-color: #1d2129;\">\n<div class=\"aolmail_aolmail__1mf aolmail_aolmail__1mj\" style=\"font-family: inherit; position: relative; direction: ltr;\"><span style=\"font-family: inherit;\">\u201c-S\u00eb pari q\u00eb si taksapagues dhe qytetar\u00eb me p\u00ebrgjegj\u00ebsi ,t\u00eb mundohem q\u00eb t\u00eb jap edhe un\u00eb kontributin tim n\u00eb proceset vendim-marr\u00ebse n\u00eb qytetin (komun\u00ebn) ku jetoj q\u00eb nga viti 2004.Gjith\u00ebmon\u00eb m\u00eb ka t\u00ebrhequr m\u00ebnyra demokratike e procesit zgjedhor n\u00eb SHBA, si dhe fakti se shumica e atyre q\u00eb garojn\u00eb apo kandidohen , posa\u00e7\u00ebrisht n\u00eb nivel t\u00eb qeverisjes lokale, e b\u00ebjn\u00eb k\u00ebt\u00eb n\u00eb baza vullnetare dhe jo p\u00ebr p\u00ebr p\u00ebrfitime materiale pasi q\u00eb kompensimi ndaj k\u00ebshill\u00ebtar\u00ebve n\u00eb shumic\u00ebn e komunave \u00ebsht\u00eb simbolik.Pra, n\u00eb k\u00ebt\u00eb nivel t\u00eb qeverisjes angazhimi p\u00ebrceptohet jo si politik\u00eb, por si sh\u00ebrbim publik.<\/span><\/div>\n<\/div>\n<div style=\"font-size: 12px; font-family: system-ui, -apple-system, BlinkMacSystemFont, '.SFNSText-Regular', sans-serif; white-space: pre-wrap; color: #1d2129; caret-color: #1d2129;\">\n<div class=\"aolmail_aolmail__1mf aolmail_aolmail__1mj\" style=\"font-family: inherit; position: relative; direction: ltr;\"><span style=\"font-family: inherit;\">\u00a0<\/span><\/div>\n<\/div>\n<div style=\"font-size: 12px; font-family: system-ui, -apple-system, BlinkMacSystemFont, '.SFNSText-Regular', sans-serif; white-space: pre-wrap; color: #1d2129; caret-color: #1d2129;\">\n<div class=\"aolmail_aolmail__1mf aolmail_aolmail__1mj\" style=\"font-family: inherit; position: relative; direction: ltr;\"><span style=\"font-family: inherit;\">-Kur flitet p\u00ebr pun\u00ebn vullnetare at\u00ebher\u00eb duhet t\u00eb p\u00ebrmendi edhe arsyen tjet\u00ebr e angazhimit tim i cila ka t\u00eb b\u00ebj\u00eb me ate se e ndijej\u00eb vehten t\u00eb detyruar q\u00eb n\u00eb nj\u00eb m\u00ebnyr\u00eb apo tjet\u00ebr dhe brenda mund\u00ebsive dhe kapaciteteve t\u00eb mia t\u00eb mundohem t\u2019ja kthej kontributin aq t\u00eb madh q\u00eb ky shtet , pra SHBA ( me k\u00ebt\u00eb edhe New Jersey-i si shtet i tij),n\u00eb momente t\u00eb r\u00ebnd\u00ebsishme historike ka dh\u00ebn\u00eb p\u00ebr Shqip\u00ebrin\u00eb, Kosov\u00ebn dhe gjith\u00eb popullin shqiptar\u00eb.(Sa p\u00ebr informim, ish presidenti amerikan dhe miku i madh i shqiptar\u00ebve Woodrow Wilson, para se t\u00eb b\u00ebhej presidenti i 28-t\u00eb i SHBA , p\u00ebr nj\u00eb koh\u00eb t\u00eb caktuar ai ishte banor dhe governator i shtetit t\u00eb New Jersey-it)\u201d<\/span><\/div>\n<\/div>\n<div style=\"font-size: 12px; font-family: system-ui, -apple-system, BlinkMacSystemFont, '.SFNSText-Regular', sans-serif; white-space: pre-wrap; color: #1d2129; caret-color: #1d2129;\">\n<div class=\"aolmail_aolmail__1mf aolmail_aolmail__1mj\" style=\"font-family: inherit; position: relative; direction: ltr;\"><span style=\"font-family: inherit;\">\u00a0<\/span><\/div>\n<\/div>\n<div style=\"font-size: 12px; font-family: system-ui, -apple-system, BlinkMacSystemFont, '.SFNSText-Regular', sans-serif; white-space: pre-wrap; color: #1d2129; caret-color: #1d2129;\">\n<div class=\"aolmail_aolmail__1mf aolmail_aolmail__1mj\" style=\"font-family: inherit; position: relative; direction: ltr;\"><span style=\"font-family: inherit;\">M\u00eb tej Zeneli thekson se arsyeja tjet\u00ebr e vendimit t\u00eb tij, \u00ebsht\u00eb se ai mendon se pjes\u00ebtar\u00ebt e komunitetit shqiptar\u00eb duhet t\u00eb inkuadrohen edhe m\u00eb shum\u00eb n\u00eb jet\u00ebn shoq\u00ebrore politike n\u00eb vendbanimet ku ata gravitojn\u00eb n\u00eb diaspor\u00eb.<\/span><\/div>\n<\/div>\n<div style=\"font-size: 12px; font-family: system-ui, -apple-system, BlinkMacSystemFont, '.SFNSText-Regular', sans-serif; white-space: pre-wrap; color: #1d2129; caret-color: #1d2129;\">\n<div class=\"aolmail_aolmail__1mf aolmail_aolmail__1mj\" style=\"font-family: inherit; position: relative; direction: ltr;\"><span style=\"font-family: inherit;\">\u00a0<\/span><\/div>\n<\/div>\n<div style=\"font-size: 12px; font-family: system-ui, -apple-system, BlinkMacSystemFont, '.SFNSText-Regular', sans-serif; white-space: pre-wrap; color: #1d2129; caret-color: #1d2129;\">\n<div class=\"aolmail_aolmail__1mf aolmail_aolmail__1mj\" style=\"font-family: inherit; position: relative; direction: ltr;\"><span style=\"font-family: inherit;\">\u201cZ. Mark Gjonaj k\u00ebshilltari i par\u00eb shqiptar\u00eb n\u00eb Bashkin\u00eb e New York-ut, i cili pa dyshim se \u00ebsht\u00eb b\u00ebr\u00eb frym\u00ebzim p\u00ebr t\u00eb gjith\u00eb ne, vazhdimisht n\u00eb fjalimet e tia me pjes\u00ebtar\u00ebt e komunitetit shqiptar, gjith\u00ebnj\u00eb iu b\u00ebn apel atyre p\u00ebr nj\u00eb angazhim m\u00eb t\u00eb madh n\u00eb procesin vendim-marr\u00ebs n\u00eb komunat apo bashkit\u00eb e vendbanimeve p\u00ebrkat\u00ebse me q\u00ebllim t\u00eb faktorizimit t\u00eb komunitetit shqiptar\u00eb n\u00eb diaspor\u00eb.Koh\u00eb m\u00eb par\u00eb u publikua lajmi se n\u00eb Staten Island jetojn\u00eb rreth 24,000 shqiptar\u00eb apo 5% e popullsis\u00eb. Pyetja q\u00eb n\u2019a imponohet \u00ebsht\u00eb se sa prej tyre jan\u00eb t\u00eb inkuadruar si pjes\u00eb e procesit vendim-marr\u00ebs n\u00eb organet e qeverisjes lokale,pra pjes\u00eb e komunave apo bashkive p\u00ebrkat\u00ebse ?.\u201d<\/span><\/div>\n<\/div>\n<div style=\"font-size: 12px; font-family: system-ui, -apple-system, BlinkMacSystemFont, '.SFNSText-Regular', sans-serif; white-space: pre-wrap; color: #1d2129; caret-color: #1d2129;\">\n<div class=\"aolmail_aolmail__1mf aolmail_aolmail__1mj\" style=\"font-family: inherit; position: relative; direction: ltr;\"><span style=\"font-family: inherit;\">\u00a0<\/span><\/div>\n<\/div>\n<div style=\"font-size: 12px; font-family: system-ui, -apple-system, BlinkMacSystemFont, '.SFNSText-Regular', sans-serif; white-space: pre-wrap; color: #1d2129; caret-color: #1d2129;\">\n<div class=\"aolmail_aolmail__1mf aolmail_aolmail__1mj\" style=\"font-family: inherit; position: relative; direction: ltr;\"><span style=\"font-family: inherit;\">Ai tha se :\u201dM\u00eb vjen mir\u00eb kur ndigjoj q\u00eb pjes\u00ebtar\u00ebt e komunitetit shqiptar n\u00eb SHBA por edhe n\u00eb diasporat e tjera, angazhohen n\u00eb sh\u00ebrbimin publik dhe n\u00eb proceset shoq\u00ebroro-politike ku ata gravitojn\u00eb ,por mendoj se pjes\u00ebtar\u00ebt e komunitetit shqiptar\u00eb, posa\u00e7\u00ebrisht gjeneratat e reja mund t\u00eb b\u00ebjn\u00eb edhe m\u00eb shum\u00eb n\u00eb k\u00ebt\u00eb drejtim\u201d. <\/span><\/div>\n<\/div>\n<div style=\"font-size: 12px; font-family: system-ui, -apple-system, BlinkMacSystemFont, '.SFNSText-Regular', sans-serif; white-space: pre-wrap; color: #1d2129; caret-color: #1d2129;\">\n<div class=\"aolmail_aolmail__1mf aolmail_aolmail__1mj\" style=\"font-family: inherit; position: relative; direction: ltr;\"><span style=\"font-family: inherit;\">\u00a0<\/span><\/div>\n<\/div>\n<div style=\"font-size: 12px; font-family: system-ui, -apple-system, BlinkMacSystemFont, '.SFNSText-Regular', sans-serif; white-space: pre-wrap; color: #1d2129; caret-color: #1d2129;\">\n<div class=\"aolmail_aolmail__1mf aolmail_aolmail__1mj\" style=\"font-family: inherit; position: relative; direction: ltr;\"><span style=\"font-family: inherit;\"><b>Pak t\u00eb dh\u00ebna p\u00ebr bashkin\u00eb -Dumont dhe qeverisjen e saj lokale :<\/b><\/span><\/div>\n<\/div>\n<div style=\"font-size: 12px; font-family: system-ui, -apple-system, BlinkMacSystemFont, '.SFNSText-Regular', sans-serif; white-space: pre-wrap; color: #1d2129; caret-color: #1d2129;\">\n<div class=\"aolmail_aolmail__1mf aolmail_aolmail__1mj\" style=\"font-family: inherit; position: relative; direction: ltr;\"><span style=\"font-family: inherit;\">\u00a0<\/span><\/div>\n<\/div>\n<div style=\"font-size: 12px; font-family: system-ui, -apple-system, BlinkMacSystemFont, '.SFNSText-Regular', sans-serif; white-space: pre-wrap; color: #1d2129; caret-color: #1d2129;\">\n<div class=\"aolmail_aolmail__1mf aolmail_aolmail__1mj\" style=\"font-family: inherit; position: relative; direction: ltr;\"><span style=\"font-family: inherit;\">Dumont \u00ebsht\u00eb nj\u00eb qytet n\u00eb veri t\u00eb shtetit t\u00eb New Jersey-it, n\u00eb rajonin Bergen ( Bergen County), me nj\u00eb distanc\u00eb mesatare prej qendr\u00ebs s\u00eb Manhhatan-it n\u00eb NY prej 17 milave apo 27 km). Ka marr\u00eb statusin e bashkis\u00eb n\u00eb vitin 1894 , kurse emrin nga kryetari i par\u00eb i k\u00ebsaj bashkie, Dumont Clarke. Sipas regjistrimit t\u00eb fundit t\u00eb vitit 2010, Bashkia e qytetit Dumont-it ka rreth 17,500 banor\u00eb.Struktura demografike \u00ebsht\u00eb sa vijon: t\u00eb bardh\u00eb 75.91%, hispanik apo latin 14.76%, afrikano-amerikan 0.18% dhe t\u00eb racave t\u00eb tjera 9.31%. Aty jeton edhe nj\u00eb num\u00ebr i vog\u00ebl i shqiptar\u00ebve p\u00ebr t\u00eb cil\u00ebt nuk kemi t\u00eb dh\u00ebna konkrete, por q\u00eb me vot\u00ebn e tyre edhe mund t\u00eb ndikojn\u00eb n\u00eb zgjedhjet e N\u00ebntorit.<\/span><\/div>\n<\/div>\n<div style=\"font-size: 12px; font-family: system-ui, -apple-system, BlinkMacSystemFont, '.SFNSText-Regular', sans-serif; white-space: pre-wrap; color: #1d2129; caret-color: #1d2129;\">\n<div class=\"aolmail_aolmail__1mf aolmail_aolmail__1mj\" style=\"font-family: inherit; position: relative; direction: ltr;\"><span style=\"font-family: inherit;\">\u00a0<\/span><\/div>\n<\/div>\n<div style=\"font-size: 12px; font-family: system-ui, -apple-system, BlinkMacSystemFont, '.SFNSText-Regular', sans-serif; white-space: pre-wrap; color: #1d2129; caret-color: #1d2129;\">\n<div class=\"aolmail_aolmail__1mf aolmail_aolmail__1mj\" style=\"font-family: inherit; position: relative; direction: ltr;\"><span style=\"font-family: inherit;\">Organi i qeverisjes lokale t\u00eb bashkis\u00eb apo komun\u00ebs s\u00eb Dumont-it p\u00ebrb\u00ebhet nga Kryetari i Komun\u00ebs dhe K\u00ebshilli Bashkiak i cili ka vet\u00ebm 6 K\u00ebshilltar\u00eb, pozita k\u00ebto t\u00eb cilat zgjidhen drejt\u00eb p\u00ebr drejti nga votuesit n\u00eb baza partiake n\u00eb zgjedhjet e p\u00ebrgjith\u00ebshme n\u00eb muajin N\u00ebntor.<\/span><\/div>\n<\/div>\n<div style=\"font-size: 12px; font-family: system-ui, -apple-system, BlinkMacSystemFont, '.SFNSText-Regular', sans-serif; white-space: pre-wrap; color: #1d2129; caret-color: #1d2129;\">\n<div class=\"aolmail_aolmail__1mf aolmail_aolmail__1mj\" style=\"font-family: inherit; position: relative; direction: ltr;\"><span style=\"font-family: inherit;\">\u00a0<\/span><\/div>\n<\/div>\n<div style=\"font-size: 12px; font-family: system-ui, -apple-system, BlinkMacSystemFont, '.SFNSText-Regular', sans-serif; white-space: pre-wrap; color: #1d2129; caret-color: #1d2129;\">\n<div class=\"aolmail_aolmail__1mf aolmail_aolmail__1mj\" style=\"font-family: inherit; position: relative; direction: ltr;\"><span style=\"font-family: inherit;\">Kryebashkiaku zgjidhet me mandat kat\u00ebrvje\u00e7ar kurse k\u00ebshilltar\u00ebt me mandat trevje\u00e7ar. Bashkia ka sistemin e qeverisjes lokale i cili praktikohet n\u00eb nj\u00eb p\u00ebrqindje t\u00eb madhe n\u00eb shtetin e New Jersey-it sipas s\u00eb cilit fuqin\u00eb egzekutive e posedon K\u00ebshilli dhe jo Kryetari i Bashkis\u00eb. Pra, organin legjislativ e p\u00ebrb\u00ebjn\u00eb 6 k\u00ebshillatar\u00ebt n\u00eb mbledhjet e t\u00eb cil\u00ebve kryeson kryebashkiaku, por i cili voton vet\u00ebm n\u00eb rastin n\u00ebse votat e k\u00ebshilltar\u00ebve jan\u00eb t\u00eb ndara n\u00eb gjysm\u00eb.<\/span><\/div>\n<\/div>\n<div style=\"font-size: 12px; font-family: system-ui, -apple-system, BlinkMacSystemFont, '.SFNSText-Regular', sans-serif; white-space: pre-wrap; color: #1d2129; caret-color: #1d2129;\">\n<div class=\"aolmail_aolmail__1mf aolmail_aolmail__1mj\" style=\"font-family: inherit; position: relative; direction: ltr;\"><span style=\"font-family: inherit;\">\u00a0<\/span><\/div>\n<\/div>\n<div style=\"font-size: 12px; font-family: system-ui, -apple-system, BlinkMacSystemFont, '.SFNSText-Regular', sans-serif; white-space: pre-wrap; color: #1d2129; caret-color: #1d2129;\">\n<div class=\"aolmail_aolmail__1mf aolmail_aolmail__1mj\" style=\"font-family: inherit; position: relative; direction: ltr;\"><span style=\"font-family: inherit;\">Me k\u00ebt\u00eb rast d\u00ebshiroj t\u00eb b\u00ebj nj\u00eb krahasim: duke pasur parasysh faktin se gjith\u00eb kuvendi i bashkis\u00eb ( komun\u00ebs) n\u00eb fjal\u00eb p\u00ebrb\u00ebhet vet\u00ebm nga 6 k\u00ebshilltar\u00eb, mendoj se sistemi i qeverisjes lokale n\u00eb disa vende t\u00eb Ballkanit, me theks t\u00eb ve\u00e7ant\u00eb sistemi i qeverisjes lokale n\u00eb Mal t\u00eb Zi ku p\u00ebrfshihet edhe komuna e Ulqinit, mund t\u00eb m\u00ebsoj shum\u00eb nga m\u00ebnyra e qeverisjes lokale n\u00eb SHBA ,por kjo \u00ebsht\u00eb nj\u00eb tem\u00eb tjet\u00ebr.<\/span><\/div>\n<\/div>\n<div style=\"font-size: 12px; font-family: system-ui, -apple-system, BlinkMacSystemFont, '.SFNSText-Regular', sans-serif; white-space: pre-wrap; color: #1d2129; caret-color: #1d2129;\">\n<div class=\"aolmail_aolmail__1mf aolmail_aolmail__1mj\" style=\"font-family: inherit; position: relative; direction: ltr;\"><span style=\"font-family: inherit;\">\u00a0<\/span><\/div>\n<\/div>\n<div style=\"font-size: 12px; font-family: system-ui, -apple-system, BlinkMacSystemFont, '.SFNSText-Regular', sans-serif; white-space: pre-wrap; color: #1d2129; caret-color: #1d2129;\">\n<div class=\"aolmail_aolmail__1mf aolmail_aolmail__1mj\" style=\"font-family: inherit; position: relative; direction: ltr;\"><span style=\"font-family: inherit;\">N\u00eb fund, n\u00eb list\u00ebn e p\u00ebrbashk\u00ebt n\u00eb zgjedhjet e 6 N\u00ebntorit 2018 p\u00ebr k\u00ebshillatar\u00eb t\u00eb Bashkis\u00eb e cila p\u00ebrb\u00ebhet nga tre kandidat\u00eb, jan\u00eb edhe dy bashk\u00ebqytetar\u00ebt e mi,kandidat\u00ebt Stephen O\u2019Neill dhe Joan Diore.<\/span><\/div>\n<\/div>\n<\/div>\n<\/div>\n<\/div>\n<\/div>\n<\/div>\n<p>&nbsp;<\/p>\n","protected":false},"excerpt":{"rendered":"<p>Xheladin Zeneli, n\u00eb zgjedhjet locale n\u00eb n\u00ebntor kandidon p\u00ebr nj\u00eb vend n\u00eb K\u00ebshillin e Bashkis\u00eb s\u00eb qytetit t\u00eb tij Dumont \u2013 New Jersey \u00a0 \u00a0 \u00a0 \u00a0 Nga Beqir SINA New York \u00a0 \u00a0 \u00a0 \u00a0 \u00a0 \u00a0 DUMONT \u2013 NEW JERSEY : Ish deputeti n\u00eb parlamentin e pare pluralist te Malit t\u00eb Zi, Xheladine [&hellip;]<\/p>\n","protected":false},"author":1,"featured_media":20523,"comment_status":"open","ping_status":"open","sticky":false,"template":"","format":"standard","meta":{"_seopress_robots_primary_cat":"","_seopress_titles_title":"","_seopress_titles_desc":"","_seopress_robots_index":"","footnotes":""},"categories":[2,5],"tags":[],"class_list":["post-20536","post","type-post","status-publish","format-standard","has-post-thumbnail","hentry","category-aktualitet","category-diaspora"],"_links":{"self":[{"href":"https:\/\/ulqini-online.com\/sajti\/index.php?rest_route=\/wp\/v2\/posts\/20536","targetHints":{"allow":["GET"]}}],"collection":[{"href":"https:\/\/ulqini-online.com\/sajti\/index.php?rest_route=\/wp\/v2\/posts"}],"about":[{"href":"https:\/\/ulqini-online.com\/sajti\/index.php?rest_route=\/wp\/v2\/types\/post"}],"author":[{"embeddable":true,"href":"https:\/\/ulqini-online.com\/sajti\/index.php?rest_route=\/wp\/v2\/users\/1"}],"replies":[{"embeddable":true,"href":"https:\/\/ulqini-online.com\/sajti\/index.php?rest_route=%2Fwp%2Fv2%2Fcomments&post=20536"}],"version-history":[{"count":1,"href":"https:\/\/ulqini-online.com\/sajti\/index.php?rest_route=\/wp\/v2\/posts\/20536\/revisions"}],"predecessor-version":[{"id":20537,"href":"https:\/\/ulqini-online.com\/sajti\/index.php?rest_route=\/wp\/v2\/posts\/20536\/revisions\/20537"}],"wp:featuredmedia":[{"embeddable":true,"href":"https:\/\/ulqini-online.com\/sajti\/index.php?rest_route=\/wp\/v2\/media\/20523"}],"wp:attachment":[{"href":"https:\/\/ulqini-online.com\/sajti\/index.php?rest_route=%2Fwp%2Fv2%2Fmedia&parent=20536"}],"wp:term":[{"taxonomy":"category","embeddable":true,"href":"https:\/\/ulqini-online.com\/sajti\/index.php?rest_route=%2Fwp%2Fv2%2Fcategories&post=20536"},{"taxonomy":"post_tag","embeddable":true,"href":"https:\/\/ulqini-online.com\/sajti\/index.php?rest_route=%2Fwp%2Fv2%2Ftags&post=20536"}],"curies":[{"name":"wp","href":"https:\/\/api.w.org\/{rel}","templated":true}]}}