{"id":20529,"date":"2018-10-01T14:25:48","date_gmt":"2018-10-01T12:25:48","guid":{"rendered":"http:\/\/ulqini-online.com\/sajti\/?p=20529"},"modified":"2018-10-01T14:27:25","modified_gmt":"2018-10-01T12:27:25","slug":"konkurs-per-logon-e-qendres-per-kulture","status":"publish","type":"post","link":"https:\/\/ulqini-online.com\/sajti\/?p=20529","title":{"rendered":"Konkurs p\u00ebr logon t\u00eb Qendr\u00ebs p\u00ebr kultur\u00eb"},"content":{"rendered":"<p><a href=\"https:\/\/ulqini-online.com\/sajti\/wp-content\/uploads\/2015\/03\/Shtepia-kultures-ulqin.jpg\"><img loading=\"lazy\" decoding=\"async\" class=\"aligncenter wp-image-2320 \" src=\"https:\/\/ulqini-online.com\/sajti\/wp-content\/uploads\/2015\/03\/Shtepia-kultures-ulqin.jpg\" alt=\"\" width=\"621\" height=\"404\" srcset=\"https:\/\/ulqini-online.com\/sajti\/wp-content\/uploads\/2015\/03\/Shtepia-kultures-ulqin.jpg 384w, https:\/\/ulqini-online.com\/sajti\/wp-content\/uploads\/2015\/03\/Shtepia-kultures-ulqin-300x195.jpg 300w\" sizes=\"auto, (max-width: 621px) 100vw, 621px\" \/><\/a><\/p>\n<p>LAJM\u00cbRIM<\/p>\n<p>N\u00eb kuad\u00ebr t\u00eb aktiviteteve p\u00ebr sh\u00ebnimin e 35 vjetorit t\u00eb pun\u00ebs s\u00eb institucionit ton\u00eb si dhe me vendim t\u00eb drejtorit t\u00eb k\u00ebtij institucioni, NP Qendra per kulture Ulqin shpall konkurs p\u00ebr konceptimin ideor t\u00eb shenj\u00ebs dalluese &#8211; logos.<\/p>\n<p>Q\u00cbLLIMI<\/p>\n<p>Me d\u00ebshir\u00ebn q\u00eb t\u00eb komunikojm\u00eb n\u00eb nj\u00eb form\u00eb t\u00eb njohur, n\u00eb m\u00ebnyr\u00eb q\u00eb t\u00eb paraqesim karakterin e institucionit dhe at\u00eb ta p\u00ebrafrojm\u00eb komunitetit , , NP Qendra per kulture Ulqin \u201d d\u00ebshiron t\u00eb p\u00ebrcaktoj\u00eb identitetin e vet vizual dhe t\u00eb ket\u00eb simbolin themelor (logon).<\/p>\n<p>Logo e , NP Qendra per kulture Ulqin si shenj\u00eb dalluese duhet q\u00eb n\u00eb m\u00ebnyr\u00eb t\u00eb thjesht\u00eb, dalluese dhe mbres\u00ebl\u00ebn\u00ebse t\u00eb bashkoj\u00eb, ilustroj\u00eb dhe t\u00eb nxjerr\u00eb n\u00eb pah karakteristikat m\u00eb t\u00eb r\u00ebnd\u00ebsishme t\u00eb \u00a0NP Qendra per kulture Ulqin.<\/p>\n<p>TEMA e KONKURSIT<\/p>\n<p>Punimi i propozimit p\u00ebr logo t\u00eb , NP Qendra per kulture Ulqin \u2013 Propozimi i logos duhet qart\u00eb t\u00eb identifikoj\u00eb konceptin\u00a0 kulturo-artistik dhe te\u00a0 multikulturalizmit t\u00eb institucionit ton\u00eb.<\/p>\n<p>K\u00ebrkesat p\u00ebr dizajnin e shenj\u00ebs \u2013 logos<\/p>\n<p>Zgjedhja ideore duhet t\u00eb p\u00ebrmbaj\u00eb shenjin (elementi grafik) dhe logotipin (pjesa me shkronja). Te pjesa tekstuale e shenj\u00ebs \u2013logos \u2013duhet t\u00eb sh\u00ebnohet n\u00eb dy gjuh\u00eb em\u00ebrtimi i Ndermarrjes :<\/p>\n<p>JU Centar za kulturu &#8211; Ulcinj<\/p>\n<p>NP Qendra p\u00ebr kultur\u00eb \u2013 Ulqin<\/p>\n<p>Poashtu, tek pjesa tekstuale , sipas mund\u00ebsis\u00eb t\u00eb vendoset viti i themelimit t\u00eb institucionit ton\u00eb &#8211; 1983.<\/p>\n<p>Kushtet e konkursit<\/p>\n<p>T\u00eb drejt\u00eb pjes\u00ebmarrje kan\u00eb t\u00eb gjith\u00eb personat fizik dhe juridik.<\/p>\n<p>Punimet mund t\u00eb dor\u00ebzohen n\u00eb ambientet e arkiv\u00ebs s\u00eb , NP Qendra p\u00ebr kultur\u00eb Ulqin.<\/p>\n<p>Autori i punimit fitues \u00ebsht\u00eb i obliguar t\u00eb dor\u00ebzoj\u00eb tek NP Qendra per kulture Ulqin zgjidhjen grafike n\u00eb form\u00eb fajli n\u00eb format vektor.<\/p>\n<p>AFATI P\u00cbR DOR\u00cbZIMIN E PUNIMEVE<\/p>\n<p>T\u00eb drejt\u00eb pjes\u00ebmarrjeje kan\u00eb autor\u00ebt t\u00eb cil\u00ebt dor\u00ebzojn\u00eb punimet deri me 15.10.2018 deri n\u00eb ora 12:00 me sh\u00ebnimin &#8220;Konkursi p\u00ebr dizenjimin e logos , NP Qendra per kulture Ulqin, n\u00eb zarf t\u00eb mbyllur me shenj\u00ebn \u201cMos e hap\u201d.<\/p>\n<p>JURIA PROFESIONALE DHE SHP\u00cbRBLIMI<\/p>\n<p>Vendimin p\u00ebr punimin fitues do ta sjell\u00eb juria profesionale me dat\u00eb 17.10.2018 n\u00eb ora 12:00, pran\u00eb NP Qendra per kulture Ulqin<\/p>\n<p>Punimi fitues do t\u00eb shp\u00ebrblehet me \u00e7mimin n\u00eb t\u00eb holla me vler\u00eb 150\u20ac .<\/p>\n<p>DREJTORI<\/p>\n<p>Musa Hoxhiq<\/p>\n<p>&nbsp;<\/p>\n","protected":false},"excerpt":{"rendered":"<p>LAJM\u00cbRIM N\u00eb kuad\u00ebr t\u00eb aktiviteteve p\u00ebr sh\u00ebnimin e 35 vjetorit t\u00eb pun\u00ebs s\u00eb institucionit ton\u00eb si dhe me vendim t\u00eb drejtorit t\u00eb k\u00ebtij institucioni, NP Qendra per kulture Ulqin shpall konkurs p\u00ebr konceptimin ideor t\u00eb shenj\u00ebs dalluese &#8211; logos. Q\u00cbLLIMI Me d\u00ebshir\u00ebn q\u00eb t\u00eb komunikojm\u00eb n\u00eb nj\u00eb form\u00eb t\u00eb njohur, n\u00eb m\u00ebnyr\u00eb q\u00eb t\u00eb paraqesim [&hellip;]<\/p>\n","protected":false},"author":1,"featured_media":2320,"comment_status":"open","ping_status":"open","sticky":false,"template":"","format":"standard","meta":{"_seopress_robots_primary_cat":"","_seopress_titles_title":"","_seopress_titles_desc":"","_seopress_robots_index":"","footnotes":""},"categories":[2,4],"tags":[],"class_list":["post-20529","post","type-post","status-publish","format-standard","has-post-thumbnail","hentry","category-aktualitet","category-kronike"],"_links":{"self":[{"href":"https:\/\/ulqini-online.com\/sajti\/index.php?rest_route=\/wp\/v2\/posts\/20529","targetHints":{"allow":["GET"]}}],"collection":[{"href":"https:\/\/ulqini-online.com\/sajti\/index.php?rest_route=\/wp\/v2\/posts"}],"about":[{"href":"https:\/\/ulqini-online.com\/sajti\/index.php?rest_route=\/wp\/v2\/types\/post"}],"author":[{"embeddable":true,"href":"https:\/\/ulqini-online.com\/sajti\/index.php?rest_route=\/wp\/v2\/users\/1"}],"replies":[{"embeddable":true,"href":"https:\/\/ulqini-online.com\/sajti\/index.php?rest_route=%2Fwp%2Fv2%2Fcomments&post=20529"}],"version-history":[{"count":3,"href":"https:\/\/ulqini-online.com\/sajti\/index.php?rest_route=\/wp\/v2\/posts\/20529\/revisions"}],"predecessor-version":[{"id":20532,"href":"https:\/\/ulqini-online.com\/sajti\/index.php?rest_route=\/wp\/v2\/posts\/20529\/revisions\/20532"}],"wp:featuredmedia":[{"embeddable":true,"href":"https:\/\/ulqini-online.com\/sajti\/index.php?rest_route=\/wp\/v2\/media\/2320"}],"wp:attachment":[{"href":"https:\/\/ulqini-online.com\/sajti\/index.php?rest_route=%2Fwp%2Fv2%2Fmedia&parent=20529"}],"wp:term":[{"taxonomy":"category","embeddable":true,"href":"https:\/\/ulqini-online.com\/sajti\/index.php?rest_route=%2Fwp%2Fv2%2Fcategories&post=20529"},{"taxonomy":"post_tag","embeddable":true,"href":"https:\/\/ulqini-online.com\/sajti\/index.php?rest_route=%2Fwp%2Fv2%2Ftags&post=20529"}],"curies":[{"name":"wp","href":"https:\/\/api.w.org\/{rel}","templated":true}]}}