{"id":20520,"date":"2018-10-01T10:32:41","date_gmt":"2018-10-01T08:32:41","guid":{"rendered":"http:\/\/ulqini-online.com\/sajti\/?p=20520"},"modified":"2018-10-01T10:32:41","modified_gmt":"2018-10-01T08:32:41","slug":"shkup-zaev-nuk-dorehiqem-ishte-nje-referendum-i-suksesshem","status":"publish","type":"post","link":"https:\/\/ulqini-online.com\/sajti\/?p=20520","title":{"rendered":"SHKUP &#8211; Zaev: Nuk dor\u00ebhiqem, ishte nj\u00eb referendum i suksessh\u00ebm"},"content":{"rendered":"<p><a href=\"https:\/\/ulqini-online.com\/sajti\/wp-content\/uploads\/2017\/03\/Zoran-Zaev.jpg\"><img loading=\"lazy\" decoding=\"async\" class=\"aligncenter wp-image-13031 \" src=\"https:\/\/ulqini-online.com\/sajti\/wp-content\/uploads\/2017\/03\/Zoran-Zaev.jpg\" alt=\"\" width=\"517\" height=\"294\" srcset=\"https:\/\/ulqini-online.com\/sajti\/wp-content\/uploads\/2017\/03\/Zoran-Zaev.jpg 352w, https:\/\/ulqini-online.com\/sajti\/wp-content\/uploads\/2017\/03\/Zoran-Zaev-300x170.jpg 300w\" sizes=\"auto, (max-width: 517px) 100vw, 517px\" \/><\/a><\/p>\n<p>SHKUP, 1 tetor \/ATSH-ANSA\/ \u2013 Kryeministri maqedonas Zoran Zaev tha se nuk kishte nd\u00ebrmend t\u00eb jepte dor\u00ebheqjen pavar\u00ebsisht nga pjes\u00ebmarrja n\u00eb referendumin p\u00ebr ndryshimin e emrit te vendit.<\/p>\n<p>\u201cIshte nj\u00eb referendum i suksessh\u00ebm, shumica e qytetar\u00ebve votuan \u2018\u2019PO\u2019\u2019, do t\u00eb diskutojm\u00eb me kund\u00ebrshtar\u00ebt tan\u00eb n\u00eb parlament dhe n\u00ebse kemi dy t\u00eb tretat e shumic\u00ebs p\u00ebr ndryshimet kushtetuese do t\u00eb vazhdojm\u00eb me zbatimin e marr\u00ebveshjes me Greqin\u00eb\u2019\u2019, theksoi kryeministri.<\/p>\n<p>\u201cN\u00ebse rezultati nuk certifikohet nga Kuvendi, at\u00ebher\u00eb do t\u00eb shkohet n\u00eb zgjedhje t\u00eb parakohshme parlamentare\u201d, tha kryeministri duke theksuar se ato mund t\u00eb mbahen n\u00eb n\u00ebntor.<\/p>\n<p>\u201cNuk ka alternativ\u00eb tjet\u00ebr p\u00ebr an\u00ebtaresimin e Maqedonis\u00eb n\u00eb BE dhe NATO\u201d, shtoi ai. \/os\/<\/p>\n","protected":false},"excerpt":{"rendered":"<p>SHKUP, 1 tetor \/ATSH-ANSA\/ \u2013 Kryeministri maqedonas Zoran Zaev tha se nuk kishte nd\u00ebrmend t\u00eb jepte dor\u00ebheqjen pavar\u00ebsisht nga pjes\u00ebmarrja n\u00eb referendumin p\u00ebr ndryshimin e emrit te vendit. \u201cIshte nj\u00eb referendum i suksessh\u00ebm, shumica e qytetar\u00ebve votuan \u2018\u2019PO\u2019\u2019, do t\u00eb diskutojm\u00eb me kund\u00ebrshtar\u00ebt tan\u00eb n\u00eb parlament dhe n\u00ebse kemi dy t\u00eb tretat e shumic\u00ebs p\u00ebr [&hellip;]<\/p>\n","protected":false},"author":1,"featured_media":13031,"comment_status":"open","ping_status":"open","sticky":false,"template":"","format":"standard","meta":{"_seopress_robots_primary_cat":"","_seopress_titles_title":"","_seopress_titles_desc":"","_seopress_robots_index":"","footnotes":""},"categories":[2,10],"tags":[49,2045],"class_list":["post-20520","post","type-post","status-publish","format-standard","has-post-thumbnail","hentry","category-aktualitet","category-rajoni","tag-maqedoni","tag-zoran-zaev"],"_links":{"self":[{"href":"https:\/\/ulqini-online.com\/sajti\/index.php?rest_route=\/wp\/v2\/posts\/20520","targetHints":{"allow":["GET"]}}],"collection":[{"href":"https:\/\/ulqini-online.com\/sajti\/index.php?rest_route=\/wp\/v2\/posts"}],"about":[{"href":"https:\/\/ulqini-online.com\/sajti\/index.php?rest_route=\/wp\/v2\/types\/post"}],"author":[{"embeddable":true,"href":"https:\/\/ulqini-online.com\/sajti\/index.php?rest_route=\/wp\/v2\/users\/1"}],"replies":[{"embeddable":true,"href":"https:\/\/ulqini-online.com\/sajti\/index.php?rest_route=%2Fwp%2Fv2%2Fcomments&post=20520"}],"version-history":[{"count":1,"href":"https:\/\/ulqini-online.com\/sajti\/index.php?rest_route=\/wp\/v2\/posts\/20520\/revisions"}],"predecessor-version":[{"id":20521,"href":"https:\/\/ulqini-online.com\/sajti\/index.php?rest_route=\/wp\/v2\/posts\/20520\/revisions\/20521"}],"wp:featuredmedia":[{"embeddable":true,"href":"https:\/\/ulqini-online.com\/sajti\/index.php?rest_route=\/wp\/v2\/media\/13031"}],"wp:attachment":[{"href":"https:\/\/ulqini-online.com\/sajti\/index.php?rest_route=%2Fwp%2Fv2%2Fmedia&parent=20520"}],"wp:term":[{"taxonomy":"category","embeddable":true,"href":"https:\/\/ulqini-online.com\/sajti\/index.php?rest_route=%2Fwp%2Fv2%2Fcategories&post=20520"},{"taxonomy":"post_tag","embeddable":true,"href":"https:\/\/ulqini-online.com\/sajti\/index.php?rest_route=%2Fwp%2Fv2%2Ftags&post=20520"}],"curies":[{"name":"wp","href":"https:\/\/api.w.org\/{rel}","templated":true}]}}