{"id":20515,"date":"2018-10-01T10:24:03","date_gmt":"2018-10-01T08:24:03","guid":{"rendered":"http:\/\/ulqini-online.com\/sajti\/?p=20515"},"modified":"2018-10-01T10:24:03","modified_gmt":"2018-10-01T08:24:03","slug":"taktikat-e-gabuara-t%d1%91-tha%d2%81it-si-komprometim-i-strategjis%d1%91-s%d1%91-drejt%d1%91-t%d1%91-kosov%d1%91s","status":"publish","type":"post","link":"https:\/\/ulqini-online.com\/sajti\/?p=20515","title":{"rendered":"Taktikat e gabuara t\u0451 Tha\u0481it si komprometim i strategjis\u0451 s\u0451 drejt\u0451 t\u0451 Kosov\u0451s"},"content":{"rendered":"<p><a href=\"https:\/\/ulqini-online.com\/sajti\/wp-content\/uploads\/2015\/02\/islam-lauka.jpg\"><img loading=\"lazy\" decoding=\"async\" class=\"aligncenter wp-image-1781 \" src=\"https:\/\/ulqini-online.com\/sajti\/wp-content\/uploads\/2015\/02\/islam-lauka.jpg\" alt=\"\" width=\"492\" height=\"377\" srcset=\"https:\/\/ulqini-online.com\/sajti\/wp-content\/uploads\/2015\/02\/islam-lauka.jpg 326w, https:\/\/ulqini-online.com\/sajti\/wp-content\/uploads\/2015\/02\/islam-lauka-300x230.jpg 300w\" sizes=\"auto, (max-width: 492px) 100vw, 492px\" \/><\/a><\/p>\n<p>Nga <strong>Dr. Islam LAUKA *<\/strong><\/p>\n<p>&nbsp;<\/p>\n<p>Hashim Tha\u0481i u p\u0451rpoq dy her\u0451 p\u0451r ndryshimin e statukuos\u0451 n\u0451 Kosov\u0451. Her\u0451n e par\u0451, kur si udh\u0451heq\u0451s politik I U\u04aaK-s\u0451, p\u0451rcaktoi drejt strategjin\u0451 e saj \u2013 mbrojtjen e popullsis\u0451 nga makineria ushtarako-policore serbe dhe \u0481lirimin e Kosov\u0451s, natyrisht, me ndihm\u0451n e NATO-s, si dhe taktik\u0451n e duhur p\u0451r realizmin e k\u0451saj strategjie \u2013 luft\u0451n guerile. Strategjia dhe taktika e U\u04aaK-s\u0451 iu b\u0451n\u0451 t\u0451 qarta popullit dhe ai e mb\u0451shteti, pa rezerv\u0451, at\u0451. Esht\u0451 fakt i pranuar, gjer\u0451sisht, q\u0451 lufta guerile e U\u04aaK-s\u0451 ishte nd\u0451r m\u0451 t\u0451 suksesshmet n\u0451 historin\u0451 e luft\u0451rave t\u0451 ksaj natyre. Ajo u d\u0451shmoi miqve tan\u0451 q\u0451 shqiptar\u0451t e Kosov\u0451s jane gati t\u0451 vdesin p\u0451r lirin\u0451 e tyre dhe ata nuk na lan\u0451 vet\u0451m n\u0451 k\u0451t\u0451 kauz\u0451. N\u0451 pranver\u0451 t\u0451 vitit 1999, NATO sulmoi ish-Jugosllavin\u0451 dhe Kosova u \u0481lirua nga pushtuesi serb. Hashim Tha\u0481i hyri n\u0451 Prishtin\u0451 si fitues dhe k\u0451t\u0451 fitore ai e shfrytezoi me mjesht\u0451ri p\u0451r t\u0451 hipur n\u0451 pushtet.<\/p>\n<p>Hera e dyt\u0451 q\u0451 Tha\u0481i po p\u0451rpiqet p\u0451r ndryshimin e statukuos\u0451 n\u0451 Kosov\u0451 \u0451sht\u0451 tani. K\u0451t\u0451 radh\u0451, p\u0451r t\u0451 q\u0451ndruar n\u0451 pushtet. Ashtu si n\u0451 rastin e par\u0451, objektivi strategjik i Kosov\u0451s, i p\u0451rcaktuar nga parlamenti dhe gjjith\u0451 forcat politike dhe intelektuale t\u0451 vendit, \u0451sht\u0451 i qart\u0451 \u2013 konsolidimi i subjektivitetit nd\u0451rkomb\u0451tar t\u0451 Kosov\u0451s. Ky objektiv g\u0451zon mb\u0451shtjetje t\u0451 gjer\u0451 politike dhe shoq\u0451rore, n\u0451 vend.<\/p>\n<p>T\u0451 gjith\u0451 jemi t\u0451 vet\u0451dijsh\u0451m q\u0451 procesi i njohjeve t\u0451 reja ka ngecur, q\u0451 an\u0451tar\u0451simi i Kosov\u0451s n\u0451 organizata nd\u0451rkomb\u0451tare \u0451sht\u0451 bllokuar dhe se vazhdimi i m\u0451tejsh\u0451m i k\u0451saj situate d\u0451mton interesat tona shtet\u0451rore, aktuale, por edhe ato afatgjata. Ajo q\u0451 nuk shkon tani, duket se \u0451sht\u0451 taktitka e gabuar q\u0451 Tha\u0481i ka zgjedhur p\u0451r send\u0451rtimin e nj\u0451 objektivi t\u0451 sakt\u0451 strategjik, sic \u0451sht\u0451 ai p\u0451r forcimin e subjektivitetit nd\u0451rkomb\u0451tar t\u0451 Kosov\u0451s. Si\u0481 dihet, para disa muajsh, ai vendosi, individualisht, q\u0451 n\u0451 axhend\u0451n e bisedimeve me Serbin\u0451 t\u0451 fus\u0451 \u0481\u0451shtjen e korrigjimit t\u0451 kufijve, q\u0451, sipas tij, do t\u0451 b\u0451j\u0451 t\u0451 mundur njohjen e Kosov\u0451s nga Beogradi dhe n\u0451nshkrimin prej tij t\u0451 marr\u0451veshjes me Kosovo\u0451n, ligj\u0451risht t\u0451 detyrueshme.<\/p>\n<p>Duke qen\u0451 se k\u0451t\u0451 vendim ai e mori pa u konsultuar me faktor\u0451t politik\u0451 t\u0451 koalicionit qeveritar a t\u0451 opozit\u0451s dhe pa dh\u0451n\u0451 sqarime n\u0451 kuvend, as n\u0451 opinionin publik se \u0481far\u0451 kupton ai me termin \u201ckorrigjim kufiri\u201d dhe si do ta zbatoj\u0451 at\u0451 praktikisht, nuk ka se si vendimmarrja e tij e nj\u0451anshme t\u0451 g\u0451zoj\u0451 mb\u0451shtetje politike e shoq\u0451rore. Ai ka pretenduar se g\u0451zon mb\u0451shtetjen e 80% t\u0451 qytetar\u0451ve t\u0451 vendit, por nj\u0451 hulumtim i k\u0451tyre dit\u0451ve i Institutit Demokratik t\u0451 Kosov\u0451s, d\u0451shmoi t\u0451 kund\u0451rt\u0451n, vet\u0451m 11% e mb\u0451shtesin iden\u0451 e tij, nd\u0451rsa 77.6% jan\u0451 kund\u0451r.<\/p>\n<p>Pas kthimit nga nj\u0451 vizit\u0451 q\u0451 shihet si e d\u0451shtuar n\u0451 SHBA, Presidenti Tha\u0481i nuk po flet me nervin e m\u0451parsh\u0451m rreth ides\u0451 s\u0451 tij p\u0451r korrigjimin e kufirit. Megjithat\u0451, n\u0451 shkrimet autoriale dhe konferencat e shtypit, ai p\u0451rmendi tre element\u0451 t\u0451 k\u0451saj ideje: se pari, Tha\u0481i deklaroi se mori mb\u0451shtjetjen e Uashingtonit p\u0451r demarkimin e kufirit, apo si\u0481 u shpreh ai, p\u0451r \u201ckorrigjimin e leht\u0451 t\u0451 kufijve mes Kosov\u0451s dhe Serbis\u0451\u201d. S\u0451 dyti, ai siguroi se Kosova ka qen\u0451 dhe do t\u0451 mbetet nj\u0451 rast sui generis. S\u0451 treti, tha se bashk\u0451biseduesve u ka b\u0451r\u0451 t\u0451 njohur vullnetin politik t\u0451 udhq\u0451heq\u0451sve t\u0451 komunave t\u0451 Preshev\u0451s, Medvegj\u0451s dhe Bujanocit p\u0451r tu bashkuar me Kosov\u0451n.<\/p>\n<p>N\u0451 t\u0451 tre rastet, Tha\u0481i d\u0451shmoi at\u0451 q\u0451 ka d\u0451shmuar, q\u0451kur doli me tez\u0451n e korrigjimit t\u0451 kufirit \u2013 munges\u0451n e plot\u0451 t\u0451 transparenc\u0451s e llogaridh\u0451nies, shpesh, edhe munges\u0451n e t\u0451 kuptuarit, drejt, t\u0451 proceseve historike, n\u0451p\u0451r t\u0451 cilat ka kaluar Kosova. Ashtu si\u0481 nuk e b\u0451ri kurr\u0451 t\u0451 qart\u0451 se \u0481far\u0451 do t\u0451 \u201ckorrigjoj\u0451\u201d Serbia, n\u0451 k\u0451mbim t\u0451, gjoja, bashkimit t\u0451 Lugin\u0451s s\u0451 Preshev\u0451s me Kosov\u0451n, as k\u0451t\u0451 radh\u0451, nuk shpjegoi se \u0481far\u0451 do t\u0451 thot\u0451 \u201ckorrigjim i leht\u0451\u201d. \u04aafar\u0451 ndodhi q\u0451 nocioni i tij i \u201ckorrigjimit t\u0451 kufijve\u201d a k\u0451mbimit t\u0451 territoreve, u leht\u0451sua? Duket se n\u0451 Uashington, Presidneti Tha\u0481i \u0451sht\u0451 kthjelluar dhe ka kuptuar se nuk e ka mb\u0451shtetjen e jashtme q\u0451 ai ka pretenduar p\u0451r ndryshimin e kufijve. Ai duhet t\u0451 jet\u0451 vet\u0451dij\u0451suar q\u0451 Presidenti Tramp nuk e ka kund n\u0451 defter\u0451t e tij Kosov\u0451n, jo e jo, por as Ballkanin. Kur ai u thot\u0451 aleat\u0451ve t\u0451 vjet\u0451r t\u0451 Amerik\u0451s, Gjermanis\u0451 dhe Franc\u0451s, mjaft m\u0451, pa bilet\u0451 nuk mund t\u0451 udh\u0451tohet, apo se nuk ka m\u0451 djath\u0451 pa pare, n\u0451 kuptimin q\u0451 p\u0451r sigurin\u0451 duhet paguar, nuk \u0451sht\u0451 v\u0451shtir\u0451 q\u0451 t\u0451 merret me mend se \u0481far\u0451 mendon ai p\u0451r Ballkanin dhe vendet e tij t\u0451 vogla q\u0451 nuk paraqesin ndonj\u0451 interes p\u0451r t\u0451 dhe, p\u0451r m\u0451 tep\u0451r, nuk kan\u0451 as para. E vetmja gj\u0451 q\u0451 d\u0451shiron Trampi nga Ballkani \u0451sht\u0451 q\u0451 ai t\u0451 mos i nxjerr\u0451 telashe dhe mund\u0451sisht, t\u0451 mos harxhoj\u0451 asnj\u0451 cent p\u0451r t\u0451. L\u0451vizja e kufijve e Tha\u0481it del jasht\u0451 k\u0451tij kuadri.<\/p>\n<p>Nuk \u0451sht\u0451 fort larg k\u0451tij koncepti as Europa, e mb\u0451rthyer n\u0451 kriz\u0451. \u201cPragmatizmi parimor\u201d i Brukselit po reduktohet, gradualisht, n\u0451 pragmatiz\u0451m joparimor. As BE nuk do telashe e shpenzime n\u0451 k\u0451to koh\u0451 t\u0451 v\u0451shtira.<\/p>\n<p>Nga takimet n\u0451 Nju Jork, Presidenti Tha\u0481i duhet t\u0451 ket\u0451 kuptuar q\u0451 detyra e shtetarit t\u0451 v\u0451rtet\u0451 \u0451sht\u0451, jo t\u0451 p\u0451rvjedh\u0451 ndonj\u0451 informacion se nga cila ide anon ky, apo ai zyrtar amerikan a europian, p\u0451r ta paraqitur pastaj at\u0451 ide si interes t\u0451 shqiptar\u0451ve, por t\u0451 p\u0451rcaktoj\u0451 dhe p\u0451rkufizoj\u0451 interesin shqiptar, mbi baz\u0451n e nj\u0451 analize t\u0451 thell\u0451 e gjith\u0451p\u0451rfshir\u0451se dhe, vet\u0451m pas k\u0451saj, t\u0451 p\u0451rpiqet q\u0451 t\u0451 siguroj\u0451 mb\u0451shtjetjen maksimale t\u0451 miqve dhe aleat\u0451ve p\u0451r realizimin e tij.<\/p>\n<p>Sa i takon theksimit, nga ana e Tha\u0481it, t\u0451 karakterit sui generis t\u0451 rastit Kosov\u0451, vec munges\u0451s s\u0451 njohjes s\u0451 k\u0451tij koncepti, kemi t\u0451 b\u0451jm\u0451 me nj\u0451 p\u0451rpjekje t\u0451 d\u0451shtuar p\u0451r t\u0451 justifikuar taktik\u0451n e tij t\u0451 gabuar t\u0451 korrigjimit t\u0451 kufijve me Serbin\u0451, me unikalitetin e Kosov\u0451s. Logjika e tij \u0451sht\u0451 e thjesht\u0451: meqen\u0451se Kosova \u0451sht\u0451 vler\u0451suar si rast i ve\u0481ant\u0451, ndryshe nga vendet e tjera, asaj mund t\u2019i lejohet edhe loja me kufijt\u0451. P\u0451rderisa nuk sh\u0451rbeu si precedent me 1999, as me 2008, p\u0451rse u dashk\u0451rka trajtuar si i till\u0451, me 2018, n\u0451 rast t\u0451 l\u0451vizjes s\u0451 \u201cleht\u0451\u201d t\u0451 kufijve? Ky \u0451sht\u0451 nj\u0451 nd\u0451r spekulimet m\u0451 t\u0451 paskrupullta q\u0451 b\u0451het me tez\u0451n shkencore t\u0451 karakterit sui generis t\u0451 rastit Kosov\u0451.<\/p>\n<p>Nd\u0451rhyrja e NATO-s m\u0451 1999 dhe shpallja e pavar\u0451sis\u0451 s\u0451 Kosov\u0451s me 2008, me t\u0451 drejt\u0451 jan\u0451 argumentuar me natyr\u0451n, krejt t\u0451 ve\u0481ant\u0451, t\u0451 k\u0451tij konflikti. Por kjo nuk u jep aspak t\u0451 drejt\u0451 politikan\u0451ve si Tha\u0481i, q\u0451 \u0481do veprim t\u0451 tyre ta justifikojn\u0451 me ve\u0481an\u0451sin\u0451 e Kosov\u0451s. N\u0451se duhet folur p\u0451r ve\u0481an\u0451si n\u0451 rastin e Tha\u0481it, at\u0451her\u0451 ajo lidhet me p\u0451rmasat e arbitraritetit n\u0451 vendimmarrjen e tij.<\/p>\n<p>Lidhur me shqiptar\u0451t e Lugin\u0451s s\u0451 Preshev\u0451s, Presidenti Tha\u0481i, lau duart si Pons Pilati. N\u0451 kalim e sip\u0451r, ai p\u0451rmendi se e ka p\u0451rcjellur d\u0451shir\u0451n e tyre p\u0451r bashkim me Kosov\u0451n, por nuk tha asnj\u0451 fjal\u0451 se cili ishte q\u0451ndrimi I bashk\u0451biseduesve p\u0451r k\u0451t\u0451 \u0481\u0451shtje. Q\u0451ndrimi i tyre, jo se ka munguar, por, me siguri, ndryshon ose \u0451sht\u0451 krejt I kund\u0451rt me at\u0451 t\u0451 tijin dhe Tha\u0481i nuk d\u0451shiron ta b\u0451j\u0451 at\u0451 t\u0451 njohur.<\/p>\n<p>Postulatet se \u201cligji nd\u0451rkomb\u0451tar i lejon shtetet sovrane t\u0451 p\u0451rcaktojn\u0451 kufijt\u0451 e tyre, si\u0481 e shohin ato t\u0451 arsyeshme\u201d, apo se \u201c\u0481do marr\u0451veshje p\u0451rfundimtare me Serbin\u0451 duhet t\u0451 adresoj\u0451 kufijt\u0451 tan\u0451 shtet\u0451ror\u0451\u201d, q\u0451 ai p\u0451rpiqet t\u2019i paraqes\u0451 si zbulime, jane t\u0451 njohura edhe p\u0451r fillorist\u0451t. Vet\u0451m se, q\u0451 t\u0451 ndodh\u0451 kjo gj\u0451 kaq e thjesht\u0451 dhe normale, duhet, s\u0451 pari, q\u0451 Serbia ta njoh\u0451 Kosov\u0451n si shtet t\u0451 pavarur dhe sovran, pastaj t\u0451 bien dakord p\u0451r sh\u0451njimin e kufirit midis tyre.<\/p>\n<p>Duket se ideja e Tha\u0481it p\u0451r \u201ckorrigjim\u201d a k\u0451mbim territori, po rr\u0451zohet, n\u0451 planin e jasht\u0451m dhe at\u0451 t\u0451 brendsh\u0451m. At\u0451 nuk mund ta shp\u0451toj\u0451 as Kryeministri i Shqip\u0451ris\u0451, Edi Rama, i cili ka filluar ta nxjerr\u0451 kok\u0451n, nga posht\u0451 sofr\u0451s, ku kishte muaj q\u0451 fshihej si macja e z\u0451n\u0451 n\u0451 faj. N\u0451 emisionin Opinion t\u0451 TV Klan, dat\u0451 20.09.2018, duke cituar dy figura t\u0451 njohura, si Ibrahim Rugova dhe Rexhep Qosja, t\u0451 cil\u0451t, sipas tij, jan\u0451 shprehur p\u0451r k\u0451mbim territoresh, n\u0451 fakt, ai u orvat ta mb\u0451shtes\u0451 Tha\u0481in. Por kjo mb\u0451shtetje u ngrit mbi shtremb\u0451rimin e s\u0451 v\u0451rtet\u0451s. Si\u0481 d\u0451shmon ish-Kryeredaktori i gazet\u0451s \u201cZ\u0451ri\u201d, Blerim Shala, aktualisht k\u0451shilltar politik i Tha\u0481it, Ibrahim Rugova v\u0451rtet e ka p\u0451rmendur nj\u0451 her\u0451 k\u0451mbimin e territoreve, por \u0451sht\u0451 t\u0451rhequr menj\u0451her\u0451 prej k\u0451saj ideje, p\u0451r t\u2019i q\u0451ndruar besnik, deri n\u0451 fund t\u0451 jet\u0451s s\u0451 tij, asaj t\u0451 Kosov\u0451s s\u0451 pavarur n\u0451 kufijt\u0451 ekzistues. Sa i takon Rexhep Qoses, ai \u0451sht\u0451 distancuar publikisht nga Tha\u0481i dhe taktika e tij e rrezikshme.<\/p>\n<p>Dh\u0451nia e Ram\u0451s pas ides\u0451 s\u0451 k\u0451mbimit t\u0451 territoreve, i dyshuar edhe vet\u0451 ai se n\u0451 k\u0451t\u0451 c\u0451shtje ka konspiruar me Presidentin serb A.Vu\u0481i\u0481, e \u0481on at\u0451 n\u0451 gabime parimore t\u0451 tipit \u201cDetyra ime \u0451sht\u0451 t\u0451 mb\u0451shtes Kosov\u0451n, cilidoqoft\u0451 vendimi i saj\u201d. P\u0451r cilin vendim t\u0451 Kosov\u0451s e ka fjal\u0451n Rama, sepse kemi t\u0451 b\u0451jm\u0451 me disa t\u0451 tilla: nj\u0451, t\u0451 Hashim Tha\u0481it p\u0451r \u201ckorrigjim t\u0451 kufijve\u201d, nj\u0451 tjet\u0451r t\u0451 Ramush Haradinaj, q\u0451 e konsideron korrigjimin e kufijve si ftes\u0451 p\u0451r luft\u0451 dhe nj\u0451 t\u0451 tret\u0451 t\u0451 Albin Kurtit dhe Vjosa Osmanit q\u0451, me 29 shtator 2018 dol\u0451n n\u0451 protest\u0451, duke k\u0451rkuar largimin e t\u0451 dyve nga pushteti? Dhe m\u0451 tej, si mund t\u0451 mb\u0451shtetet, apriori, \u0481do vendim i Prishtin\u0451s? Po, n\u0451se ai bie n\u0451 kund\u0451rshtim me interesat shtet\u0451rore t\u0451 Kosov\u0451s dhe ato komb\u0451tare t\u0451 shqiptar\u0451ve? I djegur nga qulli (i akuzuar p\u0451r nd\u0451rhyrje n\u0451 pun\u0451t e brendshme t\u0451 Kosov\u0451s) Rama kalon n\u0451 ekstremin tjet\u0451r, i fryn edhe kosit. V\u0451rtet\u0451 vendimmarrja p\u0451r pun\u0451t e Kosov\u0451s i takon institucioneve t\u0451 saj, por kur ajo \u0451sht\u0451 e d\u0451mshme dhe e rrezikshme, si n\u0451 rastin e k\u0451mbimit t\u0451 territoreve, Tirana zyrtare nuk duhet ta mbroj\u0451, por ta b\u0451j\u0451 t\u0451 qart\u0451 q\u0451ndrimin e saj t\u0451 prer\u0451, kund\u0451r k\u0451tij vendimi.<\/p>\n<p>Nuk e ndihmojn\u0451 Presidentin e Kosov\u0451s as thirrjet moralizuese t\u0451 Ram\u0451s p\u0451r kujdes e maturi, q\u0451 t\u0451 mos sulmohet Tha\u0481i. Me ndonj\u0451 p\u0451rjashtim t\u0451 vog\u0451l, shumica e politikan\u0451ve, analist\u0451ve dhe studiuesve, po godet taktik\u0451n e tij t\u0451 rrezikshme p\u0451r k\u0451mbime territoriale me Serbin\u0451, t\u0451 cil\u0451n ai e ka zgjedhur q\u0451llimisht, n\u0451 funksion, jo t\u0451 interesave t\u0451 Kosov\u0451s dhe shqiptar\u0451ve, por t\u0451 axhendave personale t\u0451 tij dhe t\u0451 klanit t\u0451 vet t\u0451 ngusht\u0451.<\/p>\n<p>Kjo taktik\u0451 e rrezikshme komprometon keq startegjin\u0451 e drejt\u0451 t\u0451 Kosov\u0451s p\u0451r konsolidimin e subjektivitetit nd\u0451rkomb\u0451tar t\u0451 saj. Jo vet\u0451m kaq, por vazhdimi i saj k\u0451rc\u0451non t\u0451 zhb\u0451j\u0451 lirin\u0451, pavar\u0451sin\u0451 dhe shtet\u0451sin\u0451 e Kosov\u0451s, arritje k\u0451to, q\u0451 mund t\u0451 krahasohen me ngjarje t\u0451 tilla madhore si themelimi i shtetit shqiptar, me 1912. Mbrojtja e k\u0451tyre arritjeve dhe e kufijve t\u0451 Kosov\u0451s, t\u0451 njohur nd\u0451rkomb\u0451tarisht, si dhe an\u0451tar\u0451simi i saj n\u0451 OKB duhet t\u0451 jen\u0451 midis atyre objektivave strategjik\u0451, pa realizmin e t\u0451 cil\u0451ve nuk mund t\u0451 flitet p\u0451r axhenda t\u0451 tjera, p\u0451rfshir\u0451 at\u0451 ta bashkimit komb\u0451tar, p\u0451r t\u0451 cil\u0451n \u0451sht\u0451 kujtuar t\u0451 flas\u0451, tash s\u0451 voni, edhe kozmopoliti i regjur, Edi Rama.<\/p>\n<p>Q\u0451 nuk ka djath\u0451 pa pages\u0451, kjo gj\u0451, tashm\u0451 dihet. Por si n\u0451 \u0481do rregull, edhe k\u0451tu ka ndonj\u0451 p\u0451rjashtim. Djathi n\u0451 kurhtin e miut \u0451st\u0451 falas. E till\u0451 \u0451sht\u0451 ideja serbe, e p\u0451rqafuar nga Tha\u0481i, p\u0451r shk\u0451mbimin e territoreve, p\u0451r t\u0451 z\u0451n\u0451 n\u0451 kurth Kosov\u0451n. N\u0451se ne i lejojm\u0451. Protesta masive e djeshme me moton \u201cnj\u0451 popull nuk i n\u0451nshtrohet nj\u0451 njeriu\u201d d\u0451shmoi se qytetar\u0451t e Kosov\u0451s jan\u0451 nd\u0451rgjegj\u0451suar p\u0451r t\u2019i th\u0451n\u0451 ndal k\u0451saj t\u0451 keqeje. N\u0451 vend q\u0451 t\u0451 d\u0451gjonte me v\u0451mendje z\u0451rin e popullit t\u0451 vet n\u0451 shesh, Presidenti Tha\u0481i zgjodhi t\u0451 sh\u0451tis\u0451 n\u0451 liqenin e Ujmanit. K\u0451saj i thon\u0451, fshati digjet, plaka krihet. E pakta q\u0451 duhet t\u0451 b\u0451j\u0451 Tha\u0481i n\u0451 k\u0451t\u0451 situat\u0451, \u0451sht\u0451 q\u0451 t\u0451 th\u0451rras\u0451 kuvendin e Kosov\u0451s n\u0451 seanc\u0451 dhe mbi baz\u0451n e nj\u0451 analize kritike dhe vet\u0451kritike, ta pranoj\u0451 s\u0451 taktika e zgjedhur prej tij p\u0451r futjen n\u0451 axhend\u0451n e bisedimeve me Serbin\u0451 t\u0451 k\u0451mbimeve territoriale me t\u0451, rezultoi e gabuar. Ashtu si\u0481 ishte e gabuar dhe e d\u0451mshme p\u0451r Kosov\u0451n dhe rajonin taktika e tij dhe e Presidentit serb, Vucic, e shpallur n\u0451 Alpbach t\u0451 Austris\u0451, p\u0451r t\u2019i zhvilluar bisedimet Kosov\u0451-Serbi, prapa shpin\u0451s s\u0451 BE-s\u0451 dhe SHBA. Teza q\u0451 ballkanasit duhet t\u2019i zgjidhin vet\u0451 problemet e tyre, n\u0451 thelb, \u0451sht\u0451 tez\u0451 ruse q\u0451 synon \u0481faktorizimin e per\u0451ndimor\u0451ve n\u0451 k\u0451t\u0451 rajon dhe fuqizimin e ndikimit dhe pranis\u0451 s\u0451 Mosk\u0451s n\u0451 t\u0451.<\/p>\n<p>Tha\u0481i duhet t\u0451 distancohet nga k\u0451to taktika t\u0451 rrezikshme dhe n\u0451 vend t\u0451 \u201ckorrigjimit t\u0451 kufirit\u201d, t\u0451 merret me korrigjimin e vetes s\u0451 tij. Ai duhet t\u0451 jap\u0451 llogari dhe t\u0451 shpjegoj\u0451 si ndodhi q\u0451 tabloja pozitive e Kosov\u0451s, e propaganduar 10 vjet\u0451 rresht prej tij, t\u0451 degradoj\u0451, menj\u0451her\u0451 n\u0451 ng\u0451r\u0481 politik. Apo ajo nuk ka qen\u0451 reale, por nj\u0451 fake tablo, e pikturuar p\u0451r q\u0451llimet e tij elektorale?<br \/>\nPa mohuar ndikimin negativ t\u0451 faktor\u0451ve reajonal\u0451 e jasht\u0451rajonal\u0451, sidomos t\u0451 atyre q\u0451 njihen si ndryshues t\u0451 rregullave, Tha\u0481i duhet t\u0451 pranoj\u0451 pjes\u0451n e tij t\u0451 p\u0451rgjegj\u0451sis\u0451 p\u0451r krijimin e k\u0451tij ng\u0451rci, gjat\u0451 10 vjet\u0451ve, n\u0451 krye t\u0451 pushtetit n\u0451 Kosov\u0451. \u0401sht\u0451 e drejt\u0451 e Kuvendit q\u0451 t\u0451 vler\u0451soj\u0451 shkall\u0451n e tij t\u0451 p\u0451rgjegj\u0451sis\u0451. N\u0451se Tha\u0481i nuk e b\u0451n k\u0451t\u0451 gj\u0451, at\u0451her\u0451, protestat si ajo e 29 shtatorit, mosbindja civile dhe zgjedhjet e reja, t\u0451 parakohsme, i kan\u0451 dyert e hapura.<\/p>\n<p>&nbsp;<\/p>\n<p>_____<\/p>\n<p><strong><em>Dr. Islam LAUKA \u2013 ish ambasadori i par\u00eb i Shqip\u00ebris\u00eb n\u00eb shtetin e Kosov\u00ebs; diplomat e pedagog; \u00a0drejtor i Institutit Shqiptar t\u00eb Studimeve Politike; president i Qendr\u00ebs Shqiptare t\u00eb Studimeve Amerikane e Britanike<\/em><\/strong><\/p>\n","protected":false},"excerpt":{"rendered":"<p>Nga Dr. Islam LAUKA * &nbsp; Hashim Tha\u0481i u p\u0451rpoq dy her\u0451 p\u0451r ndryshimin e statukuos\u0451 n\u0451 Kosov\u0451. Her\u0451n e par\u0451, kur si udh\u0451heq\u0451s politik I U\u04aaK-s\u0451, p\u0451rcaktoi drejt strategjin\u0451 e saj \u2013 mbrojtjen e popullsis\u0451 nga makineria ushtarako-policore serbe dhe \u0481lirimin e Kosov\u0451s, natyrisht, me ndihm\u0451n e NATO-s, si dhe taktik\u0451n e duhur p\u0451r [&hellip;]<\/p>\n","protected":false},"author":1,"featured_media":1781,"comment_status":"open","ping_status":"open","sticky":false,"template":"","format":"standard","meta":{"_seopress_robots_primary_cat":"","_seopress_titles_title":"","_seopress_titles_desc":"","_seopress_robots_index":"","footnotes":""},"categories":[2,12],"tags":[584,543],"class_list":["post-20515","post","type-post","status-publish","format-standard","has-post-thumbnail","hentry","category-aktualitet","category-opinione","tag-hashim-thaci","tag-islam-lauka"],"_links":{"self":[{"href":"https:\/\/ulqini-online.com\/sajti\/index.php?rest_route=\/wp\/v2\/posts\/20515","targetHints":{"allow":["GET"]}}],"collection":[{"href":"https:\/\/ulqini-online.com\/sajti\/index.php?rest_route=\/wp\/v2\/posts"}],"about":[{"href":"https:\/\/ulqini-online.com\/sajti\/index.php?rest_route=\/wp\/v2\/types\/post"}],"author":[{"embeddable":true,"href":"https:\/\/ulqini-online.com\/sajti\/index.php?rest_route=\/wp\/v2\/users\/1"}],"replies":[{"embeddable":true,"href":"https:\/\/ulqini-online.com\/sajti\/index.php?rest_route=%2Fwp%2Fv2%2Fcomments&post=20515"}],"version-history":[{"count":1,"href":"https:\/\/ulqini-online.com\/sajti\/index.php?rest_route=\/wp\/v2\/posts\/20515\/revisions"}],"predecessor-version":[{"id":20516,"href":"https:\/\/ulqini-online.com\/sajti\/index.php?rest_route=\/wp\/v2\/posts\/20515\/revisions\/20516"}],"wp:featuredmedia":[{"embeddable":true,"href":"https:\/\/ulqini-online.com\/sajti\/index.php?rest_route=\/wp\/v2\/media\/1781"}],"wp:attachment":[{"href":"https:\/\/ulqini-online.com\/sajti\/index.php?rest_route=%2Fwp%2Fv2%2Fmedia&parent=20515"}],"wp:term":[{"taxonomy":"category","embeddable":true,"href":"https:\/\/ulqini-online.com\/sajti\/index.php?rest_route=%2Fwp%2Fv2%2Fcategories&post=20515"},{"taxonomy":"post_tag","embeddable":true,"href":"https:\/\/ulqini-online.com\/sajti\/index.php?rest_route=%2Fwp%2Fv2%2Ftags&post=20515"}],"curies":[{"name":"wp","href":"https:\/\/api.w.org\/{rel}","templated":true}]}}