{"id":20430,"date":"2018-09-24T20:40:54","date_gmt":"2018-09-24T18:40:54","guid":{"rendered":"http:\/\/ulqini-online.com\/sajti\/?p=20430"},"modified":"2018-09-24T20:42:54","modified_gmt":"2018-09-24T18:42:54","slug":"tre-shembuj-qe-deshmojne-pasojat-tragjike-te-tjetersimit-kombetar-te-shqiptareve-ne-mal-te-zi","status":"publish","type":"post","link":"https:\/\/ulqini-online.com\/sajti\/?p=20430","title":{"rendered":"Tre shembuj q\u00eb d\u00ebshmojn\u00eb pasojat tragjike t\u00eb tjet\u00ebrsimit komb\u00ebtar t\u00eb shqiptar\u00ebve n\u00eb Mal t\u00eb Zi"},"content":{"rendered":"<div><a href=\"https:\/\/ulqini-online.com\/sajti\/wp-content\/uploads\/2018\/09\/mark-milani-ilija-plamenac-cemoviq.jpg\"><img loading=\"lazy\" decoding=\"async\" class=\"aligncenter wp-image-20431 size-full\" src=\"https:\/\/ulqini-online.com\/sajti\/wp-content\/uploads\/2018\/09\/mark-milani-ilija-plamenac-cemoviq.jpg\" alt=\"\" width=\"800\" height=\"377\" srcset=\"https:\/\/ulqini-online.com\/sajti\/wp-content\/uploads\/2018\/09\/mark-milani-ilija-plamenac-cemoviq.jpg 800w, https:\/\/ulqini-online.com\/sajti\/wp-content\/uploads\/2018\/09\/mark-milani-ilija-plamenac-cemoviq-300x141.jpg 300w, https:\/\/ulqini-online.com\/sajti\/wp-content\/uploads\/2018\/09\/mark-milani-ilija-plamenac-cemoviq-768x362.jpg 768w, https:\/\/ulqini-online.com\/sajti\/wp-content\/uploads\/2018\/09\/mark-milani-ilija-plamenac-cemoviq-340x160.jpg 340w\" sizes=\"auto, (max-width: 800px) 100vw, 800px\" \/><\/a><\/div>\n<div><\/div>\n<div>\n<p><strong>Nga Xheladin Zeneli<\/strong><\/p>\n<div><\/div>\n<\/div>\n<div><\/div>\n<div>Historia jon\u00eb shqiptare njeh shum\u00eb raste t\u00eb tilla kur bij\u00ebt e tyre kan\u00eb braktisur kombin dhe gjuh\u00ebn e vet, kan\u00eb tradhtuar gjakun e baballar\u00ebve dhe t\u00eb st\u00ebrgjysh\u00ebrve t\u00eb tyre dhe nga etja p\u00ebr grada , poste shtet\u00ebrore apo privilegje t\u00eb tjera kan\u00eb marrur an\u00ebn e armiq\u00ebve tan\u00eb, t\u00eb cil\u00ebt i kan\u00eb p\u00ebrdorur ata p\u00ebr q\u00ebllimet e tyre pushtuese.<\/div>\n<div>Po p\u00ebrmendim tre shembuj individ\u00ebsh t\u00eb cil\u00ebt kan\u00eb vepruar n\u00eb koh\u00ebn kur \u00ebsht\u00eb vendosur p\u00ebr fatin e trevave shqiptare n\u00eb Mal t\u00eb Zi. K\u00ebto jan\u00eb:<\/div>\n<div><\/div>\n<div><b>1.Marko Miljanov &#8220;Mark Milani&#8221; (1833-1901);<\/b><\/div>\n<div>Ka pasur grad\u00ebn gjeneral i Principat\u00ebs s\u00eb Malit t\u00eb Zi ,kurse m\u00eb von\u00eb i jepet titulli \u201cvojvod\u00eb\u201d nga princ Nikolla i Malit t\u00eb Zi, titull ky i cili mund t\u00eb merrej vet\u00ebm duke luftuar dhe angazhuar p\u00ebr Principat\u00ebn ( Mbret\u00ebrin\u00eb) e at\u00ebhershme t\u00eb Malit t\u00eb Zi dhe zgjerimin territorial t\u00eb tij.Mark Milani ishte me prejardhje shqiptare nga krahina e Kuqit (Ku\u00e7i).Fillimisht Mark Milani udh\u00ebheqi fisin e tij n\u00eb luft\u00eb kund\u00ebr Perandoris\u00eb Otomane gjat\u00eb viteve 1861-62 dhe 1876-78, por nj\u00ebkoh\u00ebsisht iu priu edhe forcave malazeze n\u00eb betejat kund\u00ebr shqiptar\u00ebve me q\u00ebllim q\u00eb trevat e tyre ti bashkangjten Mbret\u00ebris\u00eb s\u00eb Malit t\u00eb Zi.M\u00eb von\u00eb ai ndoshta edhe ishte i penduar p\u00ebr veprimet e tia , por do t\u00eb jet\u00eb tep\u00ebr von\u00eb pasi q\u00eb d\u00ebmi ve\u00e7 ishte shkaktuar ndaj popullit t\u00eb vet.<\/div>\n<div><\/div>\n<div><b>2.Ilija Plamenac (1821-1916);<\/b><\/div>\n<div>Ishte me prejardhje nga nj\u00eb fis shqiptar ( Boleviqi),af\u00ebr Virpazarit n\u00eb trev\u00ebn t\u00eb cil\u00ebt malazez\u00ebt e quajn\u00eb \u201cCrmnica\u201d, e cila si nj\u00ebsi territorriale i takon Tivarit, ku pjesa d\u00ebrmuese e banor\u00ebve t\u00eb k\u00ebsaj treve ishin me p\u00ebrkat\u00ebsi komb\u00ebtare shqiptare t\u00eb besimit ortodoks n\u00eb at koh\u00eb, por si pasoj\u00eb e politik\u00ebs pushtuese ata gradualisht u asimiluan n\u00eb malazez. Ilija Plamenac ishte nj\u00eb nd\u00ebr komandant\u00ebt kryesor q\u00eb udh\u00ebheq\u00ebn forcat malazeze n\u00eb pushtimin Tivarit n\u00eb vitin 1877 dhe t\u00eb Ulqinit n\u00eb vitin 1878.<\/div>\n<div>Me rastin e sulmit ndaj qytetit t\u00eb Tivarit,i cili n\u00eb at koh\u00eb banohej kryesisht me shqiptar\u00eb jan\u00eb hedhur me mij\u00ebra gjyle nga topat e ushtris\u00eb malazeze me t\u00eb cilat udh\u00ebheqte Plamenac, me \u00e7\u2019rast ky qytet u kthy n\u00eb g\u00ebrmadh\u00eb dhe pati af\u00ebr 2000 viktima n\u00eb njer\u00ebz. Kurse me rastin e pushtimit t\u00eb Uqinit, nj\u00eb vit m\u00eb von\u00eb,Plamenac gjithashtu iu priu forcave malazeze t\u00eb cilat n\u00eb m\u00ebnyr\u00eb barbare b\u00ebn djegjen e lagjeve kryesore t\u00eb k\u00ebtij qyteti.<\/div>\n<div>N\u00eb Mbret\u00ebrin\u00eb e Malit t\u00eb Zi,Plamenac ka mbajtur pozita t\u00eb larta udh\u00ebheq\u00ebse.Gjat\u00eb viteve 1879-1905, pra kur Mali i Zi p\u00ebrjetoi ekspanzionin e madh terrotorial, Ilija Plamenac ishte minister i mbrojtjes i Malit t\u00eb Zi dhe m\u00eb von\u00eb edhe governor i Podgoric\u00ebs.<\/div>\n<div><\/div>\n<div><b>3.Avro Cemovi\u0107 &#8220;Avro Cemi&#8221; (1864-1914);<\/b><\/div>\n<div>Nj\u00eb nd\u00ebr prij\u00ebsit (komandantat) e forcave malazeze q\u00eb \u00ebsht\u00eb p\u00ebrgjegj\u00ebsi kryesor p\u00ebr \u201cMasakr\u00ebn e Previs\u00eb\u201d n\u00eb mars t\u00eb vitit 1913 ku u vran dhe u masakruan rreth 700 shqiptar\u00eb t\u00eb Plav\u00ebs dhe Gucis\u00eb. Por gjithashtu, Avro Cemovi\u0107 ( Avro Cemi) \u00ebsht\u00eb p\u00ebrgjegj\u00ebs edhe p\u00ebr krime e masakra t\u00eb tjera q\u00eb u b\u00ebn gjat\u00eb viteve 1912\/1913 , vite k\u00ebto t\u00eb cil\u00ebt karakterizohen si vite t\u00eb gjenocidit ndaj shqiptar\u00ebve t\u00eb trev\u00ebs martire t\u00eb Plav\u00ebs e Gucis\u00eb.<\/div>\n<div>Pra, Avro Cemovi\u0107 u lind me p\u00ebrkat\u00ebsi shqiptare, asimilohet n\u00eb ate boshnjake dhe m\u00eb von\u00eb i sh\u00ebrben politik\u00ebs serbo-malazeze duke b\u00ebr\u00eb krime barbare dhe gjenocid ndaj shqiptar\u00ebve dhe boshnjak\u00ebve!.<\/div>\n<div><\/div>\n<div>I zgodha k\u00ebto tre individ jo rast\u00ebsisht pasi q\u00eb secili prej tyre kan\u00eb t\u00eb b\u00ebjn\u00eb me nj\u00eb trev\u00eb t\u00eb caktuar shqiptare n\u00eb Mal t\u00eb Zi :Mark Milani -Mal\u00ebsi, Ilija Plamenac -Ulqin e Tivar dhe Avro Cemi-Plav\u00eb e Guci, treva k\u00ebto t\u00eb cilat gjith\u00ebnj\u00eb edhe sot ballafaqohen me dukurin\u00eb e asimilimit komb\u00ebtar.Pra tre personat n\u00eb fjal\u00eb , t\u00eb cil\u00ebt kan\u00eb jetuar dhe vepruar n\u00eb nj\u00eb af\u00ebrsi t\u00eb periudh\u00ebs historike ( n\u00eb fund t\u00eb shekullit XIX dhe n\u00eb fillim t\u00eb shekullit XX), d\u00ebshmojn\u00eb m\u00eb s\u00eb mir\u00eb se \u00e7far\u00eb pasojave mund t\u00eb sjell tjet\u00ebrsimi komb\u00ebtar dhe zhdukja e vet\u00ebdij\u00ebs komb\u00ebtare ndaj popullit t\u00eb origjin\u00ebs s\u00eb vet.<\/div>\n<div>Gjithashtu, k\u00ebto individ t\u00eb cil\u00ebt i takonin tre p\u00ebrkat\u00ebsive t\u00eb ndryshme fetare, d\u00ebshmon ate se si pushtuesit e tokave shqiptare, n\u00eb k\u00ebt\u00eb rast Mali i Zi, i ka p\u00ebrdorur mu k\u00ebto religjione n\u00eb m\u00ebnyr\u00eb perfide si mjet p\u00ebr tjet\u00ebrsimin dhe p\u00ebr \u00e7komb\u00ebtarizimin e shqiptar\u00ebve.<\/div>\n<div><\/div>\n<div>Th\u00ebnia e njuhur e Faik Konic\u00ebs \u201c Armiku m\u00eb i madh i shqiptar\u00ebve jan\u00eb vet shqiptar\u00ebt\u201d,p\u00ebr shqiptar\u00ebt n\u00eb Mal t\u00eb Zi,posa\u00e7\u00ebrisht n\u00eb tre rastet q\u00eb p\u00ebrmendem m\u00eb lart, ka dometh\u00ebnien e nj\u00eb forme t\u00eb modifikuar, se armiku m\u00eb i madh i shqiptar\u00ebve kan\u00eb qen\u00eb shqiptar\u00ebt e asimiluar dhe t\u00eb tjet\u00ebrsuar dhe fatkeq\u00ebsisht kjo dukuri, ndon\u00ebse n\u00eb forma t\u00eb tjera pak m\u00eb t\u00eb sofistikuara, paraqet gjith\u00ebnj\u00eb rrezik edhe n\u00eb koh\u00ebn e tanishme.<\/div>\n<div><\/div>\n<div>Shtator 2018<\/div>\n<div><\/div>\n","protected":false},"excerpt":{"rendered":"<p>Nga Xheladin Zeneli Historia jon\u00eb shqiptare njeh shum\u00eb raste t\u00eb tilla kur bij\u00ebt e tyre kan\u00eb braktisur kombin dhe gjuh\u00ebn e vet, kan\u00eb tradhtuar gjakun e baballar\u00ebve dhe t\u00eb st\u00ebrgjysh\u00ebrve t\u00eb tyre dhe nga etja p\u00ebr grada , poste shtet\u00ebrore apo privilegje t\u00eb tjera kan\u00eb marrur an\u00ebn e armiq\u00ebve tan\u00eb, t\u00eb cil\u00ebt i kan\u00eb p\u00ebrdorur [&hellip;]<\/p>\n","protected":false},"author":1,"featured_media":20431,"comment_status":"open","ping_status":"open","sticky":false,"template":"","format":"standard","meta":{"_seopress_robots_primary_cat":"","_seopress_titles_title":"","_seopress_titles_desc":"","_seopress_robots_index":"","footnotes":""},"categories":[2,12],"tags":[],"class_list":["post-20430","post","type-post","status-publish","format-standard","has-post-thumbnail","hentry","category-aktualitet","category-opinione"],"_links":{"self":[{"href":"https:\/\/ulqini-online.com\/sajti\/index.php?rest_route=\/wp\/v2\/posts\/20430","targetHints":{"allow":["GET"]}}],"collection":[{"href":"https:\/\/ulqini-online.com\/sajti\/index.php?rest_route=\/wp\/v2\/posts"}],"about":[{"href":"https:\/\/ulqini-online.com\/sajti\/index.php?rest_route=\/wp\/v2\/types\/post"}],"author":[{"embeddable":true,"href":"https:\/\/ulqini-online.com\/sajti\/index.php?rest_route=\/wp\/v2\/users\/1"}],"replies":[{"embeddable":true,"href":"https:\/\/ulqini-online.com\/sajti\/index.php?rest_route=%2Fwp%2Fv2%2Fcomments&post=20430"}],"version-history":[{"count":2,"href":"https:\/\/ulqini-online.com\/sajti\/index.php?rest_route=\/wp\/v2\/posts\/20430\/revisions"}],"predecessor-version":[{"id":20433,"href":"https:\/\/ulqini-online.com\/sajti\/index.php?rest_route=\/wp\/v2\/posts\/20430\/revisions\/20433"}],"wp:featuredmedia":[{"embeddable":true,"href":"https:\/\/ulqini-online.com\/sajti\/index.php?rest_route=\/wp\/v2\/media\/20431"}],"wp:attachment":[{"href":"https:\/\/ulqini-online.com\/sajti\/index.php?rest_route=%2Fwp%2Fv2%2Fmedia&parent=20430"}],"wp:term":[{"taxonomy":"category","embeddable":true,"href":"https:\/\/ulqini-online.com\/sajti\/index.php?rest_route=%2Fwp%2Fv2%2Fcategories&post=20430"},{"taxonomy":"post_tag","embeddable":true,"href":"https:\/\/ulqini-online.com\/sajti\/index.php?rest_route=%2Fwp%2Fv2%2Ftags&post=20430"}],"curies":[{"name":"wp","href":"https:\/\/api.w.org\/{rel}","templated":true}]}}