{"id":20212,"date":"2018-08-30T13:47:39","date_gmt":"2018-08-30T11:47:39","guid":{"rendered":"http:\/\/ulqini-online.com\/sajti\/?p=20212"},"modified":"2018-08-30T13:47:39","modified_gmt":"2018-08-30T11:47:39","slug":"malesia-feston-komunen-nis-festa","status":"publish","type":"post","link":"https:\/\/ulqini-online.com\/sajti\/?p=20212","title":{"rendered":"&#8221;MAL\u00cbSIA FESTON KOMUN\u00cbN&#8221;, nis festa"},"content":{"rendered":"<p><a href=\"https:\/\/ulqini-online.com\/sajti\/wp-content\/uploads\/2018\/08\/malesia-feston-komunen.jpg\"><img loading=\"lazy\" decoding=\"async\" class=\"aligncenter wp-image-20213 \" src=\"https:\/\/ulqini-online.com\/sajti\/wp-content\/uploads\/2018\/08\/malesia-feston-komunen.jpg\" alt=\"\" width=\"645\" height=\"429\" srcset=\"https:\/\/ulqini-online.com\/sajti\/wp-content\/uploads\/2018\/08\/malesia-feston-komunen.jpg 448w, https:\/\/ulqini-online.com\/sajti\/wp-content\/uploads\/2018\/08\/malesia-feston-komunen-300x200.jpg 300w\" sizes=\"auto, (max-width: 645px) 100vw, 645px\" \/><\/a><\/p>\n<p>Ish deputeti Nik Gjeloshaj nga radh\u00ebt e Alternativ\u00ebs Shiptare njofton opinion p\u00ebr nj\u00eb aktivitet n\u00eb lidhje m\u00eb komun\u00ebn e Mal\u00ebsis\u00eb t\u00eb titulluar\u00a0<em>Mal\u00ebsia Feston KOMUN\u00cbN!<\/em>.<\/p>\n<p>Shkrimin e plot\u00eb t\u00eb Gjeloshajt mund ta lexoni m\u00eb posht\u00eb.<\/p>\n<p><em>Mal\u00ebsia Feston KOMUN\u00cbN!<\/em><\/p>\n<p><em>-KONFERENC\u00cb p\u00ebr media m\u00eb dat\u00ebn 31 gusht, ora\u00a0<\/em><br \/>\n<em>11.00 n\u00eb Kuvendin e Tuzit!<\/em><\/p>\n<div class=\"text_exposed_show\">\n<p><em>-Fest\u00eb e madhe n\u00eb restorantin Troja me k\u00ebng\u00ebtar\u00eb\u00a0<\/em><br \/>\n<em>t\u00eb njohur nga Mal\u00ebsia, ora 21.00!<\/em><\/p>\n<p><em>Mir\u00eb se Vini!<\/em><\/p>\n<p><em>Sinqerisht,<\/em><br \/>\n<em>Alternativa Shqiptare<\/em><\/p>\n<\/div>\n","protected":false},"excerpt":{"rendered":"<p>Ish deputeti Nik Gjeloshaj nga radh\u00ebt e Alternativ\u00ebs Shiptare njofton opinion p\u00ebr nj\u00eb aktivitet n\u00eb lidhje m\u00eb komun\u00ebn e Mal\u00ebsis\u00eb t\u00eb titulluar\u00a0Mal\u00ebsia Feston KOMUN\u00cbN!. Shkrimin e plot\u00eb t\u00eb Gjeloshajt mund ta lexoni m\u00eb posht\u00eb. Mal\u00ebsia Feston KOMUN\u00cbN! -KONFERENC\u00cb p\u00ebr media m\u00eb dat\u00ebn 31 gusht, ora\u00a0 11.00 n\u00eb Kuvendin e Tuzit! -Fest\u00eb e madhe n\u00eb restorantin [&hellip;]<\/p>\n","protected":false},"author":1,"featured_media":20213,"comment_status":"open","ping_status":"open","sticky":false,"template":"","format":"standard","meta":{"_seopress_robots_primary_cat":"","_seopress_titles_title":"","_seopress_titles_desc":"","_seopress_robots_index":"","footnotes":""},"categories":[2,3],"tags":[],"class_list":["post-20212","post","type-post","status-publish","format-standard","has-post-thumbnail","hentry","category-aktualitet","category-politike"],"_links":{"self":[{"href":"https:\/\/ulqini-online.com\/sajti\/index.php?rest_route=\/wp\/v2\/posts\/20212","targetHints":{"allow":["GET"]}}],"collection":[{"href":"https:\/\/ulqini-online.com\/sajti\/index.php?rest_route=\/wp\/v2\/posts"}],"about":[{"href":"https:\/\/ulqini-online.com\/sajti\/index.php?rest_route=\/wp\/v2\/types\/post"}],"author":[{"embeddable":true,"href":"https:\/\/ulqini-online.com\/sajti\/index.php?rest_route=\/wp\/v2\/users\/1"}],"replies":[{"embeddable":true,"href":"https:\/\/ulqini-online.com\/sajti\/index.php?rest_route=%2Fwp%2Fv2%2Fcomments&post=20212"}],"version-history":[{"count":1,"href":"https:\/\/ulqini-online.com\/sajti\/index.php?rest_route=\/wp\/v2\/posts\/20212\/revisions"}],"predecessor-version":[{"id":20214,"href":"https:\/\/ulqini-online.com\/sajti\/index.php?rest_route=\/wp\/v2\/posts\/20212\/revisions\/20214"}],"wp:featuredmedia":[{"embeddable":true,"href":"https:\/\/ulqini-online.com\/sajti\/index.php?rest_route=\/wp\/v2\/media\/20213"}],"wp:attachment":[{"href":"https:\/\/ulqini-online.com\/sajti\/index.php?rest_route=%2Fwp%2Fv2%2Fmedia&parent=20212"}],"wp:term":[{"taxonomy":"category","embeddable":true,"href":"https:\/\/ulqini-online.com\/sajti\/index.php?rest_route=%2Fwp%2Fv2%2Fcategories&post=20212"},{"taxonomy":"post_tag","embeddable":true,"href":"https:\/\/ulqini-online.com\/sajti\/index.php?rest_route=%2Fwp%2Fv2%2Ftags&post=20212"}],"curies":[{"name":"wp","href":"https:\/\/api.w.org\/{rel}","templated":true}]}}