{"id":20209,"date":"2018-08-30T13:31:23","date_gmt":"2018-08-30T11:31:23","guid":{"rendered":"http:\/\/ulqini-online.com\/sajti\/?p=20209"},"modified":"2018-08-30T13:32:33","modified_gmt":"2018-08-30T11:32:33","slug":"do-te-kete-disa-zhvillime-te-reja-ne-aksin-shkoder-muriqan","status":"publish","type":"post","link":"https:\/\/ulqini-online.com\/sajti\/?p=20209","title":{"rendered":"&#8221;Do t\u00eb ket\u00eb zhvillime t\u00eb reja n\u00eb aksin Shkod\u00ebr-Muriqan&#8221;"},"content":{"rendered":"<p><a href=\"https:\/\/ulqini-online.com\/sajti\/wp-content\/uploads\/2018\/08\/muriqan-sukubine-kolona.jpg\"><img loading=\"lazy\" decoding=\"async\" class=\"aligncenter wp-image-20125 size-full\" src=\"https:\/\/ulqini-online.com\/sajti\/wp-content\/uploads\/2018\/08\/muriqan-sukubine-kolona.jpg\" alt=\"\" width=\"800\" height=\"398\" srcset=\"https:\/\/ulqini-online.com\/sajti\/wp-content\/uploads\/2018\/08\/muriqan-sukubine-kolona.jpg 800w, https:\/\/ulqini-online.com\/sajti\/wp-content\/uploads\/2018\/08\/muriqan-sukubine-kolona-300x149.jpg 300w, https:\/\/ulqini-online.com\/sajti\/wp-content\/uploads\/2018\/08\/muriqan-sukubine-kolona-768x382.jpg 768w\" sizes=\"auto, (max-width: 800px) 100vw, 800px\" \/><\/a><\/p>\n<p>Ulqini k\u00ebt\u00eb vit \u00ebsht\u00eb ka sh\u00ebnuar nj\u00eb r\u00ebnie t\u00eb mysafir\u00ebve n\u00eb krahasime me vitet e kaluara. Arsyet p\u00ebr k\u00ebt\u00eb jan\u00eb t\u00eb shumta por nj\u00ebra ndoshta vlen p\u00ebr tu theksuar. Drejtori i Organizat\u00ebs Turistike t\u00eb Kosov\u00ebs Shkelzen Rizaj koh\u00eb m\u00eb par\u00eb nd\u00ebr shum\u00eb arsye potencon pik\u00ebn e kalimit kufitar Muriqan \u2013 Sukubin\u00eb, shkruan Ulqin Online.<\/p>\n<p>\u201dKalimi nuk \u00ebsht\u00eb m\u00eb funksional dhe p\u00ebr k\u00ebt\u00eb ka koh\u00eb q\u00eb kemi dh\u00ebn\u00eb v\u00ebrejtjet tona. Ai \u00ebsht\u00eb parapar\u00eb p\u00ebr qarkullim n\u00eb komunikacion q\u00eb disa her\u00eb \u00ebsht\u00eb tejkaluar. Prandaj p\u00ebr k\u00ebt\u00eb pun\u00eb para disa dit\u00ebve kemi pasur kolona t\u00eb automjeteve nga ana shqiptare pothujse deri t\u00eb ura n\u00eb hyrje n\u00eb Shkod\u00ebr\u201d, kishte deklaruar Rizaj.<\/p>\n<p>P\u00ebr k\u00ebt arsye, sipas Rizajt, mysafir\u00ebt jan\u00eb t\u00eb detyruar q\u00eb t\u00eb kthehen prapa ose vendosin q\u00eb pushimet ti kalojn\u00eb n\u00eb Velipoj\u00eb ose Sh\u00ebngjin.<\/p>\n<p>N\u00eb lidhje m\u00eb aksin Shkod\u00ebr &#8211; Muriqan, sot \u00ebsht\u00eb deklaruar edhe kryeministri i Shqip\u00ebris\u00eb Edi Rama.<br \/>\n&#8221;Do t\u00eb ket\u00eb disa zhvillime t\u00eb tjera n\u00eb pjes\u00ebn Shkod\u00ebr-Muriqan nga pik\u00ebpamja e infrastruktur\u00ebs&#8221;, k\u00ebshtu u shpreh Rama gjat\u00eb nj\u00eb aktiviteti n\u00eb Lezh\u00eb p\u00ebr turizmin, ku u takua me disa investitor\u00eb.<\/p>\n<p>Aksi Shkod\u00ebr &#8211; Muriqan n\u00eb m\u00ebnyr\u00eb t\u00eb drejt p\u00ebr drejt\u00eb ndikon edhe n\u00eb turizmin n\u00eb Ulqin gjat\u00eb koh\u00ebs s\u00eb ver\u00ebs ku fluksi i automjet\u00ebve \u00ebsht\u00eb shum\u00eb i madh. Nj\u00eb p\u00ebrmir\u00ebsim i k\u00ebti aksi do t\u00eb ket\u00eb ndikim mjaft t\u00eb madh n\u00eb p\u00ebrshpejtimin dhe leht\u00ebsimin e ardhjes s\u00eb mysafir\u00ebve n\u00eb Ulqin.<\/p>\n<p>Problem do t\u00eb mbet\u00ebt pjesa nga Ulqini sidomos 2 km af\u00ebr pik\u00ebs kufitare Sukubin\u00eb &#8211; Muriqan ku dhe kolonat e automjet\u00ebve gjat\u00eb stin\u00ebs s\u00eb ver\u00ebs jan\u00eb t\u00eb zakonshme.<\/p>\n<p>&nbsp;<\/p>\n","protected":false},"excerpt":{"rendered":"<p>Ulqini k\u00ebt\u00eb vit \u00ebsht\u00eb ka sh\u00ebnuar nj\u00eb r\u00ebnie t\u00eb mysafir\u00ebve n\u00eb krahasime me vitet e kaluara. Arsyet p\u00ebr k\u00ebt\u00eb jan\u00eb t\u00eb shumta por nj\u00ebra ndoshta vlen p\u00ebr tu theksuar. Drejtori i Organizat\u00ebs Turistike t\u00eb Kosov\u00ebs Shkelzen Rizaj koh\u00eb m\u00eb par\u00eb nd\u00ebr shum\u00eb arsye potencon pik\u00ebn e kalimit kufitar Muriqan \u2013 Sukubin\u00eb, shkruan Ulqin Online. \u201dKalimi [&hellip;]<\/p>\n","protected":false},"author":1,"featured_media":20125,"comment_status":"open","ping_status":"open","sticky":false,"template":"","format":"standard","meta":{"_seopress_robots_primary_cat":"","_seopress_titles_title":"","_seopress_titles_desc":"","_seopress_robots_index":"","footnotes":""},"categories":[2,4,10],"tags":[1991,168,1990],"class_list":["post-20209","post","type-post","status-publish","format-standard","has-post-thumbnail","hentry","category-aktualitet","category-kronike","category-rajoni","tag-aksi-shkoder-muriqan","tag-edi-rama","tag-sukubine-muriqan"],"_links":{"self":[{"href":"https:\/\/ulqini-online.com\/sajti\/index.php?rest_route=\/wp\/v2\/posts\/20209","targetHints":{"allow":["GET"]}}],"collection":[{"href":"https:\/\/ulqini-online.com\/sajti\/index.php?rest_route=\/wp\/v2\/posts"}],"about":[{"href":"https:\/\/ulqini-online.com\/sajti\/index.php?rest_route=\/wp\/v2\/types\/post"}],"author":[{"embeddable":true,"href":"https:\/\/ulqini-online.com\/sajti\/index.php?rest_route=\/wp\/v2\/users\/1"}],"replies":[{"embeddable":true,"href":"https:\/\/ulqini-online.com\/sajti\/index.php?rest_route=%2Fwp%2Fv2%2Fcomments&post=20209"}],"version-history":[{"count":2,"href":"https:\/\/ulqini-online.com\/sajti\/index.php?rest_route=\/wp\/v2\/posts\/20209\/revisions"}],"predecessor-version":[{"id":20211,"href":"https:\/\/ulqini-online.com\/sajti\/index.php?rest_route=\/wp\/v2\/posts\/20209\/revisions\/20211"}],"wp:featuredmedia":[{"embeddable":true,"href":"https:\/\/ulqini-online.com\/sajti\/index.php?rest_route=\/wp\/v2\/media\/20125"}],"wp:attachment":[{"href":"https:\/\/ulqini-online.com\/sajti\/index.php?rest_route=%2Fwp%2Fv2%2Fmedia&parent=20209"}],"wp:term":[{"taxonomy":"category","embeddable":true,"href":"https:\/\/ulqini-online.com\/sajti\/index.php?rest_route=%2Fwp%2Fv2%2Fcategories&post=20209"},{"taxonomy":"post_tag","embeddable":true,"href":"https:\/\/ulqini-online.com\/sajti\/index.php?rest_route=%2Fwp%2Fv2%2Ftags&post=20209"}],"curies":[{"name":"wp","href":"https:\/\/api.w.org\/{rel}","templated":true}]}}