{"id":19951,"date":"2018-07-31T16:44:18","date_gmt":"2018-07-31T14:44:18","guid":{"rendered":"http:\/\/ulqini-online.com\/sajti\/?p=19951"},"modified":"2018-07-31T16:44:28","modified_gmt":"2018-07-31T14:44:28","slug":"me-3-gusht-hapja-solemne-e-panairit-te-librit-2018-ne-ulqin","status":"publish","type":"post","link":"https:\/\/ulqini-online.com\/sajti\/?p=19951","title":{"rendered":"Me 3 gusht hapja solemne e Panairit t\u00eb librit 2018 n\u00eb Ulqin"},"content":{"rendered":"<figure id=\"attachment_4638\" aria-describedby=\"caption-attachment-4638\" style=\"width: 574px\" class=\"wp-caption aligncenter\"><a href=\"https:\/\/ulqini-online.com\/sajti\/wp-content\/uploads\/2015\/07\/Ulqin-panairi-librit.jpg\"><img loading=\"lazy\" decoding=\"async\" class=\"wp-image-4638 \" src=\"https:\/\/ulqini-online.com\/sajti\/wp-content\/uploads\/2015\/07\/Ulqin-panairi-librit.jpg\" alt=\"\" width=\"574\" height=\"328\" srcset=\"https:\/\/ulqini-online.com\/sajti\/wp-content\/uploads\/2015\/07\/Ulqin-panairi-librit.jpg 301w, https:\/\/ulqini-online.com\/sajti\/wp-content\/uploads\/2015\/07\/Ulqin-panairi-librit-300x171.jpg 300w\" sizes=\"auto, (max-width: 574px) 100vw, 574px\" \/><\/a><figcaption id=\"caption-attachment-4638\" class=\"wp-caption-text\">Nga panairet e m\u00ebparshme t\u00eb librit<\/figcaption><\/figure>\n<p><strong>\u00a0<\/strong>NP Qendra e Kultur\u00ebs Ulqin n\u00eb bashk\u00ebpunim me Organizat\u00ebn Turistike \u2013 Ulqin si dhe Instituti i Librit \u2013 Tiran\u00eb, organizon \u201cPanairin e Librit 2018\u201d, gjegj\u00ebsisht panairi i 18 me radh\u00eb.<\/p>\n<p>\u201cPanairi i Librit 2018\u201d do t\u00eb realizohet n\u00eb Plazhin e Vog\u00ebl \u2013 Shetitore, m\u00ebsohet nga Qendra p\u00ebr kultur\u00eb.<\/p>\n<p>N\u00eb em\u00ebr t\u00eb Organizator\u00ebve ftojm\u00eb t\u00eb gjith\u00eb te apasionuarit e fjales se shkruar, t\u00eb jen\u00eb pjes\u00eb e organizimit m\u00eb t\u00eb madh\u00eb lidhur me librin n\u00eb qytetin ton\u00eb.<\/p>\n<p>Si risi e Edicionit te 18-t\u00eb mund t\u00eb cek\u00ebt numri i ekspozuesve prej 50 Sht\u00ebpive Botuese dhe Librarive ne gjuh\u00ebn shqipe dhe malazeze. Rezulltat ky kryesisht i arritur prej nj\u00eb impenjimi dhe angazhimi me serioz nga ana e institucioneve t\u00eb qytetit ton\u00eb si dhe nga bashk\u00ebpunimi me Institutin e Librit Tiran\u00eb.<\/p>\n<p>Hapja \u00a0Solemne e Panairit \u00a0do te behet me date 03.08.2018 ne ora 20:00 .<\/p>\n<p>Ne hapjen solemne do t\u00eb jen\u00eb prezent Ministri i Kultur\u00ebs s\u00eb Malit t\u00eb Zi z. Aleksander Bogdanoviq, Ministri i Turizmit dhe Mjedisit t\u00eb Shqip\u00ebris\u00eb z. Blendi Klosi si dhe perfaq\u00ebsues t\u00eb Institucioneve Lokale. Mbr\u00ebmja e dyt\u00eb dhe e tret\u00eb e koh\u00ebzgjatjes s\u00eb Panairit do t\u2019i ofroj publikut t\u00eb gj\u00ebr\u00eb Mbr\u00ebmje Autoriale kushtuar shkrimtar\u00ebve Pavle Goranovic nga Mali i Zi (04.08.2018., 21:00 h) dhe Publicistit Namik Dokle nga Shqip\u00ebria (05.08.2018., 21:00 h), ne ambientet e Hotelit \u201cPalata Venecia\u201d.<\/p>\n","protected":false},"excerpt":{"rendered":"<p>\u00a0NP Qendra e Kultur\u00ebs Ulqin n\u00eb bashk\u00ebpunim me Organizat\u00ebn Turistike \u2013 Ulqin si dhe Instituti i Librit \u2013 Tiran\u00eb, organizon \u201cPanairin e Librit 2018\u201d, gjegj\u00ebsisht panairi i 18 me radh\u00eb. \u201cPanairi i Librit 2018\u201d do t\u00eb realizohet n\u00eb Plazhin e Vog\u00ebl \u2013 Shetitore, m\u00ebsohet nga Qendra p\u00ebr kultur\u00eb. N\u00eb em\u00ebr t\u00eb Organizator\u00ebve ftojm\u00eb t\u00eb gjith\u00eb [&hellip;]<\/p>\n","protected":false},"author":1,"featured_media":4638,"comment_status":"open","ping_status":"open","sticky":false,"template":"","format":"standard","meta":{"_seopress_robots_primary_cat":"","_seopress_titles_title":"","_seopress_titles_desc":"","_seopress_robots_index":"","footnotes":""},"categories":[2,6],"tags":[1044,28],"class_list":["post-19951","post","type-post","status-publish","format-standard","has-post-thumbnail","hentry","category-aktualitet","category-kulture","tag-panairi-librit","tag-ulqin"],"_links":{"self":[{"href":"https:\/\/ulqini-online.com\/sajti\/index.php?rest_route=\/wp\/v2\/posts\/19951","targetHints":{"allow":["GET"]}}],"collection":[{"href":"https:\/\/ulqini-online.com\/sajti\/index.php?rest_route=\/wp\/v2\/posts"}],"about":[{"href":"https:\/\/ulqini-online.com\/sajti\/index.php?rest_route=\/wp\/v2\/types\/post"}],"author":[{"embeddable":true,"href":"https:\/\/ulqini-online.com\/sajti\/index.php?rest_route=\/wp\/v2\/users\/1"}],"replies":[{"embeddable":true,"href":"https:\/\/ulqini-online.com\/sajti\/index.php?rest_route=%2Fwp%2Fv2%2Fcomments&post=19951"}],"version-history":[{"count":1,"href":"https:\/\/ulqini-online.com\/sajti\/index.php?rest_route=\/wp\/v2\/posts\/19951\/revisions"}],"predecessor-version":[{"id":19952,"href":"https:\/\/ulqini-online.com\/sajti\/index.php?rest_route=\/wp\/v2\/posts\/19951\/revisions\/19952"}],"wp:featuredmedia":[{"embeddable":true,"href":"https:\/\/ulqini-online.com\/sajti\/index.php?rest_route=\/wp\/v2\/media\/4638"}],"wp:attachment":[{"href":"https:\/\/ulqini-online.com\/sajti\/index.php?rest_route=%2Fwp%2Fv2%2Fmedia&parent=19951"}],"wp:term":[{"taxonomy":"category","embeddable":true,"href":"https:\/\/ulqini-online.com\/sajti\/index.php?rest_route=%2Fwp%2Fv2%2Fcategories&post=19951"},{"taxonomy":"post_tag","embeddable":true,"href":"https:\/\/ulqini-online.com\/sajti\/index.php?rest_route=%2Fwp%2Fv2%2Ftags&post=19951"}],"curies":[{"name":"wp","href":"https:\/\/api.w.org\/{rel}","templated":true}]}}