{"id":19730,"date":"2018-07-13T13:01:11","date_gmt":"2018-07-13T11:01:11","guid":{"rendered":"http:\/\/ulqini-online.com\/sajti\/?p=19730"},"modified":"2018-07-13T13:02:53","modified_gmt":"2018-07-13T11:02:53","slug":"dy-anet-e-kalase-se-ulqinit-do-te-lidhen-me-nje-tunel","status":"publish","type":"post","link":"https:\/\/ulqini-online.com\/sajti\/?p=19730","title":{"rendered":"Dy an\u00ebt e Kalas\u00eb s\u00eb Ulqinit do t\u00eb lidhen me nj\u00eb tunel"},"content":{"rendered":"<p><a href=\"https:\/\/ulqini-online.com\/sajti\/wp-content\/uploads\/2015\/06\/Kalaja-ulqinit-nga-lart.jpg\"><img loading=\"lazy\" decoding=\"async\" class=\"aligncenter wp-image-4234 size-full\" src=\"https:\/\/ulqini-online.com\/sajti\/wp-content\/uploads\/2015\/06\/Kalaja-ulqinit-nga-lart.jpg\" alt=\"\" width=\"600\" height=\"410\" srcset=\"https:\/\/ulqini-online.com\/sajti\/wp-content\/uploads\/2015\/06\/Kalaja-ulqinit-nga-lart.jpg 600w, https:\/\/ulqini-online.com\/sajti\/wp-content\/uploads\/2015\/06\/Kalaja-ulqinit-nga-lart-300x205.jpg 300w\" sizes=\"auto, (max-width: 600px) 100vw, 600px\" \/><\/a><\/p>\n<p>Prezantimi i projektit t\u00eb Marin\u00ebs n\u00eb Lima se bashku me tunelin n\u00ebn Kala<\/p>\n<p>M\u00eb 16 korrik 2018 duke filluar nga ora 13:00 n\u00eb Sall\u00ebn e Kuvendit, do t\u00eb b\u00ebhet prezantim t\u00eb zgjidhjes s\u00eb planifikuar nga nj\u00ebra dhe nga an\u00ebn tjet\u00ebr t\u00eb Qytetit t\u00eb Vjet\u00ebr t\u00eb Ulqinit, i cili do t\u00eb lidhet me nj\u00eb tunel, m\u00ebsohet nga sekretari i Sekretariatit p\u00ebr planifikim t\u00eb hap\u00ebsir\u00ebs dhe zhvillim t\u00eb q\u00ebndruesh\u00ebm t\u00eb Komun\u00ebs s\u00eb Ulqinit, inxh. Aleksandar Daboviq, shkruan Ulqini Online.<\/p>\n<p>Prezantimi dhe konferenca p\u00ebr shtyp do t\u00eb b\u00ebhet nga Doktor i Arkitektur\u00ebs Mladen Kreki\u0107, autor i nj\u00eb numri t\u00eb madh projektesh kapitale n\u00eb Malin e Zi.<\/p>\n","protected":false},"excerpt":{"rendered":"<p>Prezantimi i projektit t\u00eb Marin\u00ebs n\u00eb Lima se bashku me tunelin n\u00ebn Kala M\u00eb 16 korrik 2018 duke filluar nga ora 13:00 n\u00eb Sall\u00ebn e Kuvendit, do t\u00eb b\u00ebhet prezantim t\u00eb zgjidhjes s\u00eb planifikuar nga nj\u00ebra dhe nga an\u00ebn tjet\u00ebr t\u00eb Qytetit t\u00eb Vjet\u00ebr t\u00eb Ulqinit, i cili do t\u00eb lidhet me nj\u00eb tunel, m\u00ebsohet [&hellip;]<\/p>\n","protected":false},"author":1,"featured_media":4234,"comment_status":"open","ping_status":"open","sticky":false,"template":"","format":"standard","meta":{"_seopress_robots_primary_cat":"","_seopress_titles_title":"","_seopress_titles_desc":"","_seopress_robots_index":"","footnotes":""},"categories":[2,4,3],"tags":[],"class_list":["post-19730","post","type-post","status-publish","format-standard","has-post-thumbnail","hentry","category-aktualitet","category-kronike","category-politike"],"_links":{"self":[{"href":"https:\/\/ulqini-online.com\/sajti\/index.php?rest_route=\/wp\/v2\/posts\/19730","targetHints":{"allow":["GET"]}}],"collection":[{"href":"https:\/\/ulqini-online.com\/sajti\/index.php?rest_route=\/wp\/v2\/posts"}],"about":[{"href":"https:\/\/ulqini-online.com\/sajti\/index.php?rest_route=\/wp\/v2\/types\/post"}],"author":[{"embeddable":true,"href":"https:\/\/ulqini-online.com\/sajti\/index.php?rest_route=\/wp\/v2\/users\/1"}],"replies":[{"embeddable":true,"href":"https:\/\/ulqini-online.com\/sajti\/index.php?rest_route=%2Fwp%2Fv2%2Fcomments&post=19730"}],"version-history":[{"count":2,"href":"https:\/\/ulqini-online.com\/sajti\/index.php?rest_route=\/wp\/v2\/posts\/19730\/revisions"}],"predecessor-version":[{"id":19732,"href":"https:\/\/ulqini-online.com\/sajti\/index.php?rest_route=\/wp\/v2\/posts\/19730\/revisions\/19732"}],"wp:featuredmedia":[{"embeddable":true,"href":"https:\/\/ulqini-online.com\/sajti\/index.php?rest_route=\/wp\/v2\/media\/4234"}],"wp:attachment":[{"href":"https:\/\/ulqini-online.com\/sajti\/index.php?rest_route=%2Fwp%2Fv2%2Fmedia&parent=19730"}],"wp:term":[{"taxonomy":"category","embeddable":true,"href":"https:\/\/ulqini-online.com\/sajti\/index.php?rest_route=%2Fwp%2Fv2%2Fcategories&post=19730"},{"taxonomy":"post_tag","embeddable":true,"href":"https:\/\/ulqini-online.com\/sajti\/index.php?rest_route=%2Fwp%2Fv2%2Ftags&post=19730"}],"curies":[{"name":"wp","href":"https:\/\/api.w.org\/{rel}","templated":true}]}}