{"id":19727,"date":"2018-07-13T12:50:55","date_gmt":"2018-07-13T10:50:55","guid":{"rendered":"http:\/\/ulqini-online.com\/sajti\/?p=19727"},"modified":"2018-07-13T12:50:55","modified_gmt":"2018-07-13T10:50:55","slug":"nje-delegacionin-i-komunes-se-decanit-vizite-ulqinit","status":"publish","type":"post","link":"https:\/\/ulqini-online.com\/sajti\/?p=19727","title":{"rendered":"Nj\u00eb delegacionin i Komun\u00ebs s\u00eb De\u00e7anit vizit\u00eb Ulqinit"},"content":{"rendered":"<p><a href=\"https:\/\/ulqini-online.com\/sajti\/wp-content\/uploads\/2018\/07\/vizita-komuna-decan-ulqin.jpg\"><img loading=\"lazy\" decoding=\"async\" class=\"aligncenter wp-image-19728 size-full\" src=\"https:\/\/ulqini-online.com\/sajti\/wp-content\/uploads\/2018\/07\/vizita-komuna-decan-ulqin.jpg\" alt=\"\" width=\"640\" height=\"427\" srcset=\"https:\/\/ulqini-online.com\/sajti\/wp-content\/uploads\/2018\/07\/vizita-komuna-decan-ulqin.jpg 640w, https:\/\/ulqini-online.com\/sajti\/wp-content\/uploads\/2018\/07\/vizita-komuna-decan-ulqin-300x200.jpg 300w\" sizes=\"auto, (max-width: 640px) 100vw, 640px\" \/><\/a><\/p>\n<p>Vizita nga Komuna e De\u00e7anit<\/p>\n<p>Kryetari i Komun\u00ebs s\u00eb Ulqinit Loro Nrekiq dhe bashk\u00ebpun\u00ebtoret e tij prit\u00ebn delegacionin e Komun\u00ebs s\u00eb De\u00e7anit t\u00eb kryesuar nga kryetari i saj Bashkim Ramosaj.<\/p>\n<p>Komuna e Ulqinit ka vite q\u00eb \u00ebsht\u00eb binjak\u00ebzuar me Komun\u00ebn e De\u00e7anit dhe urat e bashk\u00ebpunimit jan\u00eb v\u00ebn\u00eb n\u00eb disa sektor. Edhe n\u00eb takimin e sot\u00ebm pal\u00ebt u dakorduan q\u00eb ky bashk\u00ebpunim duhet avancuar, ve\u00e7mas n\u00eb sektor\u00ebt si\u00e7 \u00ebsht\u00eb turizmi veror respektivisht ai dim\u00ebror, n\u00eb shk\u00ebmbimin e p\u00ebrvojave, por vemendje e ve\u00e7ant\u00eb duhet kushtuar dhe bashk\u00ebpunimit n\u00eb fush\u00ebn e kultur\u00ebs, m\u00ebsohet nga Komuna e Ulqinit, shkruan Ulqini Online.<\/p>\n<p>Po ashtu n\u00eb takim u tha se ka vend p\u00ebr bashk\u00ebpunim n\u00eb hartimin e projekteve t\u00eb p\u00ebrbashk\u00ebta q\u00eb mb\u00ebshteten nga Bashkimi Evropian. Mysafir\u00ebt e shoq\u00ebruar nga zyrtar\u00ebt komunal gjat\u00eb qendrimit n\u00eb Ulqin do t\u00eb vizitojn\u00eb dhe objektet e r\u00ebnd\u00ebsishme kulturore t\u00eb qytetit, nd\u00ebrkoh\u00eb q\u00eb delegacioni i Ulqinit i kryesuar nga kryetari vizit\u00ebn kthyese do ta ket\u00eb n\u00eb De\u00e7an me 20 korrik ku organizohet panairi tradicional i De\u00e7anit.<\/p>\n","protected":false},"excerpt":{"rendered":"<p>Vizita nga Komuna e De\u00e7anit Kryetari i Komun\u00ebs s\u00eb Ulqinit Loro Nrekiq dhe bashk\u00ebpun\u00ebtoret e tij prit\u00ebn delegacionin e Komun\u00ebs s\u00eb De\u00e7anit t\u00eb kryesuar nga kryetari i saj Bashkim Ramosaj. Komuna e Ulqinit ka vite q\u00eb \u00ebsht\u00eb binjak\u00ebzuar me Komun\u00ebn e De\u00e7anit dhe urat e bashk\u00ebpunimit jan\u00eb v\u00ebn\u00eb n\u00eb disa sektor. Edhe n\u00eb takimin e [&hellip;]<\/p>\n","protected":false},"author":1,"featured_media":19728,"comment_status":"open","ping_status":"open","sticky":false,"template":"","format":"standard","meta":{"_seopress_robots_primary_cat":"","_seopress_titles_title":"","_seopress_titles_desc":"","_seopress_robots_index":"","footnotes":""},"categories":[2,3],"tags":[1917,1916,1127,28],"class_list":["post-19727","post","type-post","status-publish","format-standard","has-post-thumbnail","hentry","category-aktualitet","category-politike","tag-bashkim-ramosaj","tag-komuna-decan","tag-loro-nrekiq","tag-ulqin"],"_links":{"self":[{"href":"https:\/\/ulqini-online.com\/sajti\/index.php?rest_route=\/wp\/v2\/posts\/19727","targetHints":{"allow":["GET"]}}],"collection":[{"href":"https:\/\/ulqini-online.com\/sajti\/index.php?rest_route=\/wp\/v2\/posts"}],"about":[{"href":"https:\/\/ulqini-online.com\/sajti\/index.php?rest_route=\/wp\/v2\/types\/post"}],"author":[{"embeddable":true,"href":"https:\/\/ulqini-online.com\/sajti\/index.php?rest_route=\/wp\/v2\/users\/1"}],"replies":[{"embeddable":true,"href":"https:\/\/ulqini-online.com\/sajti\/index.php?rest_route=%2Fwp%2Fv2%2Fcomments&post=19727"}],"version-history":[{"count":1,"href":"https:\/\/ulqini-online.com\/sajti\/index.php?rest_route=\/wp\/v2\/posts\/19727\/revisions"}],"predecessor-version":[{"id":19729,"href":"https:\/\/ulqini-online.com\/sajti\/index.php?rest_route=\/wp\/v2\/posts\/19727\/revisions\/19729"}],"wp:featuredmedia":[{"embeddable":true,"href":"https:\/\/ulqini-online.com\/sajti\/index.php?rest_route=\/wp\/v2\/media\/19728"}],"wp:attachment":[{"href":"https:\/\/ulqini-online.com\/sajti\/index.php?rest_route=%2Fwp%2Fv2%2Fmedia&parent=19727"}],"wp:term":[{"taxonomy":"category","embeddable":true,"href":"https:\/\/ulqini-online.com\/sajti\/index.php?rest_route=%2Fwp%2Fv2%2Fcategories&post=19727"},{"taxonomy":"post_tag","embeddable":true,"href":"https:\/\/ulqini-online.com\/sajti\/index.php?rest_route=%2Fwp%2Fv2%2Ftags&post=19727"}],"curies":[{"name":"wp","href":"https:\/\/api.w.org\/{rel}","templated":true}]}}