{"id":19724,"date":"2018-07-13T08:57:27","date_gmt":"2018-07-13T06:57:27","guid":{"rendered":"http:\/\/ulqini-online.com\/sajti\/?p=19724"},"modified":"2018-07-13T09:04:50","modified_gmt":"2018-07-13T07:04:50","slug":"kultura-gjithnje-pa-qasje-mbarekombetare","status":"publish","type":"post","link":"https:\/\/ulqini-online.com\/sajti\/?p=19724","title":{"rendered":"KULTURA GJITHNJ\u00cb\u00a0PA QASJE MBAR\u00cbKOMB\u00cbTARE"},"content":{"rendered":"<figure id=\"attachment_19725\" aria-describedby=\"caption-attachment-19725\" style=\"width: 643px\" class=\"wp-caption aligncenter\"><a href=\"https:\/\/ulqini-online.com\/sajti\/wp-content\/uploads\/2018\/07\/kalendari-kulturor-Shqip\u00ebri-Kosov\u00eb-vitin-2018.jpg\"><img loading=\"lazy\" decoding=\"async\" class=\"wp-image-19725 size-full\" src=\"https:\/\/ulqini-online.com\/sajti\/wp-content\/uploads\/2018\/07\/kalendari-kulturor-Shqip\u00ebri-Kosov\u00eb-vitin-2018.jpg\" alt=\"\" width=\"643\" height=\"338\" srcset=\"https:\/\/ulqini-online.com\/sajti\/wp-content\/uploads\/2018\/07\/kalendari-kulturor-Shqip\u00ebri-Kosov\u00eb-vitin-2018.jpg 643w, https:\/\/ulqini-online.com\/sajti\/wp-content\/uploads\/2018\/07\/kalendari-kulturor-Shqip\u00ebri-Kosov\u00eb-vitin-2018-300x158.jpg 300w\" sizes=\"auto, (max-width: 643px) 100vw, 643px\" \/><\/a><figcaption id=\"caption-attachment-19725\" class=\"wp-caption-text\">Nga n\u00ebnshkrimi n\u00eb Prizren Kalendari Kulturor Shqip\u00ebri- Kosov\u00eb 2018 Foto: gov.al<\/figcaption><\/figure>\n<p><strong>\u00a0<\/strong><strong>\u00a0<\/strong><\/p>\n<p><strong>Diskursi kulturor<\/strong><\/p>\n<p>&nbsp;<\/p>\n<p><em>N\u00ebnshkrimi i kalendarit\u00a0 kulturor Shqip\u00ebri-Kosov\u00eb\u00a0 p\u00ebr vitin 2018 p\u00ebr t\u00eb pest\u00ebn her\u00eb, paraqet\u00a0 vazhdim\u00ebsi t\u00eb bashk\u00ebpunimit t\u00eb dy vendeve tona n\u00eb fush\u00ebn e kultur\u00ebs me synimin e avancimit dhe promovimit t\u00eb kultur\u00ebs komb\u00ebtare brenda hap\u00ebsir\u00ebs shqiptare. Organizmi i veprimtarive t\u00eb tilla kulturore mund\u00ebson\u00a0\u00a0 prezantimin, njohjen dhe vet\u00ebnjohjen shqiptare, qe paraqet nderim ndaj\u00a0\u00a0 veprimtaris\u00eb kulturore komb\u00ebtare n\u00eb p\u00ebrgjith\u00ebsi. Por, edhe ky<\/em><em>\u00a0 kalendar si ato\u00a0\u00a0 t\u00eb\u00a0 m\u00ebparshmit ka defekte, sepse jan\u00eb anashkaluar shqiptar\u00ebt n\u00eb Mal t\u00eb Zi, Maqedoni, Lugin\u00eb t\u00eb Preshev\u00ebs e diaspor\u00eb \u00a0q\u00eb nuk \u00ebsht\u00eb n\u00eb favor t\u00eb integrimit kulturor mbar\u00ebkomb\u00ebtar\u00eb q\u00eb \u00ebsht\u00eb synim i kauz\u00ebs son\u00eb komb\u00ebtare. <\/em><\/p>\n<p><strong>Dr.Nail\u00a0 Draga<\/strong><\/p>\n<p>Dit\u00eb m\u00eb par\u00eb mediat elektronike dhe t\u00eb shkruara njoftuan se Kosova dhe Shqip\u00ebria do t\u00eb ken\u00eb nj\u00eb kalendar t\u00eb p\u00ebrbashk\u00ebt kulturor p\u00ebr vitin 2018. K\u00ebshtu\u00a0 n\u00eb Prizren n\u00eb ambientet e Lidhj\u00ebs Shqiptare t\u00eb Prizrenit, Ministri i Kultur\u00ebs Rinis\u00eb dhe Sportit i Republik\u00ebs s\u00eb Kosov\u00ebs, Kujtim Gashi dhe Ministrja e Kultur\u00ebs e Republik\u00ebs s\u00eb Shqip\u00ebris\u00eb, Mirela Kumbaro \u2013 Furxhi, n\u00ebnshkruan Protokollin\u00a0 e Bashk\u00ebpunimit p\u00ebr Kalendarin e P\u00ebrbashk\u00ebt Kulturor Vjetor, t\u00eb pestin vit radhazi.<\/p>\n<p>P\u00ebrmes k\u00ebtij akti, dy vendet jan\u00eb pajtuar p\u00ebr p\u00ebrfshirjen e aktivitete, i cili \u00ebsht\u00eb i bazuar n\u00eb \u201cDeklaraten e p\u00ebrbashk\u00ebt p\u00ebr bashk\u00ebpunim dhe partneritet strategjik\u00a0 ndermjet K\u00ebshillit t\u00eb Ministrave t\u00eb Republik\u00ebs s\u00eb Shqip\u00ebris\u00eb dhe Qeveris\u00eb s\u00eb Kosov\u00ebs\u201d n\u00ebnshkruar n\u00eb Prizren m\u00eb dat\u00eb 11 janar 2014..<\/p>\n<p>B\u00ebh\u00ebt m\u00eb dijes se n\u00eb saj\u00eb t\u00eb kalendarit t\u00eb p\u00ebrbashk\u00ebt kulturor do t\u00eb realizoh\u00ebn aktivitete n\u00eb fush\u00ebn e trash\u00ebgimis\u00eb, q\u00eb kan\u00eb t\u00eb b\u00ebjn\u00eb me digjitalizimin\u00a0 e trash\u00ebgimis\u00eb dhe trajnime dhe edukim n\u00eb fush\u00ebn e restaurimit dhe konservimit, ekspozita n\u00eb fush\u00ebn e arkeologjis\u00eb dhe t\u00eb muzeve, n\u00eb fush\u00ebn e teatrove do t\u00eb mbah\u00ebt festivali mbar\u00ebkomb\u00ebtar i teatrit dhe do t\u00eb realizohen\u00a0 shfaqje teatrale si n\u00eb Kosov\u00eb ashtu edhe n\u00eb Shqip\u00ebri, n\u00eb fush\u00ebn e filmit do te jepen premierat e pes\u00eb filmave.N\u00eb fush\u00ebn e artit pamor do t\u00eb realizohet nj\u00eb ekspozit\u00eb n\u00eb Shqip\u00ebri.K\u00ebto aktivitete\u00a0 do t&#8217;i bartin institucionet komb\u00ebtare p\u00ebrkat\u00ebse t\u00eb kultur\u00ebs.<\/p>\n<p>N\u00ebnshkrimi i\u00a0 Protokollit paraqet nj\u00eb vazhdim\u00ebsi t\u00eb bashk\u00ebpunimit t\u00eb dy vendeve tona n\u00eb fush\u00ebn e kultur\u00ebs me synimin e avancimit dhe promovimit t\u00eb kultur\u00ebs komb\u00ebtare brenda hap\u00ebsir\u00ebs shqiptare duke e konsideruar si nxitje p\u00ebr veprimtari t\u00eb tjera n\u00eb nivel mbar\u00ebkomb\u00ebtar\u00eb, ku kultura duhet t\u00eb jet\u00eb model p\u00ebr t\u00eb tashm\u00ebn dhe t\u00eb ardhmen.Organizmi i veprimtarive t\u00eb tilla kulturore mund\u00ebson\u00a0\u00a0 prezantimin, njohjen dhe vet\u00ebnjohjen shqiptare, qe paraqet nderim ndaj\u00a0\u00a0 veprimtaris\u00eb kulturore komb\u00ebtare n\u00eb p\u00ebrgjith\u00ebsi.Andaj, \u00a0nj\u00eb akt i\u00a0 till\u00eb \u00ebsht\u00eb p\u00ebr t&#8217;u p\u00ebrsh\u00ebndetur, sepse \u00ebsht\u00eb n\u00eb favor t\u00eb bashk\u00ebpunimit nd\u00ebrshtet\u00ebror n\u00eb p\u00ebrgjith\u00ebsi dhe integrimit kulturor mabar\u00ebkomb\u00ebtar n\u00eb ve\u00e7anti.<\/p>\n<p><em>\u00a0<\/em><\/p>\n<p><strong>Anashkalimi i shqiptar\u00ebve n\u00eb Mal t\u00eb Zi <\/strong><\/p>\n<p><em>\u00a0<\/em><\/p>\n<p>Por, me t\u00eb drejt b\u00ebh\u00ebt pyetja ku jan\u00eb shqiptar\u00ebt n\u00eb Mal t\u00eb Zi,Lugin\u00eb t\u00eb Preshev\u00ebs e Maqedoni, dhe pse ata nuk jan\u00eb pjes\u00eb e k\u00ebsaj marr\u00ebveshjeje?\u00a0 Mungesa e qasjes s\u00eb till\u00eb\u00a0 edhe p\u00ebr keto mjedise shqiptare, del qart\u00eb se kjo marr\u00ebveshje \u00ebsht\u00eb e mang\u00ebt dhe nuk mund t\u00eb gezoj\u00eb epitetin e sintagm\u00ebs mbar\u00ebkomb\u00ebtare. Por, pse ka munguar nj\u00eb qasje\u00a0 e till\u00eb nga ministrit\u00eb p\u00ebrkat\u00ebse nga Tirana e Prishtina, p\u00ebrgjigja duhet t\u00eb jepet pik\u00ebrisht nga k\u00ebta dy adresa.<\/p>\n<p>Mendoj se \u00ebsht\u00eb dashur n\u00eb m\u00ebnyr\u00eb taksative t\u00eb sh\u00ebnohen obligimet n\u00eb kalendarin kulturor, n\u00eb rastin konkret\u00a0 edhe p\u00ebr shqiptar\u00ebt n\u00eb Mal t\u00eb Zi. K\u00ebshtu shfaqje t\u00eb ndryshme nga teatri,\u00a0 ansamblet muzikore, apo ekspozitat e ndryshme artistike do t\u00eb ishin t\u00eb obligueshme t\u00eb paraqiten para\u00a0 shqiptar\u00ebve n\u00eb Mal t\u00eb Zi.<\/p>\n<p>N\u00eb Ulqin si kryeqendra e shqiptar\u00ebve n\u00eb Mal t\u00eb Zi,\u00a0 gjat\u00eb ver\u00ebs organizohen veprimtari\u00a0 t\u00eb ndryshme\u00a0 kulturore\u00a0 n\u00eb mes tjerash si\u00e7 jan\u00eb: \u201c<em>Panairi i librit<\/em>\u201d, Festivali <em>\u201cSkena verore\u201d<\/em> dhe \u201c<em>Kalimera poetike\u201d,<\/em> ku t\u00eb ftuar vazhdimisht \u00a0kan\u00eb marr\u00eb pjes\u00eb\u00a0 trupa teatrale nga Shqip\u00ebria e Kosova, por edhe piktor dhe grupe t\u00eb ndryshme muzikore, kryesisht n\u00eb saj\u00eb t\u00eb takimeve individuale apo t\u00eb subjekt\u00ebve t\u00eb ndryshme kulturore por jo me institucionet qeveritare.<\/p>\n<p>Duket ndoshta paradoksale por me sa jam i informuar deri me tash nuk ka ekzistuar ndonj\u00eb interesim\u00a0 nga\u00a0 institucion\u00ebt p\u00ebrkat\u00ebse p\u00ebr ndonj\u00eb takim p\u00ebr \u00e7\u00ebshtje t\u00eb tilla as nga Prishtina apo Tirana, nga del se shqiptar\u00ebt n\u00eb Mal t\u00eb Zi th\u00ebn\u00eb m\u00eb s\u00eb buti jan\u00eb \u00a0anashkaluar vazhdimisht. Duhet th\u00ebn\u00eb s\u00eb takimet p\u00ebr \u00e7\u00ebshtje t\u00eb tilla ishin kryesisht \u00a0individuale\u00a0 jasht\u00eb institucioneve apo ministrive p\u00ebrkat\u00ebse, pra me subjektet e ndryshme kulturore apo nga\u00a0 shoq\u00ebria civile, q\u00eb kan\u00eb treguar interesim dhe gadishm\u00ebri\u00a0 p\u00ebr pjes\u00ebmarrje ne veprimtarit\u00eb kulturore n\u00eb Ulqin.<\/p>\n<p><strong>Qasje jo serioze apo munges\u00eb e vullnetit politik<\/strong><\/p>\n<p>Duke marr\u00eb parasysh se\u00a0 n\u00eb t\u00eb kaluar\u00ebn n\u00eb saj\u00eb t\u00eb rrethanave shoq\u00ebrore t\u00eb koh\u00ebs, ka qen\u00eb e pamundur nj\u00eb angazhim konkret n\u00eb ket\u00eb drejtim,\u00a0 tash n\u00eb pluraliz\u00ebm, pesha bie mbi institucionet\u00a0 p\u00ebrkat\u00ebse\u00a0 ne lidhje me\u00a0 bashk\u00ebpunimin\u00a0 ne ket\u00eb drejtim.<\/p>\n<p>Andaj, mendoj se ka ardhur koha p\u00ebr\u00a0 angazhim konkret ne ket\u00eb aspekt, sepse intergrimin kulturor nuk do t\u00eb na b\u00ebjn\u00eb t\u00eb tjer\u00ebt. Inicues t\u00eb k\u00ebsaj \u00e7\u00ebshtjeje duhet t\u00eb jet\u00eb Ministria e Kultur\u00ebs e Republik\u00ebs s\u00eb Shqip\u00ebris\u00eb, sepse nj\u00eb veprim i till\u00eb \u00ebsht\u00eb obligim profesional dhe komb\u00ebtar sepse\u00a0 \u00ebsht\u00eb i mbeshtetur edhe n\u00eb nenin 8 t\u00eb Kushtetut\u00ebs s\u00eb Republik\u00ebs s\u00eb Shqip\u00ebris\u00eb.<\/p>\n<p>Anashkalimi nga kalendari kulturor\u00a0 i\u00a0\u00a0 shqiptar\u00ebve\u00a0 n\u00eb Mal t\u00eb Zi, Maqedoni dhe n\u00eb\u00a0 Lugin\u00eb\u00a0 t\u00eb Preshev\u00ebs dhe ato n\u00eb diaspor\u00eb, ndoshta nuk \u00ebsht\u00eb b\u00ebr\u00eb me qellim, por mungesa e k\u00ebsaj hap\u00ebsire kulturore ne kalendarin kulturor t\u00eb publikuar me 18 qershor<\/p>\n<p>2018 nuk arsyetohet m\u00eb asgj\u00eb.<\/p>\n<p>Andaj ka ardhur koha p\u00ebr nj\u00eb reflektim tjet\u00ebr\u00a0 e ate fillimisht n\u00eb institucionet p\u00ebrkat\u00ebse si n\u00eb Tiran\u00eb dhe n\u00eb Prishtin\u00eb, sepse\u00a0 n\u00ebse nuk angazhohemi vet n\u00eb ket\u00eb drejtim pun\u00ebt tona nuk do t\u00eb na i kryejn\u00eb t\u00eb tjer\u00ebt. Nd\u00ebrsa qasja formale n\u00eb k\u00ebt\u00eb drejtim\u00a0 th\u00ebn\u00eb m\u00eb s\u00eb buti d\u00ebshmon joseriozitet profesional t\u00eb titullar\u00ebve n\u00eb institucionet p\u00ebrkat\u00ebse. Sepse, integrimi kulturor mbar\u00ebkomb\u00ebtar\u00eb duhet t\u00eb jet\u00eb mision par\u00ebsor p\u00ebr ministrit\u00eb p\u00ebrkat\u00ebse dhe institucionet shtet\u00ebrore, ku me nj\u00eb koordinim t\u00eb veprimeve nuk do t\u00eb mungojn\u00eb as rezultatet konkrete, por fillimisht duhet t\u00eb ndryshoj\u00eb qasja dhe mentaliteti i personave p\u00ebrgjegj\u00ebs n\u00eb institucionet p\u00ebrkat\u00ebse.<\/p>\n<p>Nd\u00ebrsa deklarata\u00a0 e ministrave se kalendari \u00ebsht\u00eb i hapur dhe do t\u00eb p\u00ebrfshihen te gjitha vendet ku ka shqiptar\u00eb, e vler\u00ebsojm\u00eb si deklarat\u00eb te rastit\u00a0 e asgj\u00eb m\u00eb shum\u00eb, sepse po t\u00eb kishte ekzistuar qasje serioze dhe vullneti politik i pushtet\u00ebve, \u00e7\u00ebshtja e integrimit kulturor mbar\u00ebkomb\u00ebtar do t\u00eb kishte\u00a0 p\u00ebrmasa tjera.<\/p>\n<p><strong><em>Drejtoria e veprimtarive kulturore mbar\u00ebkomb\u00ebtare k\u00ebrkes\u00eb e koh\u00ebs<\/em><\/strong><\/p>\n<p>N\u00eb lidhje m\u00eb integrimin kulturor mbar\u00ebkomb\u00ebtar vite m\u00eb par\u00eb kam propozuar q\u00eb n\u00eb favor t\u00eb avancimit t\u00eb integrimit kulturor \u00ebsht\u00eb i nevojsh\u00ebm t\u00eb themelohet nj\u00eb subjekt i ve\u00e7ant\u00eb n\u00eb kuad\u00ebr t\u00eb Ministris\u00eb s\u00eb Kultur\u00ebs s\u00eb Shqip\u00ebris\u00eb. Mendoj se subjekti duhet t\u00eb em\u00ebrtohej <em>Drejtoria e veprimtarive kulturore mbar\u00ebkomb\u00ebtare<\/em>, q\u00eb do t\u00eb ishte p\u00ebrgjegj\u00ebse p\u00ebr veprimtarit\u00eb kulturore me karakter mbar\u00ebkomb\u00ebtar.<\/p>\n<p>Subjekti i till\u00eb do t\u00eb p\u00ebrfaq\u00ebsohej nga individ\u00eb kompetent\u00eb, q\u00eb jan\u00eb d\u00ebshmuar me pun\u00ebn e tyre profesionale. Nuk do t\u00eb thot\u00eb se nj\u00eb subjekt i till\u00eb t\u00eb mos ekzistoj\u00eb edhe n\u00eb Prishtin\u00eb n\u00eb kuad\u00ebr t\u00eb Ministris\u00eb s\u00eb Kultur\u00ebs pran\u00eb Qeveris\u00eb s\u00eb Kosov\u00ebs, por Shqip\u00ebria duhet t\u00eb jet\u00eb model p\u00ebr t\u00eb tjer\u00ebt, sepse ajo \u00ebsht\u00eb atdheu i t\u00eb gjith\u00eb shqiptar\u00ebve.<br \/>\nNj\u00eb subjekt i till\u00eb nuk duhet t\u00eb jet\u00eb sa p\u00ebr form\u00eb, sepse t\u00eb till\u00eb ekzistojn\u00eb mjaft, por t\u00eb jet\u00eb i ve\u00e7ant\u00eb dhe t\u00eb dallohet me projekte t\u00eb realizuara n\u00eb m\u00ebnyr\u00eb praktike.<br \/>\nVet\u00ebm n\u00eb k\u00ebt\u00eb form\u00eb t\u00eb impenjimit do t\u00eb b\u00ebhet ndarja nga e kaluara, e cila n\u00eb k\u00ebt\u00eb aspekt ka qen\u00eb jo e favorshme dhe n\u00eb kund\u00ebrshtim flagrant t\u00eb identitetit kulturor mbar\u00ebkomb\u00ebtar.<br \/>\nDrejtoria p\u00ebrkat\u00ebse \u00a0do t\u00eb bashk\u00ebpunonte\u00a0 me subjekt\u00ebt kulturore nga hap\u00ebsira mbar\u00ebkomb\u00ebtare nga Mali i Zi, Maqedonia dhe Lugina e Preshev\u00ebs e n\u00eb diaspor\u00eb, duke p\u00ebrgatitur program pune nga profesionist\u00eb t\u00eb fushave t\u00eb ndryshme.<\/p>\n<p>Vet\u00ebm n\u00eb k\u00ebt\u00eb form\u00eb t\u00eb organizimit\u00a0 dhe me mbeshtetje financiare\u00a0 nga Qeverit\u00eb e t\u00eb dy vendeve tona mund t\u00eb realizohet n\u00eb praktik\u00eb integrimi kulturor mbar\u00ebkomb\u00ebtar, q\u00eb \u00ebsht\u00eb synim i kauz\u00ebs\u00a0 son\u00eb komb\u00ebtare.<\/p>\n<p><em>(Korrik, 2018) <\/em><\/p>\n<p>&nbsp;<\/p>\n","protected":false},"excerpt":{"rendered":"<p>\u00a0\u00a0 Diskursi kulturor &nbsp; N\u00ebnshkrimi i kalendarit\u00a0 kulturor Shqip\u00ebri-Kosov\u00eb\u00a0 p\u00ebr vitin 2018 p\u00ebr t\u00eb pest\u00ebn her\u00eb, paraqet\u00a0 vazhdim\u00ebsi t\u00eb bashk\u00ebpunimit t\u00eb dy vendeve tona n\u00eb fush\u00ebn e kultur\u00ebs me synimin e avancimit dhe promovimit t\u00eb kultur\u00ebs komb\u00ebtare brenda hap\u00ebsir\u00ebs shqiptare. Organizmi i veprimtarive t\u00eb tilla kulturore mund\u00ebson\u00a0\u00a0 prezantimin, njohjen dhe vet\u00ebnjohjen shqiptare, qe paraqet nderim [&hellip;]<\/p>\n","protected":false},"author":1,"featured_media":19725,"comment_status":"open","ping_status":"open","sticky":false,"template":"","format":"standard","meta":{"_seopress_robots_primary_cat":"","_seopress_titles_title":"","_seopress_titles_desc":"","_seopress_robots_index":"","footnotes":""},"categories":[2,12],"tags":[],"class_list":["post-19724","post","type-post","status-publish","format-standard","has-post-thumbnail","hentry","category-aktualitet","category-opinione"],"_links":{"self":[{"href":"https:\/\/ulqini-online.com\/sajti\/index.php?rest_route=\/wp\/v2\/posts\/19724","targetHints":{"allow":["GET"]}}],"collection":[{"href":"https:\/\/ulqini-online.com\/sajti\/index.php?rest_route=\/wp\/v2\/posts"}],"about":[{"href":"https:\/\/ulqini-online.com\/sajti\/index.php?rest_route=\/wp\/v2\/types\/post"}],"author":[{"embeddable":true,"href":"https:\/\/ulqini-online.com\/sajti\/index.php?rest_route=\/wp\/v2\/users\/1"}],"replies":[{"embeddable":true,"href":"https:\/\/ulqini-online.com\/sajti\/index.php?rest_route=%2Fwp%2Fv2%2Fcomments&post=19724"}],"version-history":[{"count":1,"href":"https:\/\/ulqini-online.com\/sajti\/index.php?rest_route=\/wp\/v2\/posts\/19724\/revisions"}],"predecessor-version":[{"id":19726,"href":"https:\/\/ulqini-online.com\/sajti\/index.php?rest_route=\/wp\/v2\/posts\/19724\/revisions\/19726"}],"wp:featuredmedia":[{"embeddable":true,"href":"https:\/\/ulqini-online.com\/sajti\/index.php?rest_route=\/wp\/v2\/media\/19725"}],"wp:attachment":[{"href":"https:\/\/ulqini-online.com\/sajti\/index.php?rest_route=%2Fwp%2Fv2%2Fmedia&parent=19724"}],"wp:term":[{"taxonomy":"category","embeddable":true,"href":"https:\/\/ulqini-online.com\/sajti\/index.php?rest_route=%2Fwp%2Fv2%2Fcategories&post=19724"},{"taxonomy":"post_tag","embeddable":true,"href":"https:\/\/ulqini-online.com\/sajti\/index.php?rest_route=%2Fwp%2Fv2%2Ftags&post=19724"}],"curies":[{"name":"wp","href":"https:\/\/api.w.org\/{rel}","templated":true}]}}