{"id":19497,"date":"2018-06-24T14:02:04","date_gmt":"2018-06-24T12:02:04","guid":{"rendered":"http:\/\/ulqini-online.com\/sajti\/?p=19497"},"modified":"2018-06-24T14:10:48","modified_gmt":"2018-06-24T12:10:48","slug":"duke-pritur-1-korrikun-shtyhet-ndalesa-e-qarkullimit-ne-rrugen-ulqin-krythe","status":"publish","type":"post","link":"https:\/\/ulqini-online.com\/sajti\/?p=19497","title":{"rendered":"Duke pritur 1 korrikun! &#8211; Shtyhet ndalesa e qarkullimit n\u00eb rrug\u00ebn Ulqin &#8211; Kryth\u00eb"},"content":{"rendered":"<figure id=\"attachment_19498\" aria-describedby=\"caption-attachment-19498\" style=\"width: 640px\" class=\"wp-caption aligncenter\"><a href=\"https:\/\/ulqini-online.com\/sajti\/wp-content\/uploads\/2018\/06\/rruga-ulqin-krythe-asfaltimi.jpg\"><img loading=\"lazy\" decoding=\"async\" class=\"wp-image-19498 size-full\" src=\"https:\/\/ulqini-online.com\/sajti\/wp-content\/uploads\/2018\/06\/rruga-ulqin-krythe-asfaltimi.jpg\" alt=\"\" width=\"640\" height=\"360\" srcset=\"https:\/\/ulqini-online.com\/sajti\/wp-content\/uploads\/2018\/06\/rruga-ulqin-krythe-asfaltimi.jpg 640w, https:\/\/ulqini-online.com\/sajti\/wp-content\/uploads\/2018\/06\/rruga-ulqin-krythe-asfaltimi-300x169.jpg 300w\" sizes=\"auto, (max-width: 640px) 100vw, 640px\" \/><\/a><figcaption id=\"caption-attachment-19498\" class=\"wp-caption-text\">Fshati Kryth\u00eb. Ulqin<\/figcaption><\/figure>\n<p>Sezoni turistik n\u00eb Ulqin, s\u00eb paku kalendarikisht ka filluar, por ai nj\u00ebmendt\u00eb nga i cili p\u00ebrftitojn\u00eb shumica e banor\u00ebve t\u00eb k\u00ebtij qyteti pritet t\u00eb filloj\u00eb me 1 korrik.\u00a0 Edhe pse n\u00eb qytet mund t\u00eb v\u00ebrehet nj\u00eb rritje e numrit t\u00eb mysafir\u00ebve, kjo gjendje nuk \u00ebsht\u00eb aspak ajo q\u00eb do t\u00eb kishin d\u00ebshiruar banor\u00ebt dhe afarist\u00ebt e k\u00ebtij qyteti.<\/p>\n<p>K\u00ebt\u00eb vit, p\u00ebrve\u00e7 v\u00ebshtir\u00ebsive t\u00eb zakonshme t\u00eb ulqinak\u00ebve p\u00ebr sa m\u00eb shum\u00eb mysafir\u00eb, ka edhe nj\u00eb detaj tjet\u00ebr shum\u00eb t\u00eb r\u00ebnd\u00ebsish\u00ebm i cili ka t\u00eb b\u00ebj\u00eb me l\u00ebshimin n\u00eb qarkullim t\u00eb aksit rrugor Kryth\u00eb &#8211; Ulqin, aks n\u00ebp\u00ebr t\u00eb cilin kalojn\u00eb pjesa m\u00eb e madhe e mysafir\u00ebve q\u00eb vin\u00eb n\u00eb k\u00ebt\u00eb qytet.<\/p>\n<p>Nga pamjet q\u00eb vin\u00eb nga kjo zon\u00eb mund t\u00eb shikohet se ka filluar m\u00eb t\u00eb madhe shtrimi i shtres\u00ebs s\u00eb par\u00eb me asfaltit gj\u00eb q\u00eb jep pak optimiz\u00ebm .<\/p>\n<p>Nga ana tjet\u00ebr\u00a0 p\u00ebr shkak t\u00eb punimeve n\u00eb rrug\u00eb, siapas Lidhjes s\u00eb Auto Moto t\u00eb Malit t\u00eb Zi vazhdon t\u00eb jet\u00eb \u00a0plot\u00ebsisht i mbyllur \u00a0p\u00ebr komunikacion p\u00ebr t\u00eb gjitha automjetet rruga Ulqin \u2013 Krythe deri me dat\u00ebn 30 qershor. Paraprakisht, po nga kjo lidhje ishte lajm\u00ebruar si dat\u00eb e ndales\u00ebs deri me 15 qershor.<\/p>\n<p>Komunikacioni do t\u00eb riorientohet p\u00ebrmes rrug\u00ebs s\u00eb vjet\u00ebr p\u00ebr Tivar.<\/p>\n<p>&nbsp;<\/p>\n<p>&nbsp;<\/p>\n","protected":false},"excerpt":{"rendered":"<p>Sezoni turistik n\u00eb Ulqin, s\u00eb paku kalendarikisht ka filluar, por ai nj\u00ebmendt\u00eb nga i cili p\u00ebrftitojn\u00eb shumica e banor\u00ebve t\u00eb k\u00ebtij qyteti pritet t\u00eb filloj\u00eb me 1 korrik.\u00a0 Edhe pse n\u00eb qytet mund t\u00eb v\u00ebrehet nj\u00eb rritje e numrit t\u00eb mysafir\u00ebve, kjo gjendje nuk \u00ebsht\u00eb aspak ajo q\u00eb do t\u00eb kishin d\u00ebshiruar banor\u00ebt dhe afarist\u00ebt [&hellip;]<\/p>\n","protected":false},"author":1,"featured_media":19498,"comment_status":"open","ping_status":"open","sticky":false,"template":"","format":"standard","meta":{"_seopress_robots_primary_cat":"","_seopress_titles_title":"","_seopress_titles_desc":"","_seopress_robots_index":"","footnotes":""},"categories":[2,4],"tags":[],"class_list":["post-19497","post","type-post","status-publish","format-standard","has-post-thumbnail","hentry","category-aktualitet","category-kronike"],"_links":{"self":[{"href":"https:\/\/ulqini-online.com\/sajti\/index.php?rest_route=\/wp\/v2\/posts\/19497","targetHints":{"allow":["GET"]}}],"collection":[{"href":"https:\/\/ulqini-online.com\/sajti\/index.php?rest_route=\/wp\/v2\/posts"}],"about":[{"href":"https:\/\/ulqini-online.com\/sajti\/index.php?rest_route=\/wp\/v2\/types\/post"}],"author":[{"embeddable":true,"href":"https:\/\/ulqini-online.com\/sajti\/index.php?rest_route=\/wp\/v2\/users\/1"}],"replies":[{"embeddable":true,"href":"https:\/\/ulqini-online.com\/sajti\/index.php?rest_route=%2Fwp%2Fv2%2Fcomments&post=19497"}],"version-history":[{"count":1,"href":"https:\/\/ulqini-online.com\/sajti\/index.php?rest_route=\/wp\/v2\/posts\/19497\/revisions"}],"predecessor-version":[{"id":19499,"href":"https:\/\/ulqini-online.com\/sajti\/index.php?rest_route=\/wp\/v2\/posts\/19497\/revisions\/19499"}],"wp:featuredmedia":[{"embeddable":true,"href":"https:\/\/ulqini-online.com\/sajti\/index.php?rest_route=\/wp\/v2\/media\/19498"}],"wp:attachment":[{"href":"https:\/\/ulqini-online.com\/sajti\/index.php?rest_route=%2Fwp%2Fv2%2Fmedia&parent=19497"}],"wp:term":[{"taxonomy":"category","embeddable":true,"href":"https:\/\/ulqini-online.com\/sajti\/index.php?rest_route=%2Fwp%2Fv2%2Fcategories&post=19497"},{"taxonomy":"post_tag","embeddable":true,"href":"https:\/\/ulqini-online.com\/sajti\/index.php?rest_route=%2Fwp%2Fv2%2Ftags&post=19497"}],"curies":[{"name":"wp","href":"https:\/\/api.w.org\/{rel}","templated":true}]}}