{"id":19495,"date":"2018-06-24T01:59:50","date_gmt":"2018-06-23T23:59:50","guid":{"rendered":"http:\/\/ulqini-online.com\/sajti\/?p=19495"},"modified":"2018-06-24T02:01:02","modified_gmt":"2018-06-24T00:01:02","slug":"faik-nika-per-zerin-e-amerikes-emigrimi-shqetesim-kryesor-per-shqiptaret-ne-mal-te-zi-video","status":"publish","type":"post","link":"https:\/\/ulqini-online.com\/sajti\/?p=19495","title":{"rendered":"Faik Nika p\u00ebr Z\u00ebrin e Amerik\u00ebs: Emigrimi, shqet\u00ebsim kryesor p\u00ebr shqiptar\u00ebt n\u00eb Mal t\u00eb Zi (video)"},"content":{"rendered":"<p><a href=\"https:\/\/ulqini-online.com\/sajti\/wp-content\/uploads\/2018\/06\/faik-nika-kksh.jpg\"><img loading=\"lazy\" decoding=\"async\" class=\"aligncenter wp-image-19271 size-full\" src=\"https:\/\/ulqini-online.com\/sajti\/wp-content\/uploads\/2018\/06\/faik-nika-kksh.jpg\" alt=\"\" width=\"480\" height=\"602\" srcset=\"https:\/\/ulqini-online.com\/sajti\/wp-content\/uploads\/2018\/06\/faik-nika-kksh.jpg 480w, https:\/\/ulqini-online.com\/sajti\/wp-content\/uploads\/2018\/06\/faik-nika-kksh-239x300.jpg 239w\" sizes=\"auto, (max-width: 480px) 100vw, 480px\" \/><\/a><\/p>\n<p>K\u00ebshilli Komb\u00ebtar i Shqiptar\u00ebve n\u00eb Mal t\u00eb Zi vler\u00ebsohet nd\u00ebr institucionet m\u00eb t\u00eb r\u00ebnd\u00ebsishme p\u00ebr komunitetin shqiptar n\u00eb k\u00ebt\u00eb vend. I themeluar 10 vjet m\u00eb par\u00eb, kjo organizat\u00eb \u00ebsht\u00eb p\u00ebrqendruar n\u00eb mbrojtjen dhe zhvillimin e kultur\u00ebs, arsimit dhe t\u00eb gjuh\u00ebs s\u00eb popullat\u00ebs shqiptar n\u00eb Malin e Zi.<\/p>\n<p>Kronik\u00ebn e plot\u00eb nga intervista e kryetarit t\u00eb KKSH-s\u00eb z. Faik Nika p\u00ebr Z\u00ebrin e Amerik\u00ebs mund ta shikoni m\u00eb posht\u00eb.<\/p>\n<p><iframe loading=\"lazy\" title=\"K\u00ebshilli Komb\u00ebtar i Shqiptar\u00ebve n\u00eb Malin e Zi\" width=\"640\" height=\"360\" src=\"https:\/\/www.youtube.com\/embed\/RVEGiDiV11E?feature=oembed\" frameborder=\"0\" allow=\"accelerometer; autoplay; clipboard-write; encrypted-media; gyroscope; picture-in-picture; web-share\" referrerpolicy=\"strict-origin-when-cross-origin\" allowfullscreen><\/iframe><\/p>\n","protected":false},"excerpt":{"rendered":"<p>K\u00ebshilli Komb\u00ebtar i Shqiptar\u00ebve n\u00eb Mal t\u00eb Zi vler\u00ebsohet nd\u00ebr institucionet m\u00eb t\u00eb r\u00ebnd\u00ebsishme p\u00ebr komunitetin shqiptar n\u00eb k\u00ebt\u00eb vend. I themeluar 10 vjet m\u00eb par\u00eb, kjo organizat\u00eb \u00ebsht\u00eb p\u00ebrqendruar n\u00eb mbrojtjen dhe zhvillimin e kultur\u00ebs, arsimit dhe t\u00eb gjuh\u00ebs s\u00eb popullat\u00ebs shqiptar n\u00eb Malin e Zi. Kronik\u00ebn e plot\u00eb nga intervista e kryetarit t\u00eb [&hellip;]<\/p>\n","protected":false},"author":1,"featured_media":19271,"comment_status":"open","ping_status":"open","sticky":false,"template":"","format":"standard","meta":{"_seopress_robots_primary_cat":"","_seopress_titles_title":"","_seopress_titles_desc":"","_seopress_robots_index":"","footnotes":""},"categories":[2,5,3],"tags":[],"class_list":["post-19495","post","type-post","status-publish","format-standard","has-post-thumbnail","hentry","category-aktualitet","category-diaspora","category-politike"],"_links":{"self":[{"href":"https:\/\/ulqini-online.com\/sajti\/index.php?rest_route=\/wp\/v2\/posts\/19495","targetHints":{"allow":["GET"]}}],"collection":[{"href":"https:\/\/ulqini-online.com\/sajti\/index.php?rest_route=\/wp\/v2\/posts"}],"about":[{"href":"https:\/\/ulqini-online.com\/sajti\/index.php?rest_route=\/wp\/v2\/types\/post"}],"author":[{"embeddable":true,"href":"https:\/\/ulqini-online.com\/sajti\/index.php?rest_route=\/wp\/v2\/users\/1"}],"replies":[{"embeddable":true,"href":"https:\/\/ulqini-online.com\/sajti\/index.php?rest_route=%2Fwp%2Fv2%2Fcomments&post=19495"}],"version-history":[{"count":1,"href":"https:\/\/ulqini-online.com\/sajti\/index.php?rest_route=\/wp\/v2\/posts\/19495\/revisions"}],"predecessor-version":[{"id":19496,"href":"https:\/\/ulqini-online.com\/sajti\/index.php?rest_route=\/wp\/v2\/posts\/19495\/revisions\/19496"}],"wp:featuredmedia":[{"embeddable":true,"href":"https:\/\/ulqini-online.com\/sajti\/index.php?rest_route=\/wp\/v2\/media\/19271"}],"wp:attachment":[{"href":"https:\/\/ulqini-online.com\/sajti\/index.php?rest_route=%2Fwp%2Fv2%2Fmedia&parent=19495"}],"wp:term":[{"taxonomy":"category","embeddable":true,"href":"https:\/\/ulqini-online.com\/sajti\/index.php?rest_route=%2Fwp%2Fv2%2Fcategories&post=19495"},{"taxonomy":"post_tag","embeddable":true,"href":"https:\/\/ulqini-online.com\/sajti\/index.php?rest_route=%2Fwp%2Fv2%2Ftags&post=19495"}],"curies":[{"name":"wp","href":"https:\/\/api.w.org\/{rel}","templated":true}]}}