{"id":19218,"date":"2018-05-30T11:27:35","date_gmt":"2018-05-30T09:27:35","guid":{"rendered":"http:\/\/ulqini-online.com\/sajti\/?p=19218"},"modified":"2018-05-30T12:06:16","modified_gmt":"2018-05-30T10:06:16","slug":"lirohet-nga-detyra-ambasadori-i-shqiperise-ne-mal-te-zi-bashkepunim-i-dobet-me-lideret-e-subjekteve-politike-shqiptare","status":"publish","type":"post","link":"https:\/\/ulqini-online.com\/sajti\/?p=19218","title":{"rendered":"Lirohet nga detyra ambasadori i Shqip\u00ebris\u00eb n\u00eb Mal t\u00eb Zi: Bashk\u00ebpunim i dob\u00ebt me lideret e subjekteve politike shqiptare?"},"content":{"rendered":"<figure id=\"attachment_19219\" aria-describedby=\"caption-attachment-19219\" style=\"width: 413px\" class=\"wp-caption aligncenter\"><a href=\"https:\/\/ulqini-online.com\/sajti\/wp-content\/uploads\/2018\/05\/ambasadori-ernal-fino.jpg\"><img loading=\"lazy\" decoding=\"async\" class=\"wp-image-19219\" src=\"https:\/\/ulqini-online.com\/sajti\/wp-content\/uploads\/2018\/05\/ambasadori-ernal-fino.jpg\" alt=\"\" width=\"413\" height=\"429\" srcset=\"https:\/\/ulqini-online.com\/sajti\/wp-content\/uploads\/2018\/05\/ambasadori-ernal-fino.jpg 336w, https:\/\/ulqini-online.com\/sajti\/wp-content\/uploads\/2018\/05\/ambasadori-ernal-fino-289x300.jpg 289w\" sizes=\"auto, (max-width: 413px) 100vw, 413px\" \/><\/a><figcaption id=\"caption-attachment-19219\" class=\"wp-caption-text\">Ernal Fino, FB<\/figcaption><\/figure>\n<p class=\"entry_title\">Presidenti i Shqip\u00ebris\u00eb Ilir Meta ka dekretuar lirimin nga detyra t\u00eb zotit Ernal Filo, ambasador tn\u00eb Republik\u00ebn e Malit t\u00eb Zi dhe k\u00ebt\u00eb e ka b\u00ebr\u00eb\u00a0me propozim t\u00eb kryeminsitrtit shqiptar Edi Rama.<\/p>\n<p>Sipas faqes s\u00eb presidentit t\u00eb Republik\u00ebs s\u00eb Shqip\u00ebris\u00eb, ky dekret hyn n\u00eb fuqi menj\u00ebher\u00eb.<\/p>\n<p>E p\u00ebrditshmja malazeze Vijesti, sipas burimeve t\u00eb saja nga nj\u00eb bashk\u00ebbisedues i nj\u00eb subjekti politik shqiptar ka m\u00ebsuar se shkak i k\u00ebtij lirimi \u00ebsht\u00eb bashk\u00ebpunimi i dob\u00ebt i ambasadorit me lideret e subjekteve politika shqiptare.<\/p>\n","protected":false},"excerpt":{"rendered":"<p>Presidenti i Shqip\u00ebris\u00eb Ilir Meta ka dekretuar lirimin nga detyra t\u00eb zotit Ernal Filo, ambasador tn\u00eb Republik\u00ebn e Malit t\u00eb Zi dhe k\u00ebt\u00eb e ka b\u00ebr\u00eb\u00a0me propozim t\u00eb kryeminsitrtit shqiptar Edi Rama. Sipas faqes s\u00eb presidentit t\u00eb Republik\u00ebs s\u00eb Shqip\u00ebris\u00eb, ky dekret hyn n\u00eb fuqi menj\u00ebher\u00eb. E p\u00ebrditshmja malazeze Vijesti, sipas burimeve t\u00eb saja nga [&hellip;]<\/p>\n","protected":false},"author":1,"featured_media":19219,"comment_status":"open","ping_status":"open","sticky":false,"template":"","format":"standard","meta":{"_seopress_robots_primary_cat":"","_seopress_titles_title":"","_seopress_titles_desc":"","_seopress_robots_index":"","footnotes":""},"categories":[2,3],"tags":[1883,1882],"class_list":["post-19218","post","type-post","status-publish","format-standard","has-post-thumbnail","hentry","category-aktualitet","category-politike","tag-ambasador-i-shqiperise","tag-ernal-fino"],"_links":{"self":[{"href":"https:\/\/ulqini-online.com\/sajti\/index.php?rest_route=\/wp\/v2\/posts\/19218","targetHints":{"allow":["GET"]}}],"collection":[{"href":"https:\/\/ulqini-online.com\/sajti\/index.php?rest_route=\/wp\/v2\/posts"}],"about":[{"href":"https:\/\/ulqini-online.com\/sajti\/index.php?rest_route=\/wp\/v2\/types\/post"}],"author":[{"embeddable":true,"href":"https:\/\/ulqini-online.com\/sajti\/index.php?rest_route=\/wp\/v2\/users\/1"}],"replies":[{"embeddable":true,"href":"https:\/\/ulqini-online.com\/sajti\/index.php?rest_route=%2Fwp%2Fv2%2Fcomments&post=19218"}],"version-history":[{"count":5,"href":"https:\/\/ulqini-online.com\/sajti\/index.php?rest_route=\/wp\/v2\/posts\/19218\/revisions"}],"predecessor-version":[{"id":19225,"href":"https:\/\/ulqini-online.com\/sajti\/index.php?rest_route=\/wp\/v2\/posts\/19218\/revisions\/19225"}],"wp:featuredmedia":[{"embeddable":true,"href":"https:\/\/ulqini-online.com\/sajti\/index.php?rest_route=\/wp\/v2\/media\/19219"}],"wp:attachment":[{"href":"https:\/\/ulqini-online.com\/sajti\/index.php?rest_route=%2Fwp%2Fv2%2Fmedia&parent=19218"}],"wp:term":[{"taxonomy":"category","embeddable":true,"href":"https:\/\/ulqini-online.com\/sajti\/index.php?rest_route=%2Fwp%2Fv2%2Fcategories&post=19218"},{"taxonomy":"post_tag","embeddable":true,"href":"https:\/\/ulqini-online.com\/sajti\/index.php?rest_route=%2Fwp%2Fv2%2Ftags&post=19218"}],"curies":[{"name":"wp","href":"https:\/\/api.w.org\/{rel}","templated":true}]}}