{"id":19214,"date":"2018-05-30T11:08:55","date_gmt":"2018-05-30T09:08:55","guid":{"rendered":"http:\/\/ulqini-online.com\/sajti\/?p=19214"},"modified":"2018-05-30T12:04:43","modified_gmt":"2018-05-30T10:04:43","slug":"incident-i-rende-ne-beograd-filozofi-francez-izraelit-bernar-anri-levi-eshte-sulmuar-dhe-goditur-me-shkas-kosova-video","status":"publish","type":"post","link":"https:\/\/ulqini-online.com\/sajti\/?p=19214","title":{"rendered":"Incident i r\u00ebnd\u00eb n\u00eb Beograd: Filozofi francez izraelit Bernar Anri Levi \u00ebsht\u00eb sulmuar dhe goditur me shkas Kosova!"},"content":{"rendered":"<p><a href=\"https:\/\/ulqini-online.com\/sajti\/wp-content\/uploads\/2018\/05\/Filozofi-francez-izraelit-Bernar-Anri-Levi.jpg\"><img loading=\"lazy\" decoding=\"async\" class=\"aligncenter wp-image-19215 \" src=\"https:\/\/ulqini-online.com\/sajti\/wp-content\/uploads\/2018\/05\/Filozofi-francez-izraelit-Bernar-Anri-Levi.jpg\" alt=\"\" width=\"600\" height=\"494\" srcset=\"https:\/\/ulqini-online.com\/sajti\/wp-content\/uploads\/2018\/05\/Filozofi-francez-izraelit-Bernar-Anri-Levi.jpg 408w, https:\/\/ulqini-online.com\/sajti\/wp-content\/uploads\/2018\/05\/Filozofi-francez-izraelit-Bernar-Anri-Levi-300x247.jpg 300w, https:\/\/ulqini-online.com\/sajti\/wp-content\/uploads\/2018\/05\/Filozofi-francez-izraelit-Bernar-Anri-Levi-220x180.jpg 220w\" sizes=\"auto, (max-width: 600px) 100vw, 600px\" \/><\/a><\/p>\n<p>Beqir SINA &#8211; New York<\/p>\n<p>Serbia, nuk ka ndryshuar shum\u00eb, tha ai ,duke shtuar se megjithse kjo nuk i p\u00eblqente disa miq\u00ebve t\u00eb tij n\u00eb Beograd.<\/p>\n<p>BEOGRAD : Simbas, mediave sociale, thuhet se filozofi francez izraelit Bernar Anri Levi, \u00ebsht\u00eb sulmuar sot n\u00eb Qendr\u00ebn Kulturore t\u00eb Beogradit, kur \u00ebsht\u00eb dashur t\u00eb bisedoj\u00eb me shikuesit pas shfaqjes s\u00eb filmit t\u00eb tij \u201cPesmegra\u201d, n\u00eb kuad\u00ebr t\u00eb programit \u201cBeldoksa&#8221;.<\/p>\n<p>Me rastin e shfaqjes s\u00eb filmit t\u00eb Levit n\u00eb Qendr\u00ebn Kulturore t\u00eb Beogradit, pas projeksionit t\u00eb tij, ka qen\u00eb L\u00ebvizja &#8220;Ubico napusti Beograd&#8221;, e cila shkruajn mediat sociale ka prishur takimin duke akuzuar Naton dhe SHBA, q\u00eb 18 vjet m\u00eb par\u00eb bombardoi Beogradin n\u00eb sulmet ajrore 78 ditore, t\u00eb cilat soll\u00ebn p\u00ebrfundimin duke \u00e7liruar Kosov\u00ebn dhe larguar Serbin\u00eb nga Kosova, nj\u00eb her e p\u00ebrgjithmon.<\/p>\n<p>Incidenti ndodhi, mbasi ai sulmua verbalisht dhe e pa t\u00eb pamundur t\u00eb vazhdoj\u00eb bised\u00ebn me shikuesit, duke k\u00ebrkuar ndihme nga rojet e siguris\u00eb, dhe nderprer\u00eb k\u00ebshtu komunikimin me auditorin mbasi disa t\u00eb rinj\u00eb e tensionuan situat\u00ebn n\u00eb sall\u00ebne kinemas n\u00eb Qendr\u00ebn Kulturore t\u00eb Beogradit, e cila \u00ebsht\u00eb me prestigjozja n\u00eb vend.<\/p>\n<p>Filozofi kontroverz izraelit me pashaport franceze, simbas rrjeteve sociale \u00ebsht\u00eb goditur fillimisht nga nj\u00eb vajz\u00eb me tort\u00eb n\u00eb fytyr\u00eb, nd\u00ebrsa, pasi ai ka filluar t\u00eb flas\u00eb p\u00ebr publikun perseri eshte pare nj\u00eb i ri u ngjit\u00eb n\u00eb sken\u00eb i cili mbante nj\u00eb transparente, ku ishte shkruar me t\u00eb kuqe( boj\u00eb si gjaku), n\u00eb t\u00eb cil\u00ebn n\u00eb anglisht thuhej ; &#8220;Bernar Levi ,mb\u00ebshteti vrasjet imperialiste\u201d.<\/p>\n<p>Trasparenti i bardh\u00eb sa nj\u00eb \u00e7ar\u00e7af ishte shkruar n\u00ebn firm\u00ebn e grupi SKOJ dhe kishte t\u00eb vizatuar simbolin komunist Drap\u00ebr dhe \u00c7eki\u00e7.<\/p>\n<p>Drejtori i Qendr\u00ebs Kulturore t\u00eb Beogradit, Goran Markovi\u00e7, citohet t\u00eb ket\u00eb th\u00ebn\u00eb se takimi n\u00eb k\u00ebt\u00eb qender n\u00eb Beograd, kishte p\u00ebr q\u00ebllim t\u00eb bisedonte me Levin p\u00ebr filmin e tij, dhe se incidenti ishte shum\u00eb i r\u00ebnd\u00eb, si kurr m\u00eb par\u00eb, tha ai.<\/p>\n<p>Levi simbas kamerave u ankua para medias dhe tha se incidenti ndodhi se k\u00ebta t\u00eb rinj\u00eb q\u00eb jan\u00eb akoma me ide fashiste.<\/p>\n<p>Pas incidentit, Levi, u kthye n\u00eb sall\u00eb, dhe falenderoi publikun, q\u00eb e shikoj\u00eb filmin e tij. &#8220;Serbia, nuk ka ndryshuar shum\u00eb&#8221;, tha ai , duke shtuar se megjithse kjo nuk mund t&#8217;i p\u00eblqente disa miq\u00ebve t\u00eb tij n\u00eb Beograd.<\/p>\n<p>Ai ju drejtua p\u00ebrs\u00ebri auditorit duke th\u00ebn\u00eb se : \u201cDemokracia, ende nuk ka ardhur n\u00eb Beograd, por disa q\u00eb nuk d\u00ebshirojn\u00eb ta besojn\u00eb n\u00eb k\u00ebt\u00eb qytet, duhet ta din\u00eb k\u00ebt\u00eb\u201d, tha Levi, duke th\u00ebn\u00eb se ai \u00ebsht\u00eb gjall\u00eb q\u00eb sot t\u00eb mbrohet me antifashiz\u00ebm t\u00eb mir\u00ebfillt\u00eb n\u00eb Evrop\u00eb&#8221;.<\/p>\n","protected":false},"excerpt":{"rendered":"<p>Beqir SINA &#8211; New York Serbia, nuk ka ndryshuar shum\u00eb, tha ai ,duke shtuar se megjithse kjo nuk i p\u00eblqente disa miq\u00ebve t\u00eb tij n\u00eb Beograd. BEOGRAD : Simbas, mediave sociale, thuhet se filozofi francez izraelit Bernar Anri Levi, \u00ebsht\u00eb sulmuar sot n\u00eb Qendr\u00ebn Kulturore t\u00eb Beogradit, kur \u00ebsht\u00eb dashur t\u00eb bisedoj\u00eb me shikuesit pas [&hellip;]<\/p>\n","protected":false},"author":1,"featured_media":19215,"comment_status":"open","ping_status":"open","sticky":false,"template":"","format":"standard","meta":{"_seopress_robots_primary_cat":"","_seopress_titles_title":"","_seopress_titles_desc":"","_seopress_robots_index":"","footnotes":""},"categories":[2,10],"tags":[],"class_list":["post-19214","post","type-post","status-publish","format-standard","has-post-thumbnail","hentry","category-aktualitet","category-rajoni"],"_links":{"self":[{"href":"https:\/\/ulqini-online.com\/sajti\/index.php?rest_route=\/wp\/v2\/posts\/19214","targetHints":{"allow":["GET"]}}],"collection":[{"href":"https:\/\/ulqini-online.com\/sajti\/index.php?rest_route=\/wp\/v2\/posts"}],"about":[{"href":"https:\/\/ulqini-online.com\/sajti\/index.php?rest_route=\/wp\/v2\/types\/post"}],"author":[{"embeddable":true,"href":"https:\/\/ulqini-online.com\/sajti\/index.php?rest_route=\/wp\/v2\/users\/1"}],"replies":[{"embeddable":true,"href":"https:\/\/ulqini-online.com\/sajti\/index.php?rest_route=%2Fwp%2Fv2%2Fcomments&post=19214"}],"version-history":[{"count":3,"href":"https:\/\/ulqini-online.com\/sajti\/index.php?rest_route=\/wp\/v2\/posts\/19214\/revisions"}],"predecessor-version":[{"id":19224,"href":"https:\/\/ulqini-online.com\/sajti\/index.php?rest_route=\/wp\/v2\/posts\/19214\/revisions\/19224"}],"wp:featuredmedia":[{"embeddable":true,"href":"https:\/\/ulqini-online.com\/sajti\/index.php?rest_route=\/wp\/v2\/media\/19215"}],"wp:attachment":[{"href":"https:\/\/ulqini-online.com\/sajti\/index.php?rest_route=%2Fwp%2Fv2%2Fmedia&parent=19214"}],"wp:term":[{"taxonomy":"category","embeddable":true,"href":"https:\/\/ulqini-online.com\/sajti\/index.php?rest_route=%2Fwp%2Fv2%2Fcategories&post=19214"},{"taxonomy":"post_tag","embeddable":true,"href":"https:\/\/ulqini-online.com\/sajti\/index.php?rest_route=%2Fwp%2Fv2%2Ftags&post=19214"}],"curies":[{"name":"wp","href":"https:\/\/api.w.org\/{rel}","templated":true}]}}