{"id":19185,"date":"2018-05-27T10:46:55","date_gmt":"2018-05-27T08:46:55","guid":{"rendered":"http:\/\/ulqini-online.com\/sajti\/?p=19185"},"modified":"2018-05-27T10:46:55","modified_gmt":"2018-05-27T08:46:55","slug":"libri-i-1829-rrefimi-i-etnologut-william-frederic-edwards-mbi-origjinen-pellazge-te-shqiptareve","status":"publish","type":"post","link":"https:\/\/ulqini-online.com\/sajti\/?p=19185","title":{"rendered":"Libri i 1829\u00a0\/ Rr\u00ebfimi i etnologut William Frederic Edwards mbi origjin\u00ebn pellazge t\u00eb shqiptar\u00ebve"},"content":{"rendered":"<figure id=\"attachment_19186\" aria-describedby=\"caption-attachment-19186\" style=\"width: 605px\" class=\"wp-caption aligncenter\"><a href=\"https:\/\/ulqini-online.com\/sajti\/wp-content\/uploads\/2018\/05\/tnologu-William-Frederic-Edwards-origjina-pellazgeeshqiptar\u00ebve.jpg\"><img loading=\"lazy\" decoding=\"async\" class=\"wp-image-19186 \" src=\"https:\/\/ulqini-online.com\/sajti\/wp-content\/uploads\/2018\/05\/tnologu-William-Frederic-Edwards-origjina-pellazgeeshqiptar\u00ebve.jpg\" alt=\"\" width=\"605\" height=\"565\" srcset=\"https:\/\/ulqini-online.com\/sajti\/wp-content\/uploads\/2018\/05\/tnologu-William-Frederic-Edwards-origjina-pellazgeeshqiptar\u00ebve.jpg 500w, https:\/\/ulqini-online.com\/sajti\/wp-content\/uploads\/2018\/05\/tnologu-William-Frederic-Edwards-origjina-pellazgeeshqiptar\u00ebve-300x280.jpg 300w\" sizes=\"auto, (max-width: 605px) 100vw, 605px\" \/><\/a><figcaption id=\"caption-attachment-19186\" class=\"wp-caption-text\">Source\u00a0: Biblioth\u00e8que num\u00e9rique de Lyon<\/figcaption><\/figure>\n<p>&nbsp;<\/p>\n<p>&nbsp;<\/p>\n<p><strong>Nga\u00a0<\/strong><a href=\"https:\/\/www.darsiani.com\/la-gazette\/\"><strong>Aurenc Bebja<\/strong><\/a><strong>*, Franc\u00eb \u2013 27 Maj 2018<\/strong><\/p>\n<p><strong>N\u00eb librin me titull \u201c<\/strong><a href=\"http:\/\/numelyo.bm-lyon.fr\/f_view\/BML:BML_00GOO0100137001101039233\"><strong><em>Caract\u00e8res physiologiques des Races humaines consid\u00e9r\u00e9s dans leurs rapports avec l&#8217;histoire, lettre a M. Am\u00e9d\u00e9e Thierry<\/em><\/strong><\/a><strong>\u201d, t\u00eb etnologut William Frederic Edwards<\/strong><strong> (1777-1842), botuar n\u00eb Paris n\u00eb vitin 1829, gjejm\u00eb nj\u00eb p\u00ebrshkrim t\u00eb ve\u00e7ant\u00eb t\u00eb autorit n\u00eb lidhje me origjin\u00ebn pellazge t\u00eb shqiptar\u00ebve, t\u00eb cilin, Aurenc Bebja, n\u00ebp\u00ebrmjet Blogut \u201c<\/strong><a href=\"https:\/\/www.darsiani.com\/la-gazette\/\"><strong>Dars (Klos), Mat \u2013 Albania<\/strong><\/a><strong>\u201d, e ka sjell\u00eb p\u00ebr publikun shqiptar :<\/strong><\/p>\n<p><strong>\u201c<\/strong><em>\u2026Nga dy tipet (pellazg\u00eb dhe helen\u00eb) q\u00eb kemi folur, \u00ebsht\u00eb e sigurt se i pari \u00ebsht\u00eb i past\u00ebr; nd\u00ebrsa p\u00ebr t\u00eb dytin, jo. Ky mund t\u00eb jet\u00eb rezultat i nj\u00eb p\u00ebrzierjeje t\u00eb t\u00eb parit me nj\u00eb tjet\u00ebr, i panjohur p\u00ebr ne, sepse nuk m\u00eb duket mjaft elegant (uniform) apo origjinal. Duhet t\u00eb k\u00ebrkohet n\u00eb t\u00eb gjith\u00eb Greqin\u00eb duke i dh\u00ebn\u00eb k\u00ebtij emri kuptim m\u00eb t\u00eb gjer\u00eb.<\/em><\/p>\n<p><em>Nj\u00eb popull gjendet aty (n\u00eb Greqi) q\u00eb nuk \u00ebsht\u00eb studiuar mjaftuesh\u00ebm. Ai flet gjuh\u00ebn e tij; ne nuk e dim\u00eb prej nga erdhi, as kur u vendos aty; t\u00eb pakt\u00ebn un\u00eb nuk kam qen\u00eb n\u00eb gjendje t\u00eb m\u00ebsoj asgj\u00eb nga ata q\u00eb ishin m\u00eb t\u00eb arsimuar.<\/em><\/p>\n<p><em>N\u00eb disa aspekte, shqiptar\u00ebt jan\u00eb n\u00eb Greqi ashtu si\u00e7 jan\u00eb bask\u00ebt n\u00eb t\u00eb dyja an\u00ebt e Pirenejeve, breton\u00ebt n\u00eb Franc\u00eb, gal\u00ebt (uellsian\u00ebt) n\u00eb Angli, dhe ata q\u00eb flasin gjuh\u00ebn \u00ab\u00a0erse\u00a0\u00bb n\u00eb Skoci dhe Irland\u00eb, nj\u00eb \u2018mbetje\u2019 banor\u00ebsh t\u00eb lasht\u00eb.<\/em><\/p>\n<p><em>Pse t\u00eb mos i konsiderojm\u00eb si t\u00eb till\u00eb, n\u00ebse \u00ebsht\u00eb e v\u00ebrtet\u00eb q\u00eb nuk gjejm\u00eb asnj\u00eb gjurm\u00eb t\u00eb origjin\u00ebs s\u00eb tyre t\u00eb huaj qoft\u00eb n\u00eb traditat e tyre, n\u00eb histori, apo n\u00eb krahasimin e gjuh\u00ebve?<\/em><\/p>\n<p><em>Pse t\u00eb mos jen\u00eb pasardh\u00ebsit e Pellazg\u00ebve ? Kam par\u00eb shqiptar\u00eb n\u00eb Venedik, madje edhe i kam pikturuar (vizatuar)\u00a0; por un\u00eb nuk do t\u00eb p\u00ebrpiqem t\u00eb v\u00eb n\u00eb dukje idet\u00eb q\u00eb m\u00eb kan\u00eb sugjeruar, se un\u00eb nuk e di n\u00ebse kam par\u00eb tipin karakteristik t\u00eb k\u00ebtij populli, dhe n\u00ebse informacionet e origjin\u00ebs s\u00eb tyre q\u00eb un\u00eb sapo kam sjell\u00eb jan\u00eb t\u00eb v\u00ebrteta apo iluzione.<\/em><\/p>\n<p><em>Le t\u00eb shpresojm\u00eb q\u00eb shkenc\u00ebtar\u00ebt e d\u00ebrguar n\u00eb t\u00eb dy vendet, q\u00eb kan\u00eb qen\u00eb vatrat e para t\u00eb rilindjes n\u00eb Evrop\u00eb, do t\u00eb nd\u00ebrrmarin nisma t\u00eb reja ekspeditash shkencore, t\u00eb cilat do t\u00eb rivalizojn\u00eb me ato t\u00eb lundruesve, n\u00eb lidhje me p\u00ebrcaktimin e sakt\u00eb t\u00eb llojeve t\u00eb racave njer\u00ebzore\u2026<\/em><strong>\u201d<\/strong><\/p>\n<p><strong>\u00a0<\/strong><\/p>\n<p><strong>*\u00a0 (Blogu \u00a9 Dars (Klos), Mat \u2013 Albania)<\/strong><\/p>\n<p><strong>\u00a0<\/strong><a href=\"https:\/\/www.darsiani.com\/la-gazette\/libri-i-1829-rrefimi-i-etnologut-william-frederic-edwards-mbi-origjinen-pellazge-te-shqiptareve\/\"><strong>https:\/\/www.darsiani.com\/la-gazette\/libri-i-1829-rrefimi-i-etnologut-william-frederic-edwards-mbi-origjinen-pellazge-te-shqiptareve\/<\/strong><\/a><\/p>\n","protected":false},"excerpt":{"rendered":"<p>&nbsp; &nbsp; Nga\u00a0Aurenc Bebja*, Franc\u00eb \u2013 27 Maj 2018 N\u00eb librin me titull \u201cCaract\u00e8res physiologiques des Races humaines consid\u00e9r\u00e9s dans leurs rapports avec l&#8217;histoire, lettre a M. Am\u00e9d\u00e9e Thierry\u201d, t\u00eb etnologut William Frederic Edwards (1777-1842), botuar n\u00eb Paris n\u00eb vitin 1829, gjejm\u00eb nj\u00eb p\u00ebrshkrim t\u00eb ve\u00e7ant\u00eb t\u00eb autorit n\u00eb lidhje me origjin\u00ebn pellazge t\u00eb shqiptar\u00ebve, [&hellip;]<\/p>\n","protected":false},"author":1,"featured_media":19186,"comment_status":"closed","ping_status":"open","sticky":false,"template":"","format":"standard","meta":{"_seopress_robots_primary_cat":"","_seopress_titles_title":"","_seopress_titles_desc":"","_seopress_robots_index":"","footnotes":""},"categories":[2,18],"tags":[],"class_list":["post-19185","post","type-post","status-publish","format-standard","has-post-thumbnail","hentry","category-aktualitet","category-histori"],"_links":{"self":[{"href":"https:\/\/ulqini-online.com\/sajti\/index.php?rest_route=\/wp\/v2\/posts\/19185","targetHints":{"allow":["GET"]}}],"collection":[{"href":"https:\/\/ulqini-online.com\/sajti\/index.php?rest_route=\/wp\/v2\/posts"}],"about":[{"href":"https:\/\/ulqini-online.com\/sajti\/index.php?rest_route=\/wp\/v2\/types\/post"}],"author":[{"embeddable":true,"href":"https:\/\/ulqini-online.com\/sajti\/index.php?rest_route=\/wp\/v2\/users\/1"}],"replies":[{"embeddable":true,"href":"https:\/\/ulqini-online.com\/sajti\/index.php?rest_route=%2Fwp%2Fv2%2Fcomments&post=19185"}],"version-history":[{"count":1,"href":"https:\/\/ulqini-online.com\/sajti\/index.php?rest_route=\/wp\/v2\/posts\/19185\/revisions"}],"predecessor-version":[{"id":19187,"href":"https:\/\/ulqini-online.com\/sajti\/index.php?rest_route=\/wp\/v2\/posts\/19185\/revisions\/19187"}],"wp:featuredmedia":[{"embeddable":true,"href":"https:\/\/ulqini-online.com\/sajti\/index.php?rest_route=\/wp\/v2\/media\/19186"}],"wp:attachment":[{"href":"https:\/\/ulqini-online.com\/sajti\/index.php?rest_route=%2Fwp%2Fv2%2Fmedia&parent=19185"}],"wp:term":[{"taxonomy":"category","embeddable":true,"href":"https:\/\/ulqini-online.com\/sajti\/index.php?rest_route=%2Fwp%2Fv2%2Fcategories&post=19185"},{"taxonomy":"post_tag","embeddable":true,"href":"https:\/\/ulqini-online.com\/sajti\/index.php?rest_route=%2Fwp%2Fv2%2Ftags&post=19185"}],"curies":[{"name":"wp","href":"https:\/\/api.w.org\/{rel}","templated":true}]}}