{"id":19183,"date":"2018-05-25T22:39:48","date_gmt":"2018-05-25T20:39:48","guid":{"rendered":"http:\/\/ulqini-online.com\/sajti\/?p=19183"},"modified":"2018-05-25T22:39:48","modified_gmt":"2018-05-25T20:39:48","slug":"nata-e-muzeve-te-dielen-aktivitete-te-shumta-ne-muzeun-e-ulqinit","status":"publish","type":"post","link":"https:\/\/ulqini-online.com\/sajti\/?p=19183","title":{"rendered":"Nata e Muzeve, t\u00eb dielen aktivitete t\u00eb shumta n\u00eb Muzeun e Ulqinit"},"content":{"rendered":"<p><a href=\"https:\/\/ulqini-online.com\/sajti\/wp-content\/uploads\/2018\/04\/muzeu-ulqinit.jpg\"><img loading=\"lazy\" decoding=\"async\" class=\"aligncenter wp-image-18703 size-full\" src=\"https:\/\/ulqini-online.com\/sajti\/wp-content\/uploads\/2018\/04\/muzeu-ulqinit.jpg\" alt=\"\" width=\"648\" height=\"433\" srcset=\"https:\/\/ulqini-online.com\/sajti\/wp-content\/uploads\/2018\/04\/muzeu-ulqinit.jpg 648w, https:\/\/ulqini-online.com\/sajti\/wp-content\/uploads\/2018\/04\/muzeu-ulqinit-300x200.jpg 300w\" sizes=\"auto, (max-width: 648px) 100vw, 648px\" \/><\/a><\/p>\n<p>Dita nd\u00ebrkomb\u00ebtare e muzeve\u00a0 e themeluar prej K\u00ebshilli Nd\u00ebrkomb\u00ebtar t\u00eb Muzeve \u2013 ICOM e cila sh\u00ebnohet m\u00eb dhe rr\u00ebth dat\u00ebs 18 Maj.<\/p>\n<p>Pjes\u00eb e k\u00ebtyre aktiviteteve \u00ebsht\u00eb dhe shenimi i Nat\u00ebs s\u00eb Muzeve.<\/p>\n<p>K\u00ebshilli Nd\u00ebrkomb\u00ebtar i Muzeve p\u00ebr vitin 2018 ka caktuar tem\u00ebn:<em> Muzet\u00eb q\u00eb komunikojn\u00eb, Qasje t\u00eb reja, Publiku ri.<\/em><\/p>\n<p>Tema e vendosur prej K\u00ebshillit nd\u00ebrkomb\u00ebtar t\u00eb muzeve p\u00ebr vitin 2018 vendos theksin te mund\u00ebsit\u00eb e reja t\u00eb kumunikimit m\u00eb muze p\u00ebrmes digjitalizimit t\u00eb koleksioneve dhe t\u00eb gjithave format e tjera t\u00eb teknologjis\u00eb, k\u00ebshtu m\u00ebsohet nga Muzeu i Ulqinit.<\/p>\n<p>Muzeu i Ulqini m\u00eb dat\u00eb 27. 05. 2018 m\u00eb fillim n\u00eb ora 17:30 p\u00ebr sh\u00ebnimin e k\u00ebsaj date ka p\u00ebrgaditur programin si vijon:<\/p>\n<ul>\n<li>Prezatimi i r\u00ebnd\u00ebsis\u00eb se sh\u00ebnimit t\u00eb dit\u00ebs nd\u00ebrkomb\u00ebtare t\u00eb muzeve<\/li>\n<li>Prezantimi i tem\u00ebs s\u00eb p\u00ebrzgjedhur nga K\u00ebshilli nd\u00ebrkomb\u00ebtar t\u00eb muzeve , ICOM, p\u00ebr vitin 2018 : <em>Muzet\u00eb q\u00eb komunikojn\u00eb, Qasje t\u00eb reja, Publiku ri <\/em><\/li>\n<li>Prezantimi i nivelit aktual t\u00eb digjitalizimit t\u00eb koleksioneve t\u00eb muzeut dhe projektet p\u00ebr digjitalizimit integral t\u00eb trash\u00ebgimis\u00eb kulturore dhe natyrore t\u00eb Ulqinit<\/li>\n<li>Ekspozit\u00eb e f\u00ebmij\u00ebve dhe grave t\u00eb Ulqinit<\/li>\n<\/ul>\n<p>T\u00eb gjith\u00eb vizitor\u00ebt do t\u00eb ken\u00eb mundesi t\u00eb viziotjn\u00eb muzeun pa pages\u00eb nga ora 08:00 deri n\u00eb or\u00ebn 22:00h. Vizitor\u00ebve gjat\u00eb gjith\u00eb k\u00ebti orari do tu prezantohen pikat e m\u00ebsiperme t\u00eb programit.<\/p>\n<p><em>Google: [PDF]international museum day &#8211; The International Council of Museums 2018<\/em><\/p>\n<p>Jeni t\u00eb mir\u00ebpritur<\/p>\n<p>&nbsp;<\/p>\n<p>&nbsp;<\/p>\n<p>&nbsp;<\/p>\n<p>&nbsp;<\/p>\n<p>&nbsp;<\/p>\n<p>&nbsp;<\/p>\n","protected":false},"excerpt":{"rendered":"<p>Dita nd\u00ebrkomb\u00ebtare e muzeve\u00a0 e themeluar prej K\u00ebshilli Nd\u00ebrkomb\u00ebtar t\u00eb Muzeve \u2013 ICOM e cila sh\u00ebnohet m\u00eb dhe rr\u00ebth dat\u00ebs 18 Maj. Pjes\u00eb e k\u00ebtyre aktiviteteve \u00ebsht\u00eb dhe shenimi i Nat\u00ebs s\u00eb Muzeve. K\u00ebshilli Nd\u00ebrkomb\u00ebtar i Muzeve p\u00ebr vitin 2018 ka caktuar tem\u00ebn: Muzet\u00eb q\u00eb komunikojn\u00eb, Qasje t\u00eb reja, Publiku ri. Tema e vendosur prej [&hellip;]<\/p>\n","protected":false},"author":1,"featured_media":18703,"comment_status":"closed","ping_status":"open","sticky":false,"template":"","format":"standard","meta":{"_seopress_robots_primary_cat":"","_seopress_titles_title":"","_seopress_titles_desc":"","_seopress_robots_index":"","footnotes":""},"categories":[2,6],"tags":[1017,1686],"class_list":["post-19183","post","type-post","status-publish","format-standard","has-post-thumbnail","hentry","category-aktualitet","category-kulture","tag-muzeu-arkeologjik-ulqin","tag-muzeu-i-ulqinit"],"_links":{"self":[{"href":"https:\/\/ulqini-online.com\/sajti\/index.php?rest_route=\/wp\/v2\/posts\/19183","targetHints":{"allow":["GET"]}}],"collection":[{"href":"https:\/\/ulqini-online.com\/sajti\/index.php?rest_route=\/wp\/v2\/posts"}],"about":[{"href":"https:\/\/ulqini-online.com\/sajti\/index.php?rest_route=\/wp\/v2\/types\/post"}],"author":[{"embeddable":true,"href":"https:\/\/ulqini-online.com\/sajti\/index.php?rest_route=\/wp\/v2\/users\/1"}],"replies":[{"embeddable":true,"href":"https:\/\/ulqini-online.com\/sajti\/index.php?rest_route=%2Fwp%2Fv2%2Fcomments&post=19183"}],"version-history":[{"count":1,"href":"https:\/\/ulqini-online.com\/sajti\/index.php?rest_route=\/wp\/v2\/posts\/19183\/revisions"}],"predecessor-version":[{"id":19184,"href":"https:\/\/ulqini-online.com\/sajti\/index.php?rest_route=\/wp\/v2\/posts\/19183\/revisions\/19184"}],"wp:featuredmedia":[{"embeddable":true,"href":"https:\/\/ulqini-online.com\/sajti\/index.php?rest_route=\/wp\/v2\/media\/18703"}],"wp:attachment":[{"href":"https:\/\/ulqini-online.com\/sajti\/index.php?rest_route=%2Fwp%2Fv2%2Fmedia&parent=19183"}],"wp:term":[{"taxonomy":"category","embeddable":true,"href":"https:\/\/ulqini-online.com\/sajti\/index.php?rest_route=%2Fwp%2Fv2%2Fcategories&post=19183"},{"taxonomy":"post_tag","embeddable":true,"href":"https:\/\/ulqini-online.com\/sajti\/index.php?rest_route=%2Fwp%2Fv2%2Ftags&post=19183"}],"curies":[{"name":"wp","href":"https:\/\/api.w.org\/{rel}","templated":true}]}}