{"id":18810,"date":"2018-04-26T08:56:15","date_gmt":"2018-04-26T06:56:15","guid":{"rendered":"http:\/\/ulqini-online.com\/sajti\/?p=18810"},"modified":"2018-04-26T08:58:49","modified_gmt":"2018-04-26T06:58:49","slug":"vasalet","status":"publish","type":"post","link":"https:\/\/ulqini-online.com\/sajti\/?p=18810","title":{"rendered":"&#8220;VASAL\u00cbT&#8221;"},"content":{"rendered":"<p><a href=\"https:\/\/ulqini-online.com\/sajti\/wp-content\/uploads\/2015\/10\/Ali-Gjecbritaj.jpg\"><img loading=\"lazy\" decoding=\"async\" class=\"aligncenter wp-image-5909 \" src=\"https:\/\/ulqini-online.com\/sajti\/wp-content\/uploads\/2015\/10\/Ali-Gjecbritaj.jpg\" alt=\"\" width=\"454\" height=\"480\" srcset=\"https:\/\/ulqini-online.com\/sajti\/wp-content\/uploads\/2015\/10\/Ali-Gjecbritaj.jpg 353w, https:\/\/ulqini-online.com\/sajti\/wp-content\/uploads\/2015\/10\/Ali-Gjecbritaj-284x300.jpg 284w\" sizes=\"auto, (max-width: 454px) 100vw, 454px\" \/><\/a><\/p>\n<p><strong>Nga Ali Gje\u00e7britaj<\/strong><\/p>\n<p>&nbsp;<\/p>\n<p><strong>ORA E MALEVE<\/strong><\/p>\n<p>Nuk e di \u00e7\u2019far\u00eb je grua apo gjarp\u00ebr<\/p>\n<p>t\u00eb kan\u00eb ven\u00eb mes gjinj\u00ebve t\u00eb fryr\u00eb<\/p>\n<p>nuset e reja dhe vajzat e virgj\u00ebra.<\/p>\n<p>T\u00eb kan\u00eb vendosur n\u00eb trarin<\/p>\n<p>n\u00eb ball t\u00eb der\u00ebs s\u00eb sht\u00ebpis\u00eb<\/p>\n<p>na solle fat, nd\u00ebshkove armiqt\u00eb<\/p>\n<p>verbove syrin e keq.<\/p>\n<p>Jeni t\u00eb bardha, prore t\u00eb lumtura<\/p>\n<p>un\u00eb e them jeni t\u00eb mira<\/p>\n<p>t\u00eb bukura pa ua theksuar emrin.<\/p>\n<p>Mua m\u00eb keni levizur gjakun n\u00eb damar\u00eb<\/p>\n<p>n\u00eb shekuj soll\u00ebt vet\u00ebm bekimin<\/p>\n<p>nga bota mashtruese flak\u00ebt mallkimin.<\/p>\n<p>Shpresa n\u00eb or\u00ebt e maleve tona<\/p>\n<p>nuk e fik\u00eb dot braktisja<\/p>\n<p>as heshtja q\u00eb flet, as ikja.<\/p>\n<p><strong>\u00a0<\/strong><\/p>\n<p><strong>\u00a0<\/strong><\/p>\n<p><strong>ZANA E MALIT<\/strong><\/p>\n<p>Ndihmon trimat i mbush\u00eb me burr\u00ebri,<\/p>\n<p>ndihmon kreshnik\u00ebt n\u00eb betej\u00eb,<\/p>\n<p>ndihmon poet\u00ebt i mbush\u00eb me frym\u00ebzim,<\/p>\n<p>ndihmon vajzat i praron m\u00eb bukuri.<\/p>\n<p>Mbrojtja e saj bri dhie t\u00eb egra,<\/p>\n<p>kryetrimi e vendosi n\u00eb perkrenare.<\/p>\n<p>N\u00eb majat e bjeshk\u00ebs<\/p>\n<p>qielli gati preket me dor\u00eb<\/p>\n<p>nuk ik\u00ebm nga tradita<\/p>\n<p>flasim m\u00eb z\u00eb t\u00eb lart\u00eb, k\u00ebndojm\u00eb<\/p>\n<p>u b\u00ebjm n\u00eb dije mos na shitoni.<\/p>\n<p>Jo, nuk jeni xheloze, na hijeshoni.<\/p>\n<p>Nuk je si Artemida, as si Diana<\/p>\n<p>asesi me ta s\u2019t\u00eb krahasoj<\/p>\n<p>je si ilirikja Thana.<\/p>\n<p>Ruaji o Zot n\u00eb malet tona<\/p>\n<p>t\u00eb bukurat Zana.<\/p>\n<p>&nbsp;<\/p>\n<p><strong>\u00a0<\/strong><\/p>\n<p><strong>\u00a0<\/strong><\/p>\n<p><strong>\u00a0<\/strong><\/p>\n<p><strong>\u00a0<\/strong><\/p>\n<p><strong>\u00a0<\/strong><\/p>\n<p><strong>\u00a0<\/strong><\/p>\n<p><strong>\u00a0<\/strong><\/p>\n<p><strong>VASAL\u00cbT<\/strong><\/p>\n<p>Dikur vasal\u00ebt kishin vet\u00ebm nj\u00eb qaf\u00eb,<\/p>\n<p>T\u00eb gjith\u00eb<\/p>\n<p>Tirani i priste me nj\u00eb shpat\u00eb.<\/p>\n<p>M\u00eb von\u00eb diktatori me nj\u00eb plumb,<\/p>\n<p>I vriste n\u00eb kok\u00eb<\/p>\n<p>Kund\u00ebrshtar\u00ebt i hidhte n\u00eb lum.<\/p>\n<p>Sulltani i vriste grat\u00eb n\u00eb har\u00ebm<\/p>\n<p>Se n\u00eb maj\u00eb t\u00eb hund\u00ebs<\/p>\n<p>Nga gjlozit\u00eb u tremb.<\/p>\n<p>Sot n\u00eb shekullin e ri<\/p>\n<p>Padroni modern<\/p>\n<p>zi e m\u00eb zi<\/p>\n<p>ia kalon monizmit<\/p>\n<p>me nj\u00ebmend\u00ebsi.<\/p>\n<p>Sa shum\u00eb vasal\u00eb ka sot<\/p>\n<p>Pak kush e di.<\/p>\n<p><strong>\u00a0<\/strong><\/p>\n<p><strong>\u00a0<\/strong><\/p>\n<p><strong>\u00a0<\/strong><\/p>\n<p><strong>\u00a0<\/strong><\/p>\n<p><strong>\u00a0<\/strong><\/p>\n<p><strong>\u00a0<\/strong><\/p>\n<p><strong>\u00a0<\/strong><\/p>\n<p><strong>\u00a0<\/strong><\/p>\n<p><strong>\u00a0<\/strong><\/p>\n<p><strong>\u00a0<\/strong><\/p>\n<p><strong>\u00a0DY STIN\u00cb<\/strong><\/p>\n<p>Pat\u00eb e \u00e7ka nuk pat\u00eb n\u00eb stin\u00ebn e mbrapsht\u00eb<\/p>\n<p>Fjal\u00eb t\u00eb pista, pordh\u00eb, shurr\u00eb, fend\u00eb e mut<\/p>\n<p>Rrena, dallavera, hajni e kurvni<\/p>\n<p>Ngjarje t\u00eb pista sa t\u00eb duash<\/p>\n<p>s\u2019ti z\u00eb veshi\u00a0\u00a0e s\u2019ti sheh syri.<\/p>\n<p>Pat\u00eb e \u00e7ka nuk pat\u00eb n\u00eb stin\u00ebn e mbar\u00eb<\/p>\n<p>Simpati, dashuri,fejesa, martesa, dasma<\/p>\n<p>Dashamir\u00ebsi, miq\u00ebsi, urt\u00ebsi, bujari e begati<\/p>\n<p>Buelleku i mbushi zemrat,<\/p>\n<p>plot\u00ebsoi zbraztin\u00eb e nj\u00eb sitme m\u00eb par\u00eb<\/p>\n<p>Stin\u00eb e mbrapsht\u00eb, qaf\u00ebn e k\u00ebput\u00ebsh<\/p>\n<p>Stin\u00eb e mbar\u00eb, gjithmon\u00eb ardh\u00ebsh e mbar\u00eb.<\/p>\n<p><strong>\u00a0<\/strong><\/p>\n<p><strong>DIALOG<\/strong><\/p>\n<p>M\u00eb tha popullor\u00e7e:<\/p>\n<p>Burri t\u00eb b\u00ebn zoj\u00eb,<\/p>\n<p>burri t\u00eb b\u00ebn toj\u00eb.<\/p>\n<p>Popullor\u00e7e edhe p\u00ebrgjigjja:<\/p>\n<p>Gruaja e keqe<\/p>\n<p>e b\u00ebn burrin teneqe.<\/p>\n<p>Haj e merre vesh<\/p>\n<p>kush ka sot t\u00eb drejt\u00eb.<\/p>\n<p>&nbsp;<\/p>\n","protected":false},"excerpt":{"rendered":"<p>Nga Ali Gje\u00e7britaj &nbsp; ORA E MALEVE Nuk e di \u00e7\u2019far\u00eb je grua apo gjarp\u00ebr t\u00eb kan\u00eb ven\u00eb mes gjinj\u00ebve t\u00eb fryr\u00eb nuset e reja dhe vajzat e virgj\u00ebra. T\u00eb kan\u00eb vendosur n\u00eb trarin n\u00eb ball t\u00eb der\u00ebs s\u00eb sht\u00ebpis\u00eb na solle fat, nd\u00ebshkove armiqt\u00eb verbove syrin e keq. Jeni t\u00eb bardha, prore t\u00eb lumtura [&hellip;]<\/p>\n","protected":false},"author":1,"featured_media":3024,"comment_status":"closed","ping_status":"open","sticky":false,"template":"","format":"standard","meta":{"_seopress_robots_primary_cat":"","_seopress_titles_title":"","_seopress_titles_desc":"","_seopress_robots_index":"","footnotes":""},"categories":[2,6],"tags":[374,1819,1818,1815,1817,1816],"class_list":["post-18810","post","type-post","status-publish","format-standard","has-post-thumbnail","hentry","category-aktualitet","category-kulture","tag-ali-gjecbritaj","tag-dialog","tag-dy-stine","tag-ora-e-maleve","tag-vasalet","tag-zana-e-malit"],"_links":{"self":[{"href":"https:\/\/ulqini-online.com\/sajti\/index.php?rest_route=\/wp\/v2\/posts\/18810","targetHints":{"allow":["GET"]}}],"collection":[{"href":"https:\/\/ulqini-online.com\/sajti\/index.php?rest_route=\/wp\/v2\/posts"}],"about":[{"href":"https:\/\/ulqini-online.com\/sajti\/index.php?rest_route=\/wp\/v2\/types\/post"}],"author":[{"embeddable":true,"href":"https:\/\/ulqini-online.com\/sajti\/index.php?rest_route=\/wp\/v2\/users\/1"}],"replies":[{"embeddable":true,"href":"https:\/\/ulqini-online.com\/sajti\/index.php?rest_route=%2Fwp%2Fv2%2Fcomments&post=18810"}],"version-history":[{"count":3,"href":"https:\/\/ulqini-online.com\/sajti\/index.php?rest_route=\/wp\/v2\/posts\/18810\/revisions"}],"predecessor-version":[{"id":18813,"href":"https:\/\/ulqini-online.com\/sajti\/index.php?rest_route=\/wp\/v2\/posts\/18810\/revisions\/18813"}],"wp:featuredmedia":[{"embeddable":true,"href":"https:\/\/ulqini-online.com\/sajti\/index.php?rest_route=\/wp\/v2\/media\/3024"}],"wp:attachment":[{"href":"https:\/\/ulqini-online.com\/sajti\/index.php?rest_route=%2Fwp%2Fv2%2Fmedia&parent=18810"}],"wp:term":[{"taxonomy":"category","embeddable":true,"href":"https:\/\/ulqini-online.com\/sajti\/index.php?rest_route=%2Fwp%2Fv2%2Fcategories&post=18810"},{"taxonomy":"post_tag","embeddable":true,"href":"https:\/\/ulqini-online.com\/sajti\/index.php?rest_route=%2Fwp%2Fv2%2Ftags&post=18810"}],"curies":[{"name":"wp","href":"https:\/\/api.w.org\/{rel}","templated":true}]}}