{"id":18739,"date":"2018-04-20T17:27:12","date_gmt":"2018-04-20T15:27:12","guid":{"rendered":"http:\/\/ulqini-online.com\/sajti\/?p=18739"},"modified":"2018-04-20T18:13:43","modified_gmt":"2018-04-20T16:13:43","slug":"ministri-radulloviq-ofron-doreheqjen-nese-kriporja-e-ulqinit-nuk-mbrohet-mbahet-konferenca-nderkombetare-per-mbrojtjen-e-saj","status":"publish","type":"post","link":"https:\/\/ulqini-online.com\/sajti\/?p=18739","title":{"rendered":"Ministri Radulloviq ofron dor\u00ebheqjen n\u00ebse Kriporja e Ulqinit nuk mbrohet\u00a0 &#8211; Mbahet konferenca nd\u00ebrkombetare p\u00ebr mbrojtjen e saj"},"content":{"rendered":"<p><a href=\"https:\/\/ulqini-online.com\/sajti\/wp-content\/uploads\/2018\/04\/Konferenca-mbrojtja-e-kripores-se-ulqinit-1.jpg\"><img loading=\"lazy\" decoding=\"async\" class=\"aligncenter wp-image-18742 size-full\" src=\"https:\/\/ulqini-online.com\/sajti\/wp-content\/uploads\/2018\/04\/Konferenca-mbrojtja-e-kripores-se-ulqinit-1.jpg\" alt=\"\" width=\"640\" height=\"427\" srcset=\"https:\/\/ulqini-online.com\/sajti\/wp-content\/uploads\/2018\/04\/Konferenca-mbrojtja-e-kripores-se-ulqinit-1.jpg 640w, https:\/\/ulqini-online.com\/sajti\/wp-content\/uploads\/2018\/04\/Konferenca-mbrojtja-e-kripores-se-ulqinit-1-300x200.jpg 300w\" sizes=\"auto, (max-width: 640px) 100vw, 640px\" \/><\/a><br \/>\nMe dat\u00ebn 18 prill ne Podgoric\u00eb,u mbajt konferenca e 4-t\u00eb me radh\u00eb per mbrojtjen e Kripores s\u00eb Ulqinit.<\/p>\n<p>Konferenca u organizua\u00a0 nga shoqatat\u00a0 Birdlife International, Euronatur, Czip, Mans, Tur du Valat dhe Asociacionit Martin Shneider Jacoby Association. Konferenca u organizua ne kuadrin e projektit &#8221;Qytetaret aktiv per Malin e Zi me te mir\u00eb &#8211; drejt qeverisjes s\u00eb ligjit dhe zhvillimit te qendrueshem&#8221; mbeshtetur nga delegacioni Unionit Evropian n\u00eb Mal te Zi.<\/p>\n<p>Ne konferenc\u00eb mori pjes\u00eb gjat\u00eb gjith\u00eb koh\u00ebs se punimit t\u00eb saj edhe perfaqesuesi i qeveris\u00eb, ministri i zhvillimit te qendrueshem z.Pavle Raduloviq, si dhe p\u00ebrfaqesues t\u00eb ambasadave n\u00eb Mal t\u00eb Zi duke p\u00ebrfshi k\u00ebtu edhe ish ambasadoren e Gjermanis znj.Gudrun Steinaker e cila ishte kandiduar p\u00ebr titullin &#8216;qytetare nderi&#8217; nga kuvendi i Ulqinit per angazhimin e saj n\u00eb mbrojtje e kripores.<\/p>\n<p>Gjithashtu prezent ishin edhe p\u00ebrfaqesuesit e mediave dhe perfaqesuesit e ish puntor\u00ebve te kripores.<br \/>\nTri ishin pikat kryesore rreth te cilave u diskutua dhe debatua me se shumti: \u00e7eshtja e pronesis\u00eb dhe mund\u00ebsia e nd\u00ebrtimit te objekteve te reja ne teritorin e kripores sipas planit hapsinor, studimi i b\u00ebr\u00eb rreth mbrojtjes se kripores njekohesisht mundesia e fillimit t\u00eb prodhimit p\u00ebrs\u00ebri te krip\u00ebs si dhe mbrojtja e ekosistemit dhe flores dhe faunes ne k\u00ebt\u00eb rajon.<\/p>\n<p><a href=\"https:\/\/ulqini-online.com\/sajti\/wp-content\/uploads\/2018\/04\/Konferenca-mbrojtja-e-kripores-se-ulqinit.jpg\"><img loading=\"lazy\" decoding=\"async\" class=\"aligncenter wp-image-18741 size-full\" src=\"https:\/\/ulqini-online.com\/sajti\/wp-content\/uploads\/2018\/04\/Konferenca-mbrojtja-e-kripores-se-ulqinit.jpg\" alt=\"\" width=\"640\" height=\"346\" srcset=\"https:\/\/ulqini-online.com\/sajti\/wp-content\/uploads\/2018\/04\/Konferenca-mbrojtja-e-kripores-se-ulqinit.jpg 640w, https:\/\/ulqini-online.com\/sajti\/wp-content\/uploads\/2018\/04\/Konferenca-mbrojtja-e-kripores-se-ulqinit-300x162.jpg 300w\" sizes=\"auto, (max-width: 640px) 100vw, 640px\" \/><\/a><\/p>\n<p>Gjat\u00eb diskutimeve u v\u00ebrejt qartesisht mospajtimi i t\u00eb gjitha paleve prezente n\u00eb lidhje me trajtimin problemit te krypores nga ana e qeveris, mirpo ministri Raduloviq theksoj se resori t\u00eb cilin ai drejton dhe qeveria po nd\u00ebrrmarrin hapa te rendesishem per mbrojtjen dhe zgjedhjen e problemit te krypores. Nj\u00ebkohesisht aj ofroi edhe dorheqjen e ti te parevokueshme nese kriporja nuk arrihet t\u00eb mbrohet. I pyetur nga perfaqesuesi i MANS-it n\u00eb lidhje me \u00e7\u00ebshtjen e pronesis\u00eb, ministri deklaroi se ky resor dhe ai personalisht nuk jan\u00eb kompetent per te vendosur ne lidhje me k\u00ebt\u00eb \u00e7eshtje. P\u00eberfaqesuesit e MANS-it deklaruan se ata mbesin skeptik ne lidhje me zgjedhjen e problemit te krypores.<\/p>\n<p>P\u00ebrfaqesuesit e delegacioneve te huaja si dhe perfaqesuesit e ambasadve deklaruan se qeveria duhet te marr hapa edhe inicativ\u00eb te p\u00ebrshpejtuar qe ky ekosistem t\u00eb mbrohet dhe te revitalizohet n\u00eb t\u00eb gjitha menyrat sa ma par\u00eb dhe sa ma shpejt dhe ne nje menyr\u00eb u kritikua qeveria per lenijen pas dore te k\u00ebti problem shum\u00eb domethenes si per Ulqinin, Malin e Zi apo edhe per krejt kontinentin.<\/p>\n<p>Perfaqesuesja e shoqates MSJA znj. Zenepe Lika theksoj se kriporja nuk esht e mbrojtur nga plani hapsinor dhe se atje parashihet nd\u00ebrtimi i objekteve afariste turistike ndersa ministri u p\u00ebrgjigj\u00eb se ne teritorin e kripores nuk do te ket\u00eb ndertim sipas po te njejtit plan.<\/p>\n<p><a href=\"https:\/\/ulqini-online.com\/sajti\/wp-content\/uploads\/2018\/04\/Konferenca-mbrojtja-e-kripores-se-ulqinit-2.jpg\"><img loading=\"lazy\" decoding=\"async\" class=\"aligncenter wp-image-18740 size-full\" src=\"https:\/\/ulqini-online.com\/sajti\/wp-content\/uploads\/2018\/04\/Konferenca-mbrojtja-e-kripores-se-ulqinit-2.jpg\" alt=\"\" width=\"640\" height=\"374\" srcset=\"https:\/\/ulqini-online.com\/sajti\/wp-content\/uploads\/2018\/04\/Konferenca-mbrojtja-e-kripores-se-ulqinit-2.jpg 640w, https:\/\/ulqini-online.com\/sajti\/wp-content\/uploads\/2018\/04\/Konferenca-mbrojtja-e-kripores-se-ulqinit-2-300x175.jpg 300w\" sizes=\"auto, (max-width: 640px) 100vw, 640px\" \/><\/a><\/p>\n<p>Gjithashtu ne debat mor\u00ebn pjes edhe ish puntor\u00ebt e krypores ku perfaqesuesi i tyre shprehi keqardhjen p\u00ebr situaten ne te cilen ndodhet kriporja por dhe nj\u00ebkohesisht edhe puntore. P\u00ebrfaq\u00ebsuesi i pun\u00ebtor\u00ebve \u00a0deklaroi se me nje investim shum te vogel kriporja mundet te rifilloj prodhimin por pergjigja e ministrit ishte se sipas te gjitha studimeve kriporja esht e pamundur te behet rentabile nga prodhimi i kripes por duhet gjetur format alternative per permbylljen e mbijetese financiare rentabile te krypores.<\/p>\n<p>Lufta e dyt\u00eb bot\u00ebrore zgjati 5 vite dhe u gjet zgjidhja, a thua problemi i kripores esht vall\u00eb edhe me i shtjelluar se vet lufta dyt\u00eb botrore, pasi qe ka rreth 10 vite qe kriporja esht\u00eb ne disa tryeza nga Bashkimi Evropian, Mali Zi dhe organet tjera kompetente.<\/p>\n<p>&nbsp;<\/p>\n","protected":false},"excerpt":{"rendered":"<p>Me dat\u00ebn 18 prill ne Podgoric\u00eb,u mbajt konferenca e 4-t\u00eb me radh\u00eb per mbrojtjen e Kripores s\u00eb Ulqinit. Konferenca u organizua\u00a0 nga shoqatat\u00a0 Birdlife International, Euronatur, Czip, Mans, Tur du Valat dhe Asociacionit Martin Shneider Jacoby Association. Konferenca u organizua ne kuadrin e projektit &#8221;Qytetaret aktiv per Malin e Zi me te mir\u00eb &#8211; drejt [&hellip;]<\/p>\n","protected":false},"author":1,"featured_media":18741,"comment_status":"closed","ping_status":"open","sticky":false,"template":"","format":"standard","meta":{"_seopress_robots_primary_cat":"","_seopress_titles_title":"","_seopress_titles_desc":"","_seopress_robots_index":"","footnotes":""},"categories":[2,4],"tags":[203,28],"class_list":["post-18739","post","type-post","status-publish","format-standard","has-post-thumbnail","hentry","category-aktualitet","category-kronike","tag-kriporja-e-ulqinit","tag-ulqin"],"_links":{"self":[{"href":"https:\/\/ulqini-online.com\/sajti\/index.php?rest_route=\/wp\/v2\/posts\/18739","targetHints":{"allow":["GET"]}}],"collection":[{"href":"https:\/\/ulqini-online.com\/sajti\/index.php?rest_route=\/wp\/v2\/posts"}],"about":[{"href":"https:\/\/ulqini-online.com\/sajti\/index.php?rest_route=\/wp\/v2\/types\/post"}],"author":[{"embeddable":true,"href":"https:\/\/ulqini-online.com\/sajti\/index.php?rest_route=\/wp\/v2\/users\/1"}],"replies":[{"embeddable":true,"href":"https:\/\/ulqini-online.com\/sajti\/index.php?rest_route=%2Fwp%2Fv2%2Fcomments&post=18739"}],"version-history":[{"count":4,"href":"https:\/\/ulqini-online.com\/sajti\/index.php?rest_route=\/wp\/v2\/posts\/18739\/revisions"}],"predecessor-version":[{"id":18746,"href":"https:\/\/ulqini-online.com\/sajti\/index.php?rest_route=\/wp\/v2\/posts\/18739\/revisions\/18746"}],"wp:featuredmedia":[{"embeddable":true,"href":"https:\/\/ulqini-online.com\/sajti\/index.php?rest_route=\/wp\/v2\/media\/18741"}],"wp:attachment":[{"href":"https:\/\/ulqini-online.com\/sajti\/index.php?rest_route=%2Fwp%2Fv2%2Fmedia&parent=18739"}],"wp:term":[{"taxonomy":"category","embeddable":true,"href":"https:\/\/ulqini-online.com\/sajti\/index.php?rest_route=%2Fwp%2Fv2%2Fcategories&post=18739"},{"taxonomy":"post_tag","embeddable":true,"href":"https:\/\/ulqini-online.com\/sajti\/index.php?rest_route=%2Fwp%2Fv2%2Ftags&post=18739"}],"curies":[{"name":"wp","href":"https:\/\/api.w.org\/{rel}","templated":true}]}}