{"id":18073,"date":"2018-02-28T16:33:27","date_gmt":"2018-02-28T15:33:27","guid":{"rendered":"http:\/\/ulqini-online.com\/sajti\/?p=18073"},"modified":"2018-02-28T16:33:27","modified_gmt":"2018-02-28T15:33:27","slug":"mbyllet-rruga-ulqin-krythe-shkoder","status":"publish","type":"post","link":"https:\/\/ulqini-online.com\/sajti\/?p=18073","title":{"rendered":"Mbyllet rruga Ulqin \u2013 Kryth\u00eb &#8211; Shkod\u00ebr"},"content":{"rendered":"<p><a href=\"https:\/\/ulqini-online.com\/sajti\/wp-content\/uploads\/2016\/05\/rruga-krythe-ulqin.jpg\"><img loading=\"lazy\" decoding=\"async\" class=\"aligncenter wp-image-9218 size-full\" src=\"https:\/\/ulqini-online.com\/sajti\/wp-content\/uploads\/2016\/05\/rruga-krythe-ulqin.jpg\" alt=\"\" width=\"514\" height=\"400\" srcset=\"https:\/\/ulqini-online.com\/sajti\/wp-content\/uploads\/2016\/05\/rruga-krythe-ulqin.jpg 514w, https:\/\/ulqini-online.com\/sajti\/wp-content\/uploads\/2016\/05\/rruga-krythe-ulqin-300x233.jpg 300w\" sizes=\"auto, (max-width: 514px) 100vw, 514px\" \/><\/a><\/p>\n<p>P\u00ebr shkak t\u00eb punimeve n\u00eb rrug\u00eb prej sot, e merkur\u00eb, \u00ebsht\u00eb mbyllur p\u00ebr komunikacion p\u00ebr t\u00eb gjitha automjetet rruga magjistrale, Ulqin \u2013 Shkod\u00ebs, aksi deri n\u00eb Krythe. Komunikacioni \u00ebsht\u00eb riorientuar p\u00ebrmes rrug\u00ebs s\u00eb vjet\u00ebr p\u00ebr Tivar.<\/p>\n<p>Si\u00e7 m\u00ebsohet nga Lidhja Auto Moto e Malit t\u00eb Zi, shkak p\u00ebr k\u00ebt mbyllje t\u00eb t\u00ebr\u00ebsishme jan\u00eb punimet minerare n\u00eb k\u00ebt\u00eb aks.<\/p>\n<p>Nd\u00ebrprerja e t\u00ebr\u00ebsishme n\u00eb k\u00ebt\u00eb aks vlen nga data 28.02.2018. deri me 03.03.2018.<\/p>\n","protected":false},"excerpt":{"rendered":"<p>P\u00ebr shkak t\u00eb punimeve n\u00eb rrug\u00eb prej sot, e merkur\u00eb, \u00ebsht\u00eb mbyllur p\u00ebr komunikacion p\u00ebr t\u00eb gjitha automjetet rruga magjistrale, Ulqin \u2013 Shkod\u00ebs, aksi deri n\u00eb Krythe. Komunikacioni \u00ebsht\u00eb riorientuar p\u00ebrmes rrug\u00ebs s\u00eb vjet\u00ebr p\u00ebr Tivar. Si\u00e7 m\u00ebsohet nga Lidhja Auto Moto e Malit t\u00eb Zi, shkak p\u00ebr k\u00ebt mbyllje t\u00eb t\u00ebr\u00ebsishme jan\u00eb punimet minerare [&hellip;]<\/p>\n","protected":false},"author":1,"featured_media":9218,"comment_status":"closed","ping_status":"open","sticky":false,"template":"","format":"standard","meta":{"_seopress_robots_primary_cat":"","_seopress_titles_title":"","_seopress_titles_desc":"","_seopress_robots_index":"","footnotes":""},"categories":[2,4],"tags":[],"class_list":["post-18073","post","type-post","status-publish","format-standard","has-post-thumbnail","hentry","category-aktualitet","category-kronike"],"_links":{"self":[{"href":"https:\/\/ulqini-online.com\/sajti\/index.php?rest_route=\/wp\/v2\/posts\/18073","targetHints":{"allow":["GET"]}}],"collection":[{"href":"https:\/\/ulqini-online.com\/sajti\/index.php?rest_route=\/wp\/v2\/posts"}],"about":[{"href":"https:\/\/ulqini-online.com\/sajti\/index.php?rest_route=\/wp\/v2\/types\/post"}],"author":[{"embeddable":true,"href":"https:\/\/ulqini-online.com\/sajti\/index.php?rest_route=\/wp\/v2\/users\/1"}],"replies":[{"embeddable":true,"href":"https:\/\/ulqini-online.com\/sajti\/index.php?rest_route=%2Fwp%2Fv2%2Fcomments&post=18073"}],"version-history":[{"count":1,"href":"https:\/\/ulqini-online.com\/sajti\/index.php?rest_route=\/wp\/v2\/posts\/18073\/revisions"}],"predecessor-version":[{"id":18074,"href":"https:\/\/ulqini-online.com\/sajti\/index.php?rest_route=\/wp\/v2\/posts\/18073\/revisions\/18074"}],"wp:featuredmedia":[{"embeddable":true,"href":"https:\/\/ulqini-online.com\/sajti\/index.php?rest_route=\/wp\/v2\/media\/9218"}],"wp:attachment":[{"href":"https:\/\/ulqini-online.com\/sajti\/index.php?rest_route=%2Fwp%2Fv2%2Fmedia&parent=18073"}],"wp:term":[{"taxonomy":"category","embeddable":true,"href":"https:\/\/ulqini-online.com\/sajti\/index.php?rest_route=%2Fwp%2Fv2%2Fcategories&post=18073"},{"taxonomy":"post_tag","embeddable":true,"href":"https:\/\/ulqini-online.com\/sajti\/index.php?rest_route=%2Fwp%2Fv2%2Ftags&post=18073"}],"curies":[{"name":"wp","href":"https:\/\/api.w.org\/{rel}","templated":true}]}}