{"id":17627,"date":"2018-02-01T22:19:28","date_gmt":"2018-02-01T21:19:28","guid":{"rendered":"http:\/\/ulqini-online.com\/sajti\/?p=17627"},"modified":"2018-02-01T22:21:53","modified_gmt":"2018-02-01T21:21:53","slug":"shkollat-shqipe-duhet-te-mbajne-emra-te-figurave-shqiptare-e-jo-emertime-sllave-me-idologji-komuniste","status":"publish","type":"post","link":"https:\/\/ulqini-online.com\/sajti\/?p=17627","title":{"rendered":"Shkollat shqipe duhet t\u00eb mbajn\u00eb emra t\u00eb figurave shqiptare e jo  em\u00ebrtime  sllave me idologji komuniste"},"content":{"rendered":"<p><a href=\"https:\/\/ulqini-online.com\/sajti\/wp-content\/uploads\/2014\/11\/Shkolla-fillore-Ulqin-mareshali-tito.jpg\"><img loading=\"lazy\" decoding=\"async\" class=\"aligncenter wp-image-484 \" src=\"https:\/\/ulqini-online.com\/sajti\/wp-content\/uploads\/2014\/11\/Shkolla-fillore-Ulqin-mareshali-tito.jpg\" alt=\"\" width=\"581\" height=\"354\" srcset=\"https:\/\/ulqini-online.com\/sajti\/wp-content\/uploads\/2014\/11\/Shkolla-fillore-Ulqin-mareshali-tito.jpg 519w, https:\/\/ulqini-online.com\/sajti\/wp-content\/uploads\/2014\/11\/Shkolla-fillore-Ulqin-mareshali-tito-300x182.jpg 300w\" sizes=\"auto, (max-width: 581px) 100vw, 581px\" \/><\/a><\/p>\n<p><strong>Shkruan Gjek\u00eb Gjonaj<\/strong><\/p>\n<p>Institucionet shkollore\u00a0 me m\u00ebsim n\u00eb gjuh\u00ebn shqipe n\u00eb Malin e Zi ,\u00a0 ende vazhdojn\u00eb t\u00eb mbajn\u00eb em\u00ebrtime sllave nga periudha e komunizmit. Kjo b\u00ebhej n\u00eb baz\u00eb t\u00eb kritereve ideologjike dhe kornizave partiake e shtet\u00ebrore t\u00eb pushtetit, t\u00eb cilin, ve\u00e7 tjerash, e karakterizonte antishqiptarizmi i skajsh\u00ebm Sa p\u00ebr ilustrim po p\u00ebrmendim \u00a0\u00a0Shkoll\u00ebn Fillore \u201c Jedinstvo\u201d\u00a0 n\u00eb fshatin Skorraq, n\u00eb vendlindjen e kreut t\u00eb shquar t\u00eb fisit t\u00eb Hotit\u00a0 Ded\u00eb Gjo Lulit, mbase figur\u00ebs m\u00eb me zulm\u00eb t\u00eb t\u00eb gjith\u00eb luft\u00ebtar\u00ebve t\u00eb Mal\u00ebsis\u00eb. Gjimnazin \u201c 25 Maji \u201c n\u00eb Tuz\u201d. Shkoll\u00ebn Fillore \u201c Mareshali Tito\u201d \u00a0dhe Shkoll\u00ebn e Mesme \u201c V\u00ebllaz\u00ebrim-Bashkim\u201d n\u00eb Ulqin. Nuk jan\u00eb k\u00ebto raste t\u00eb vetme q\u00eb nuk\u00a0 p\u00ebrfaq\u00ebsojn\u00eb as vullnetin dhe as kultur\u00ebn e popullit shqiptar n\u00eb k\u00ebt\u00eb republik\u00eb..<\/p>\n<p>Drejtor\u00ebt e shkollave, m\u00ebsimdh\u00ebn\u00ebsit dhe \u00a0k\u00ebshillat e prind\u00ebrve nuk\u00a0 kan\u00eb fuqi , guxim apo jan\u00eb t\u00eb paaft\u00eb t\u00eb b\u00ebjn\u00eb di\u00e7ka n\u00eb rishikimin me p\u00ebrgjegj\u00ebsi t\u00eb em\u00ebrtimeve sllave antishqiptare \u00a0me ideologji komuniste\u00a0 dhe z\u00ebvend\u00ebsimin e tyre me personalitete t\u00eb m\u00ebdha historike nga radh\u00ebt e shqiptar\u00ebve.<\/p>\n<p>K\u00ebto dhe t\u00eb gjitha institucionet e kultur\u00ebs n\u00eb p\u00ebrgjith\u00ebsi, duhet t\u00eb mbajn\u00eb emra t\u00eb denj\u00eb, atdhetar\u00eb t\u00eb\u00a0 shquar, njer\u00ebz t\u00eb dijes, t\u00eb artit e kultur\u00ebs shqiptare p\u00ebr t\u00eb cil\u00ebt tashm\u00eb koha e ka th\u00ebn\u00eb fjal\u00ebn e vet dhe ato figura\u00a0 jan\u00eb b\u00ebr\u00eb nd\u00ebrgjegjja kolektive e popullit shqiptar. Em\u00ebrtimi\u00a0 i shkollave me emra t\u00eb rinj \u00a0\u00ebsht\u00eb imperativ i koh\u00ebs.\u00a0 P\u00ebr k\u00ebt\u00eb problem nuk duhet t\u00eb heshtim m\u00eb. Kemi heshtur mjaft. Patjet\u00ebr duhet t\u00eb ndryshojm\u00eb k\u00ebt\u00eb mentalitet p\u00ebrul\u00ebsie koh\u00ebsisht i skalitur thell\u00eb n\u00eb shprehi.\u00a0\u00a0 Drejtuesit\u00a0 e shkollave shqipe\u00a0 n\u00eb marr\u00ebveshje me m\u00ebsimdh\u00ebn\u00ebsit dhe k\u00ebshillat e prind\u00ebrve duhet t\u00eb k\u00ebrkojn\u00eb zyrtarisht nga Ministria e\u00a0 Arsimit\u00a0 nd\u00ebrrimin e emrave aktual. \u00a0Vall\u00eb, pse mos ta b\u00ebjm\u00eb k\u00ebt\u00eb ne shqiptar\u00ebt ( autoritetet\u00a0 e shkoll\u00ebs) , n\u00eb koh\u00ebn kur edhe Mali i Zi\u00a0 n\u00eb shum\u00eb raste i ka ndryshuar\u00a0 em\u00ebrtimet sllave t\u00eb periudh\u00ebs komuniste dhe emrat e partizan\u00ebve e heronjve serbo-malazez ? Mang\u00ebsit\u00eb dhe gabimet \u00a0e tilla, mund dhe duhet t\u00eb korrigjohen. P\u00ebrndryshe, pranimi me indiferenc\u00eb i nj\u00eb dukurie t\u00eb till\u00eb, mund t\u00eb konsiderohet si n\u00ebp\u00ebrk\u00ebmbje dhe p\u00ebrbuzje e vlerave t\u00eb mir\u00ebfillta historike dhe kulturore komb\u00ebtare.<\/p>\n<p>Edhe nj\u00eb shkoll\u00eb fillore\u00a0 n\u00eb Berlin mban\u00eb \u00a0emrin e nj\u00eb\u00a0 heroi t\u00eb heshtur shqiptar,\u00a0 Refik Veselit, i\u00a0 njohur si nj\u00ebri nd\u00ebr shqiptar\u00ebt jo t\u00eb pak\u00ebt q\u00eb i kan\u00eb shp\u00ebtuar hebrenjt\u00eb gjat\u00eb Luft\u00ebs s\u00eb Dyt\u00eb Bot\u00ebrore. \u00a0N\u00eb k\u00ebt\u00eb m\u00ebnyr\u00eb\u00a0\u00a0 do t\u2019u kthejm\u00eb shkollave tona identitetin dhe fytyr\u00ebn e vet bujare si tempuj t\u00eb dijes t\u00eb shqiptar\u00ebve n\u00eb nj\u00eb shtet\u00a0 q\u00eb ka zgjedhur rrug\u00ebn\u00a0 drejt Europ\u00ebs s\u00eb bashkuar.<\/p>\n<p>Ne kemi personalitete t\u00eb m\u00ebdha historike dhe nuk kemi nevoj\u00eb t\u00eb huazojm\u00eb emra figurash joshqiptare. Me k\u00ebt\u00eb do t\u00eb nderojm\u00eb emrat e personaliteteve t\u00eb shquara t\u00eb historis\u00eb dhe kultur\u00ebs shqiptare. \u00a0Em\u00ebrtimet e k\u00ebtilla kan\u00eb p\u00ebr q\u00ebllim q\u00eb ne dhe gjeneratat pas nesh , t\u2019i\u00a0 p\u00ebrkujtojm\u00eb\u00a0 dhe t\u00eb afirmojm\u00eb\u00a0 personalitetet\u00a0 historike dhe kulturore t\u00eb kombit ton\u00eb.<\/p>\n","protected":false},"excerpt":{"rendered":"<p>Shkruan Gjek\u00eb Gjonaj Institucionet shkollore\u00a0 me m\u00ebsim n\u00eb gjuh\u00ebn shqipe n\u00eb Malin e Zi ,\u00a0 ende vazhdojn\u00eb t\u00eb mbajn\u00eb em\u00ebrtime sllave nga periudha e komunizmit. Kjo b\u00ebhej n\u00eb baz\u00eb t\u00eb kritereve ideologjike dhe kornizave partiake e shtet\u00ebrore t\u00eb pushtetit, t\u00eb cilin, ve\u00e7 tjerash, e karakterizonte antishqiptarizmi i skajsh\u00ebm Sa p\u00ebr ilustrim po p\u00ebrmendim \u00a0\u00a0Shkoll\u00ebn Fillore [&hellip;]<\/p>\n","protected":false},"author":1,"featured_media":484,"comment_status":"closed","ping_status":"open","sticky":false,"template":"","format":"standard","meta":{"_seopress_robots_primary_cat":"","_seopress_titles_title":"","_seopress_titles_desc":"","_seopress_robots_index":"","footnotes":""},"categories":[2,12],"tags":[1616,1615,246,28],"class_list":["post-17627","post","type-post","status-publish","format-standard","has-post-thumbnail","hentry","category-aktualitet","category-opinione","tag-imnazi-25-maji","tag-shkolla-fillore-mareshali-tito","tag-tuz","tag-ulqin"],"_links":{"self":[{"href":"https:\/\/ulqini-online.com\/sajti\/index.php?rest_route=\/wp\/v2\/posts\/17627","targetHints":{"allow":["GET"]}}],"collection":[{"href":"https:\/\/ulqini-online.com\/sajti\/index.php?rest_route=\/wp\/v2\/posts"}],"about":[{"href":"https:\/\/ulqini-online.com\/sajti\/index.php?rest_route=\/wp\/v2\/types\/post"}],"author":[{"embeddable":true,"href":"https:\/\/ulqini-online.com\/sajti\/index.php?rest_route=\/wp\/v2\/users\/1"}],"replies":[{"embeddable":true,"href":"https:\/\/ulqini-online.com\/sajti\/index.php?rest_route=%2Fwp%2Fv2%2Fcomments&post=17627"}],"version-history":[{"count":1,"href":"https:\/\/ulqini-online.com\/sajti\/index.php?rest_route=\/wp\/v2\/posts\/17627\/revisions"}],"predecessor-version":[{"id":17628,"href":"https:\/\/ulqini-online.com\/sajti\/index.php?rest_route=\/wp\/v2\/posts\/17627\/revisions\/17628"}],"wp:featuredmedia":[{"embeddable":true,"href":"https:\/\/ulqini-online.com\/sajti\/index.php?rest_route=\/wp\/v2\/media\/484"}],"wp:attachment":[{"href":"https:\/\/ulqini-online.com\/sajti\/index.php?rest_route=%2Fwp%2Fv2%2Fmedia&parent=17627"}],"wp:term":[{"taxonomy":"category","embeddable":true,"href":"https:\/\/ulqini-online.com\/sajti\/index.php?rest_route=%2Fwp%2Fv2%2Fcategories&post=17627"},{"taxonomy":"post_tag","embeddable":true,"href":"https:\/\/ulqini-online.com\/sajti\/index.php?rest_route=%2Fwp%2Fv2%2Ftags&post=17627"}],"curies":[{"name":"wp","href":"https:\/\/api.w.org\/{rel}","templated":true}]}}