{"id":17054,"date":"2017-12-27T17:31:31","date_gmt":"2017-12-27T16:31:31","guid":{"rendered":"http:\/\/ulqini-online.com\/sajti\/?p=17054"},"modified":"2017-12-27T17:31:31","modified_gmt":"2017-12-27T16:31:31","slug":"art-club-boton-vellimin-poetik-malesi-e-mall-te-autorit-fiqret-mujeziqi","status":"publish","type":"post","link":"https:\/\/ulqini-online.com\/sajti\/?p=17054","title":{"rendered":"\u201cArt Club\u201d boton v\u00ebllimin poetik \u201cMal\u00ebsi e mall\u201d t\u00eb autorit Fiqret Mujeziqi"},"content":{"rendered":"<p>&nbsp;<\/p>\n<p><strong><em>\u00a0<a href=\"https:\/\/ulqini-online.com\/sajti\/wp-content\/uploads\/2017\/12\/Mal\u00ebsi-e-mall-t\u00eb-autorit-Fiqret-Mujeziqi.jpg\"><img loading=\"lazy\" decoding=\"async\" class=\"aligncenter wp-image-17055 size-full\" src=\"https:\/\/ulqini-online.com\/sajti\/wp-content\/uploads\/2017\/12\/Mal\u00ebsi-e-mall-t\u00eb-autorit-Fiqret-Mujeziqi.jpg\" alt=\"\" width=\"500\" height=\"359\" srcset=\"https:\/\/ulqini-online.com\/sajti\/wp-content\/uploads\/2017\/12\/Mal\u00ebsi-e-mall-t\u00eb-autorit-Fiqret-Mujeziqi.jpg 500w, https:\/\/ulqini-online.com\/sajti\/wp-content\/uploads\/2017\/12\/Mal\u00ebsi-e-mall-t\u00eb-autorit-Fiqret-Mujeziqi-300x215.jpg 300w\" sizes=\"auto, (max-width: 500px) 100vw, 500px\" \/><\/a><\/em><\/strong><\/p>\n<p>Pas disa sprovave poetike n\u00eb gazeta e revista, Fiqret Mujeziqi, nj\u00eb em\u00ebr jo i panjohur p\u00ebr opinionin shqiptar n\u00eb Mal t\u00eb Zi, vjen para lexuesit me p\u00ebrmbledhjen e par\u00eb me poezi, t\u00eb titulluar \u201cMal\u00ebsi e mall\u201d, e cila \u00ebsht\u00eb botuar k\u00ebto dit\u00eb nga Shoqata e Artist\u00ebve dhe Intelektual\u00ebve \u201cArt Club\u201d.<\/p>\n<p>N\u00eb lib\u00ebr jan\u00eb p\u00ebrfshir\u00eb 83 poezi, t\u00eb ndara n\u00eb gjasht\u00eb cikle, n\u00eb t\u00eb cilat autori prek tema t\u00eb ndryshme, por ku dominon dashuria, nostalgjia dhe malli i tij p\u00ebr vendlindjen dhe popullin e tij.<\/p>\n<p>Si\u00e7 shprehet n\u00eb v\u00ebshtrimin e tij poeti Ibrahim Berjashi, \u201cMujeziqi, atje n\u00eb m\u00ebrgim, \u2018vendlindjen sikur e ka bartur me vete\u2019. Kur i shp\u00ebrthen nostalgjia p\u00ebr natyr\u00ebn, f\u00ebmij\u00ebrin\u00eb, t\u00eb af\u00ebrmit e tij, Liqenin e Shkodr\u00ebs, malin e Rumis\u00eb, monumentet e trash\u00ebgimis\u00eb kulturore, mij\u00ebvje\u00e7are kulturore, t\u00eb cilat \u2018e kan\u00eb rrethuar q\u00eb n\u00eb f\u00ebmij\u00ebrin\u00eb e hershme\u2019, dufin e brendsh\u00ebm shpirt\u00ebror t\u00eb kujtes\u00ebs e hedh n\u00eb vargje duke nd\u00ebrtuar \u2018Mburoj\u00ebn e kujtimeve\u2019\u201d.<\/p>\n<p>Berjashi thot\u00eb se \u201cbrenda diskursit t\u00eb vargut t\u00eb k\u00ebsaj vepre, heroi lirik \u00ebsht\u00eb vet\u00eb poeti i pozicionuar n\u00eb koh\u00eb dhe hap\u00ebsira t\u00eb ndryshme\u201d dhe se \u201cimazhet, ndjesit\u00eb, mesazhet, nostalgjit\u00eb, emocionet e metaforat jetojn\u00eb n\u00eb bot\u00ebn e brendshme t\u00eb poetit\u201d.<\/p>\n<p>Libri \u00ebsht\u00eb botim cil\u00ebsor me lidhje t\u00eb fort\u00eb dhe \u00ebsht\u00eb shtypur n\u00eb shtypshkronj\u00ebn IVPE &#8211; Cetin\u00eb.<\/p>\n<p>P\u00ebrzgjedhjen e poezive e ka b\u00ebr\u00eb poeti Ibrahim Berjashi, lektor \u00ebsht\u00eb Ismet Kallaba, kurse p\u00ebrgatitjen teknike dhe artistike Qazim Muja.<\/p>\n<p>Fiqret Mujeziqi \u00ebsht\u00eb lindur n\u00eb Kraj\u00eb, ku ka kryer shkoll\u00ebn fillore, t\u00eb mesmen n\u00eb Ulqin, nd\u00ebrsa Fakultetin Ekonomik n\u00eb Universitetin e Prishtin\u00ebs. Nj\u00eb koh\u00eb ka punuar n\u00eb Tivar, por prej vitesh me gjith\u00eb familjen ka emigruar n\u00eb Gjermani. Ky \u00ebsht\u00eb libri i tij i par\u00eb.<\/p>\n<p>N\u00eb kuad\u00ebr t\u00eb veprimtaris\u00eb s\u00eb tij botuese \u201cArt Club\u201d, botuesi m\u00eb i madh nd\u00ebr shqiptar\u00ebt n\u00eb Malin e Zi, ka botuar deri tani rreth 130 libra, kryesisht t\u00eb autor\u00ebve shqiptar\u00eb n\u00eb Malin e Zi.<\/p>\n","protected":false},"excerpt":{"rendered":"<p>&nbsp; \u00a0 Pas disa sprovave poetike n\u00eb gazeta e revista, Fiqret Mujeziqi, nj\u00eb em\u00ebr jo i panjohur p\u00ebr opinionin shqiptar n\u00eb Mal t\u00eb Zi, vjen para lexuesit me p\u00ebrmbledhjen e par\u00eb me poezi, t\u00eb titulluar \u201cMal\u00ebsi e mall\u201d, e cila \u00ebsht\u00eb botuar k\u00ebto dit\u00eb nga Shoqata e Artist\u00ebve dhe Intelektual\u00ebve \u201cArt Club\u201d. N\u00eb lib\u00ebr jan\u00eb [&hellip;]<\/p>\n","protected":false},"author":1,"featured_media":17055,"comment_status":"closed","ping_status":"open","sticky":false,"template":"","format":"standard","meta":{"_seopress_robots_primary_cat":"","_seopress_titles_title":"","_seopress_titles_desc":"","_seopress_robots_index":"","footnotes":""},"categories":[2,6],"tags":[1525,448,1526,750,28],"class_list":["post-17054","post","type-post","status-publish","format-standard","has-post-thumbnail","hentry","category-aktualitet","category-kulture","tag-fiqret-mujeziqi","tag-ibrahim-berjashi","tag-malesi-e-mall","tag-shoqata-e-artisteve-dhe-intelektualeve-art-club","tag-ulqin"],"_links":{"self":[{"href":"https:\/\/ulqini-online.com\/sajti\/index.php?rest_route=\/wp\/v2\/posts\/17054","targetHints":{"allow":["GET"]}}],"collection":[{"href":"https:\/\/ulqini-online.com\/sajti\/index.php?rest_route=\/wp\/v2\/posts"}],"about":[{"href":"https:\/\/ulqini-online.com\/sajti\/index.php?rest_route=\/wp\/v2\/types\/post"}],"author":[{"embeddable":true,"href":"https:\/\/ulqini-online.com\/sajti\/index.php?rest_route=\/wp\/v2\/users\/1"}],"replies":[{"embeddable":true,"href":"https:\/\/ulqini-online.com\/sajti\/index.php?rest_route=%2Fwp%2Fv2%2Fcomments&post=17054"}],"version-history":[{"count":1,"href":"https:\/\/ulqini-online.com\/sajti\/index.php?rest_route=\/wp\/v2\/posts\/17054\/revisions"}],"predecessor-version":[{"id":17056,"href":"https:\/\/ulqini-online.com\/sajti\/index.php?rest_route=\/wp\/v2\/posts\/17054\/revisions\/17056"}],"wp:featuredmedia":[{"embeddable":true,"href":"https:\/\/ulqini-online.com\/sajti\/index.php?rest_route=\/wp\/v2\/media\/17055"}],"wp:attachment":[{"href":"https:\/\/ulqini-online.com\/sajti\/index.php?rest_route=%2Fwp%2Fv2%2Fmedia&parent=17054"}],"wp:term":[{"taxonomy":"category","embeddable":true,"href":"https:\/\/ulqini-online.com\/sajti\/index.php?rest_route=%2Fwp%2Fv2%2Fcategories&post=17054"},{"taxonomy":"post_tag","embeddable":true,"href":"https:\/\/ulqini-online.com\/sajti\/index.php?rest_route=%2Fwp%2Fv2%2Ftags&post=17054"}],"curies":[{"name":"wp","href":"https:\/\/api.w.org\/{rel}","templated":true}]}}