{"id":17050,"date":"2017-12-27T17:26:35","date_gmt":"2017-12-27T16:26:35","guid":{"rendered":"http:\/\/ulqini-online.com\/sajti\/?p=17050"},"modified":"2017-12-27T17:26:35","modified_gmt":"2017-12-27T16:26:35","slug":"njeriu-qe-ka-ndihmuar-shume-qe-ka-shpetuar-madje-jete-njerezish-rrefim-interesant-i-luigj-camajt","status":"publish","type":"post","link":"https:\/\/ulqini-online.com\/sajti\/?p=17050","title":{"rendered":"Njeriu q\u00eb ka ndihmuar shum\u00eb, q\u00eb ka shp\u00ebtuar, madje, jet\u00eb njer\u00ebzish &#8211; Rr\u00ebfim interesant i Luigj Camajt"},"content":{"rendered":"<p><a href=\"https:\/\/ulqini-online.com\/sajti\/wp-content\/uploads\/2017\/12\/Kol\u00eb-Pjetrushi-Dedvukaj-1.jpg\"><img loading=\"lazy\" decoding=\"async\" class=\"aligncenter wp-image-17052 size-full\" src=\"https:\/\/ulqini-online.com\/sajti\/wp-content\/uploads\/2017\/12\/Kol\u00eb-Pjetrushi-Dedvukaj-1.jpg\" alt=\"\" width=\"500\" height=\"759\" srcset=\"https:\/\/ulqini-online.com\/sajti\/wp-content\/uploads\/2017\/12\/Kol\u00eb-Pjetrushi-Dedvukaj-1.jpg 500w, https:\/\/ulqini-online.com\/sajti\/wp-content\/uploads\/2017\/12\/Kol\u00eb-Pjetrushi-Dedvukaj-1-198x300.jpg 198w\" sizes=\"auto, (max-width: 500px) 100vw, 500px\" \/><\/a><\/p>\n<p><strong>Rr\u00ebfimi i \u00a0Luigj \u00a0Camaj \u00a0p\u00ebr rrug\u00ebtimin jet\u00ebsor t\u00eb \u00a0Kol\u00eb \u00a0Pjetrushit Dedvukaj<\/strong><\/p>\n<p>&nbsp;<\/p>\n<p>Gjek\u00eb Gjonaj<\/p>\n<p>Vitet kalojn\u00eb e koh\u00ebt ndryshojn\u00eb.\u00a0 Me kalimin e moteve\u00a0 shum\u00eb\u00e7ka edhe\u00a0\u00a0 harrohet. Por jo edhe kujtesa kolektive e mal\u00ebsor\u00ebve\u00a0\u00a0 p\u00ebr njer\u00ebz e ngjarje\u00a0 t\u00eb r\u00ebnd\u00ebsishme.\u00a0 Rr\u00ebfimet\u00a0 dhe d\u00ebshmit\u00eb \u00a0\u00a0p\u00ebr burrat e respektuar n\u00eb Mal\u00ebsi\u00a0 ruhen dhe p\u00ebrcillen nga brezi n\u00eb brez.\u00a0 Edhe ky shkrim \u00a0p\u00ebr rrug\u00ebtimin jet\u00ebsor t\u00eb Kol\u00eb Pjetrushit Dedvukaj\u00a0 vjen p\u00ebr lexuesin shqiptar\u00a0 fal\u00eb \u00a0rr\u00ebfimit \u00a0t\u00eb Luigj \u00a0\u00a0Camaj, nga fshati Vuksanlekaj. Nga biseda miq\u00ebsore \u00a0q\u00eb zhvilluam \u00a0muajin e kaluar \u00a0\u00a0n\u00eb restorantin \u201c Troj\u00eb\u201d n\u00eb Tuz m\u00ebsuam se \u00a0Kol\u00eb Pjetrushi i takon\u00a0\u00a0 plejad\u00ebs s\u00eb burrave t\u00eb mir\u00eb n\u00eb \u00a0Hot ( Mal\u00ebsi)\u00a0 me tipare t\u00eb bes\u00ebs, burr\u00ebris\u00eb , mikpritjes\u00a0 e bamir\u00ebsis\u00eb.<\/p>\n<p>Ky mal\u00ebsor i\u00a0 fisit t\u00eb njohur n\u00eb bot\u00ebn\u00a0\u00a0 shqiptare \u00a0Dedvukaj, t\u00eb heroit ton\u00eb komb\u00ebtar \u00a0\u00a0Ded\u00eb Gjo\u2019 Lulit, lindi\u00a0 n\u00eb \u00a0fshatin Bardhaj t\u00eb Hotit n\u00eb vitin 1890. \u00a0\u00a0Ai kishte nj\u00eb v\u00eblla Gjok\u00ebn \u00a0dhe nj\u00eb mot\u00ebr\u00a0 Mrik\u00ebn. Edhe pse ishte\u00a0 djali \u00a0i vog\u00ebl i \u00e7iftit bashk\u00ebshortor Pjetrush Nikut\u00a0 Dedvukaj dhe Len\u00eb Gjurashaj\u00a0 nga mali i Trieshit, \u00a0\u00a0n\u00eb mosh\u00eb t\u00eb re u\u00a0 dallua p\u00ebr zgjuar\u00ebsi, p\u00ebr \u00e7ka\u00a0 babai i tij e caktoi\u00a0 p\u00ebr zot sht\u00ebpie, kur ai kishte vet\u00ebm nj\u00ebzet vjet. Roli i kryefamiljarit, si\u00e7 rr\u00ebfen Camaj,\u00a0 i ka mund\u00ebsuar Kol\u00eb Pjetrushit q\u00eb n\u00eb mosh\u00eb t\u00eb re t\u00eb marr\u00eb pjes\u00eb n\u00eb\u00a0 kuvende me Ded\u00eb Gjo\u2019 Lulin\u00a0 dhe me burrat e tjer\u00eb t\u00eb Mal\u00ebsis\u00eb qyh\u00a0 n\u00eb vitin 1911.<\/p>\n<p>Sht\u00ebpia e tij ka qen\u00eb e hapur p\u00ebr \u00e7do mysafir e kalimtar.\u00a0 Ka qen\u00eb streh\u00eb dhe vat\u00ebr e ngroht\u00eb p\u00ebr \u00e7do njeri n\u00eb nevoj\u00eb pa dallim feje e kombi.\u00a0 Ndon\u00ebse pasanik i madh (\u00a0 toka apo malli\u00a0 tij\u00a0 shtrihej\u00a0 nga\u00a0 maja e malit Bukoviq n\u00eb kufi me Shqip\u00ebrin\u00eb e deri\u00a0 n\u00eb breg t\u00eb Liqenit t\u00eb Shkodr\u00ebs ) n\u00eb koh\u00eb t\u00eb v\u00ebshtira ekonomike i ka ndihmuar njer\u00ebzit nevojtar\u00eb \u00a0n\u00eb\u00a0 m\u00ebnyra t\u00eb ndryshme, me para, ushqim, vegla bujq\u00ebsore e gj\u00ebra t\u00eb tjera t\u00eb nevojshme p\u00ebr jetes\u00eb. \u00a0Asnj\u00ebher\u00eb nuk ka hezituar\u00a0 t\u2019u\u00a0 b\u00ebj\u00eb mir\u00eb njer\u00ebzve.\u00a0 N\u00eb\u00a0\u00a0 livadhin\u00a0 e\u00a0 tij , n\u00eb sip\u00ebrfaqe prej\u00a0 nj\u00eb hektari , n\u00eb fshatin Vuksanlekaj, t\u00eb cilin e jep falas,\u00a0 ka qen\u00eb\u00a0 nd\u00ebrtuar Kooperativa Bujq\u00ebsore p\u00eb nevojat e Mal\u00ebsis\u00eb.\u00a0 \u00a0Kola, madje, ka shp\u00ebtuar edhe jet\u00eb\u00a0 njer\u00ebzish. Rr\u00ebfimtari \u00a0Camaj\u00a0 ve\u00e7on\u00a0 tri \u00a0raste t\u00eb tilla, q\u00eb meritojn\u00eb\u00a0 t\u00eb mos harrohen kurr\u00eb,\u00a0 dhe t\u00eb sh\u00ebrbejn\u00eb si shembull<\/p>\n<p>Rasti i par\u00eb ndodh\u00eb\u00a0 n\u00eb vitin 1915\u00a0 n\u00eb fshatin Vuksanlkeja, ku\u00a0 Austro- Hungaria kishte\u00a0 ngritur nj\u00eb kamp n\u00eb af\u00ebrsi t\u00eb sht\u00ebpis\u00eb s\u00eb\u00a0 Kol\u00eb Pjetrushit. Askohohe ky\u00a0 bir i \u00a0denj\u00eb i Hotit,\u00a0 fal\u00eb miq\u00ebsis\u00eb q\u00eb krijoi me drejtorin dhe oficer\u00ebt e k\u00ebtij kampi, i shp\u00ebtoi nga vdekja disa mal\u00ebsor\u00eb e malazez . N\u00eb mesin e tyre ishte edhe gjyshi nga n\u00ebna i ish-kryeminsitrit t\u00eb Malit t\u00eb Zi Millo Gjukanoviq, i cili\u00a0 as sot e k\u00ebsaj dit\u00eb nuk e ka harruar k\u00ebt\u00eb vep\u00ebr\u00a0 t\u00eb madhe njer\u00ebzore\u00a0 t\u00eb Kol\u00eb Pjetrushit. \u00a0Gjukanoviq, miq\u00ebsin\u00eb e vet me k\u00ebt\u00eb familje\u00a0 e d\u00ebshmoi edhe me rastin e vizit\u00ebs s\u00eb tij t\u00eb fundit, q\u00eb i b\u00ebri asaj ( familjes s\u00eb Pjet\u00ebr Kol\u00ebs Dedvukaj \u00a0n\u00eb \u00a0Vuksanlekaj,\u00a0 n\u00eb muajin n\u00ebntor t\u00eb k\u00ebtij vititm \u00a0n\u00eb \u00a0kuad\u00ebr t\u00eb fushat\u00ebs parazgjedhore p\u00ebr zgjedhjet lokale p\u00ebr Komun\u00ebn Urbane t\u00eb Tuzit.\u00a0\u00a0 Ja se \u00e7far\u00eb tha me k\u00ebt\u00eb rast n\u00eb fjal\u00ebn e tij fal\u00ebnderuese, Millo Gjukanoviq: <em>\u201cD\u00ebshiroj t\u00eb fal\u00ebnderoj familjen Dedvukaj \u00a0n\u00eb mikpritje \u00a0\u00a0\u00a0q\u00eb na ofroi. \u00a0Mua personalisht ve\u00e7mas m\u00eb imponon ajo \u00e7far\u00eb ka\u00a0 ndar\u00eb Pjetri p\u00ebr miq\u00ebsin\u00eb ton\u00eb. P\u00ebr ata q\u00eb nuk e din\u00eb \u00a0kjo familje\u00a0 p\u00ebrgjithmon\u00eb\u00a0 e ka\u00a0 obliguar familjen ton\u00eb. Kol\u00eb Dedvukaj e ka shp\u00ebtuar\u00a0 gjyshin tim. N\u00eb k\u00ebt\u00eb m\u00ebnyr\u00eb ka shp\u00ebtuar fisin ( familjen)\u00a0 Maksimoviq, q\u00eb jan\u00eb daj\u00ebt e mi. Fal\u00eb k\u00ebsaj kjo familje \u00ebsht\u00eb e suksesshme. T\u00eb gjith\u00eb ne q\u00eb jemi pasardh\u00ebs t\u00eb asaj familje, p\u00ebrher\u00eb\u00a0 i jemi mir\u00ebnjoh\u00ebs k\u00ebsaj\u00a0 familje. Dhe pik\u00ebrisht \u00a0p\u00ebr k\u00ebt\u00eb k\u00ebtu e\u00a0 ndjehem se jam n\u00eb mes t\u00eb miqve\u201d. \u00a0\u00a0<\/em><\/p>\n<p>&nbsp;<\/p>\n<p>Rasti tjet\u00ebr bujar i Kol\u00eb\u00a0 Pjetrushit ka ndodhur disa vite m\u00eb von\u00eb \u00a0kur pushteti i at\u00ebhersh\u00ebm jugolsllav \u00a0i kishte marr\u00eb\u00a0 \u00a0n\u00eb ushtri \u00a0( Kampin e Titogradit) afro 47 djem t\u00eb ri mal\u00ebsor\u00eb, pa vulnetin e\u00a0 prind\u00ebrve t\u00eb tyre, p\u00ebr t\u00eb luftuar kund\u00ebr gjerman\u00ebve. \u00a0Me t\u00eb d\u00ebgjuar k\u00ebt\u00eb lajm Kol\u00eb Pjetrushi, i brengosur p\u00ebr jet\u00ebn e tyre, shkon te kumbara i tij \u00a0malazez ,Gjoko Mirasheviq, general\u00a0 i ish- Ushtris\u00eb \u00a0s\u00eb\u00a0 Jugosllavis\u00eb, p\u00ebr t\u00eb k\u00ebrkuar lirimin e tyre.\u00a0 P\u00ebr fat t\u00eb mir\u00eb\u00a0 pas\u00a0 pak dit\u00ebsh\u00a0 t\u00eb gjith\u00eb u\u00a0 kthyen sh\u00ebndosh e mir\u00eb n\u00eb sht\u00ebpit\u00eb e tyre.<\/p>\n<p>K\u00ebt\u00eb vep\u00ebr\u00a0 t\u00eb madhe njer\u00ebzore t\u00eb Kol\u00eb Pjetrushit e ka p\u00ebrjet\u00ebsuar \u00a0n\u00eb vargje Palok\u00eb Luni : <em>\u201c\u2026 \u00a0Kol\u00eb Pjetrushi i paska than\u00eb\/ Po i kjaj\u00eb hallin k\u00ebsaj rini\/ Q\u00eb i pruna me i \u00e7ua n\u00eb uhtri\/ Me \u00a0ba luft\u00eb me Gjermani\/ Drua kta djelm i kam mahiret\/ Se kjo lufta po ka adet\/ Krena njer\u00ebzish\u00a0 dek\u00eb i qet\/ Se jan\u00eb t\u00eb ri\u00a0 e t\u2019pa m\u00ebsua\/T\u00eb pa st\u00ebrvitun me luftua \u00a0\/ Por gjeneralit i jan\u00eb drejtua\/\u2026 Predsjednik mos\u00a0 m\u2019u ngushtua\/ Se vesht po\u00a0 e marrim mir\u00eb \u00e7ka thua. Njetash djelmt\u00eb\u00a0 duem me i lirua\/ N\u00eb sht\u00ebpia t\u00eb veta ata me shkua.\/Sa prej gjeneralit ka ndigjua\/ Se djelmo\u00e7at i ka lirua.\/ N\u00eb ushtri ata mos me i \u00e7ua\/ Kol Pjetrushi fort u g\u00ebzua\/ E gjeneralit i ka fal\u00ebnderua\/Ee duert me ta fort i ka shtrengua\/ Priher\u00eb Kola ka dal\u00eb jasht\u00eb\/ Gjith\u00eb rekrutat i tubon bashk\u00eb\/ E me gzim i ka lajmua\/ Jeni t\u00eb lir\u00eb n\u00eb shpi me shkua\/\u2026<\/em><\/p>\n<p>Vepra e tret\u00eb \u00a0fisnike e\u00a0 Kol\u00eb Pjetrushit ka ndodhur pas\u00a0 p\u00ebrfundimit t\u00eb Luft\u00ebs Nacional\u00e7lirimtare, kur ai me autoritetin e tij arrin\u00eb t\u2019i shp\u00ebtoj\u00eb nga pushkatimi 11 vet\u00eb n\u00eb Hot,\u00a0 t\u00eb \u00a0cil\u00ebt pushteti i kishte akuzuar p\u00ebr bashk\u00ebpunim me okupatorin. \u201d <em>\u2026 Se merrni gjinden pa far\u00eb hakut\/ P\u00ebr me i zhduk\u00eb prej ktij bajrakut\/ E e me i vu doni n\u00eb grykn\u2019 e \u00e7arkut\/ Se nuk jan\u00eb anmiq t\u00eb Karadakut \/ E kta 11 vet\u00eb lidh\u00eb i keni marr\u00eb\/ Jan\u00eb t\u00eb pa faj e t\u2019lir\u00eb me i lane\/ Kol\u00eb Pjetrushi sa u ligj\u00ebroj\/ Operacioni hoqi dor\u00eb\/ E i lan\u00eb t\u00eb lir\u00eb n\u00eb shpi me shkua\/ Q\u00eb sa prej tyne\u00a0 i pan\u00eb zatet\/ P\u00ebr me i vra me i ba mushket\/ Por\u00a0 Kol Pjetrushi i pshtoj pa dek\u00eb\u2026\u201d <\/em>shkruan\u00a0 Palok\u00eb Luni , n\u00eb librin e tij.<\/p>\n<p><a href=\"https:\/\/ulqini-online.com\/sajti\/wp-content\/uploads\/2017\/12\/Kol\u00eb-Pjetrushi-Dedvukaj-2.jpg\"><img loading=\"lazy\" decoding=\"async\" class=\"aligncenter wp-image-17051 size-full\" src=\"https:\/\/ulqini-online.com\/sajti\/wp-content\/uploads\/2017\/12\/Kol\u00eb-Pjetrushi-Dedvukaj-2.jpg\" alt=\"\" width=\"400\" height=\"711\" srcset=\"https:\/\/ulqini-online.com\/sajti\/wp-content\/uploads\/2017\/12\/Kol\u00eb-Pjetrushi-Dedvukaj-2.jpg 400w, https:\/\/ulqini-online.com\/sajti\/wp-content\/uploads\/2017\/12\/Kol\u00eb-Pjetrushi-Dedvukaj-2-169x300.jpg 169w\" sizes=\"auto, (max-width: 400px) 100vw, 400px\" \/><\/a><\/p>\n<p>Nga rr\u00ebfimi i \u00a0\u00a0bashk\u00ebbiseduesit ton\u00eb po ashtu m\u00ebsojm\u00eb se Kol\u00eb Pjetrushi,\u00a0 fal\u00eb pesh\u00ebs s\u00eb fjal\u00ebs dhe forc\u00ebs s\u00eb argumentit,\u00a0 ka qen\u00eb pajtimtar gjaqesh \u00a0n\u00eb Hot, Grud\u00eb, Triesh, Koj\u00eb, Kraj\u00eb e\u00a0 Guci. Ve\u00e7 k\u00ebsaj, \u00a0Kola \u00a0\u00a0ka qen\u00eb i angzahuar edhe n\u00eb Bes\u00eblidhjen e Mal\u00ebsis\u00eb bashk\u00eb me\u00a0\u00a0 Gjergj \u00a0Dakun Gjokaj, Nua Vuksanin Jun\u00e7aj, Nik\u00eb Vasin Camaj, Iso Mujin, Kol\u00eb Markun Lulgjuraj, Fran Ma\u00e7in Lucaj, Gjok\u00eb Pr\u00ebtashin\u00a0 Ulaj, Pat\u00ebr Gjergjin, Martin Ivezaj, Liko Manin \u00c7unmulaj, Pjet\u00ebr Dreshaj, Nikoll\u00eb Luc\u00ebn Gjonaj, Rrok Pjetrin Goj\u00e7aj, Pashko Markun Dushaj e shum\u00eb burra\u00a0 t\u00eb tjer\u00eb t\u00eb dalluar n\u00eb Mal\u00ebsi.<\/p>\n<p>P\u00ebr k\u00ebto dhe shum\u00eb \u00a0\u00a0tipare e\u00a0 vepra t\u00eb tjera t\u00eb mira t\u00eb Kol\u00eb Pjetrushit t\u00eb cilat e p\u00ebrcoll\u00ebn\u00a0 prej lindjes, rritjes, burrnimit\u00a0 e deri \u00a0n\u00eb pavdek\u00ebsi,\u00a0 p\u00ebr\u00a0 t\u00eb cilat do t\u00eb duhej nj\u00eb gjurmim\u00a0 serioz, ai ka g\u00ebzuar autorit dhe respekt t\u00eb ve\u00e7ant\u00eb \u00a0n\u00eb mesin e bashk\u00ebkoh\u00ebsve dhe \u00a0bashk\u00ebvendasve t\u00eb tij. \u00a0\u00a0Vajtori i mir\u00ebnjohur nga Traboini i\u00a0 Hotit, Nikoll\u00eb Pr\u00ebka Dushaj,\u00a0 n\u00eb vajtimin e tij kushtuar Pr\u00ebtash Nik\u00eb Zek\u00ebs, ish-kryetarit t\u00eb\u00a0 Komun\u00ebs s\u00eb Tuzit, nd\u00ebr t\u00eb tjera u shpreh: \u201c <em>Nuk e ke lan\u00eb t\u00eb shoqin n\u00eb k\u00ebt\u00eb fush\u00eb\/ Ve\u00e7 ni ka met edhe ni \u00a0Kol\u00eb Pjetrush\u201d. <\/em><\/p>\n<p>Dometh\u00ebn\u00eb\u00a0 se Kol\u00eb Pjetrushi ishte dhe mbeti i \u00a0nderuar\u00a0 n\u00eb Mal\u00ebsi. Si njeri q\u00eb nuk rrahte gjoks, e kryente pun\u00eb. Si\u00a0 burr\u00eb i t\u00eb v\u00ebrtet\u00ebs, i fjal\u00ebs dhe i bes\u00ebs. Dhe nuk ka se si\u00a0 t\u00eb harrohet ky mal\u00ebsor q\u00eb n\u00eb kushte\u00a0 e rrethana t\u00eb rrezikshme shp\u00ebtoi shum\u00eb jet\u00eb njer\u00ebzish.<\/p>\n<p>N\u00eb bot\u00ebn e qytet\u00ebruar\u00a0 njer\u00ebzit q\u00eb shp\u00ebtojn\u00eb \u00a0jet\u00eb \u00a0njer\u00ebzish\u00a0 ( qoft\u00eb edhe nj\u00eb \u00a0t\u00eb\u00a0 vetme njeriu) \u00a0pasurojn\u00eb kombin q\u00eb i takon,\u00a0 sh\u00ebrbejn\u00eb si model p\u00ebr t\u00eb rinjt\u00eb n\u00eb bot\u00eb dhe cil\u00ebsohen si hero. Pse mos t\u00eb jet\u00eb k\u00ebshtu edhe n\u00eb shoq\u00ebrin\u00eb shqiptare!?<\/p>\n<p>Dhe fare n\u00eb p\u00ebrfundim t\u00eb k\u00ebtij shkrimi m\u2019u kujtua\u00a0 nj\u00ebra prej shprehjeve\u00a0 m\u00eb t\u00eb bukura t\u00eb\u00a0 nj\u00eb filmi\u00a0 p\u00ebr mua t\u00eb paharruesh\u00ebm \u201c Lista e Shindlenit\u201d, n\u00eb t\u00eb cilin Oskar Schindler thot\u00eb : \u201cKushdo q\u00eb shp\u00ebton nj\u00eb jet\u00eb, shp\u00ebton gjith\u00eb bot\u00ebn\u201d.<\/p>\n<p>&nbsp;<\/p>\n<p>&nbsp;<\/p>\n<p>&nbsp;<\/p>\n","protected":false},"excerpt":{"rendered":"<p>Rr\u00ebfimi i \u00a0Luigj \u00a0Camaj \u00a0p\u00ebr rrug\u00ebtimin jet\u00ebsor t\u00eb \u00a0Kol\u00eb \u00a0Pjetrushit Dedvukaj &nbsp; Gjek\u00eb Gjonaj Vitet kalojn\u00eb e koh\u00ebt ndryshojn\u00eb.\u00a0 Me kalimin e moteve\u00a0 shum\u00eb\u00e7ka edhe\u00a0\u00a0 harrohet. Por jo edhe kujtesa kolektive e mal\u00ebsor\u00ebve\u00a0\u00a0 p\u00ebr njer\u00ebz e ngjarje\u00a0 t\u00eb r\u00ebnd\u00ebsishme.\u00a0 Rr\u00ebfimet\u00a0 dhe d\u00ebshmit\u00eb \u00a0\u00a0p\u00ebr burrat e respektuar n\u00eb Mal\u00ebsi\u00a0 ruhen dhe p\u00ebrcillen nga brezi n\u00eb brez.\u00a0 [&hellip;]<\/p>\n","protected":false},"author":1,"featured_media":17052,"comment_status":"closed","ping_status":"open","sticky":false,"template":"","format":"standard","meta":{"_seopress_robots_primary_cat":"","_seopress_titles_title":"","_seopress_titles_desc":"","_seopress_robots_index":"","footnotes":""},"categories":[2,15],"tags":[1523,1524],"class_list":["post-17050","post","type-post","status-publish","format-standard","has-post-thumbnail","hentry","category-aktualitet","category-portrete","tag-kole-pjetrushi","tag-luigj-camaj"],"_links":{"self":[{"href":"https:\/\/ulqini-online.com\/sajti\/index.php?rest_route=\/wp\/v2\/posts\/17050","targetHints":{"allow":["GET"]}}],"collection":[{"href":"https:\/\/ulqini-online.com\/sajti\/index.php?rest_route=\/wp\/v2\/posts"}],"about":[{"href":"https:\/\/ulqini-online.com\/sajti\/index.php?rest_route=\/wp\/v2\/types\/post"}],"author":[{"embeddable":true,"href":"https:\/\/ulqini-online.com\/sajti\/index.php?rest_route=\/wp\/v2\/users\/1"}],"replies":[{"embeddable":true,"href":"https:\/\/ulqini-online.com\/sajti\/index.php?rest_route=%2Fwp%2Fv2%2Fcomments&post=17050"}],"version-history":[{"count":1,"href":"https:\/\/ulqini-online.com\/sajti\/index.php?rest_route=\/wp\/v2\/posts\/17050\/revisions"}],"predecessor-version":[{"id":17053,"href":"https:\/\/ulqini-online.com\/sajti\/index.php?rest_route=\/wp\/v2\/posts\/17050\/revisions\/17053"}],"wp:featuredmedia":[{"embeddable":true,"href":"https:\/\/ulqini-online.com\/sajti\/index.php?rest_route=\/wp\/v2\/media\/17052"}],"wp:attachment":[{"href":"https:\/\/ulqini-online.com\/sajti\/index.php?rest_route=%2Fwp%2Fv2%2Fmedia&parent=17050"}],"wp:term":[{"taxonomy":"category","embeddable":true,"href":"https:\/\/ulqini-online.com\/sajti\/index.php?rest_route=%2Fwp%2Fv2%2Fcategories&post=17050"},{"taxonomy":"post_tag","embeddable":true,"href":"https:\/\/ulqini-online.com\/sajti\/index.php?rest_route=%2Fwp%2Fv2%2Ftags&post=17050"}],"curies":[{"name":"wp","href":"https:\/\/api.w.org\/{rel}","templated":true}]}}