{"id":17031,"date":"2017-12-25T15:43:30","date_gmt":"2017-12-25T14:43:30","guid":{"rendered":"http:\/\/ulqini-online.com\/sajti\/?p=17031"},"modified":"2017-12-25T15:50:42","modified_gmt":"2017-12-25T14:50:42","slug":"ura-lancoi-programin-fitues-per-ulqin","status":"publish","type":"post","link":"https:\/\/ulqini-online.com\/sajti\/?p=17031","title":{"rendered":"&#8221;URA lan\u00e7oi programin fitues p\u00ebr Ulqin&#8221;"},"content":{"rendered":"<p><a href=\"https:\/\/ulqini-online.com\/sajti\/wp-content\/uploads\/2017\/12\/ura-ulqin-shaptafi-bajraktari-harasani.jpg\"><img loading=\"lazy\" decoding=\"async\" class=\"aligncenter wp-image-17032 size-full\" src=\"https:\/\/ulqini-online.com\/sajti\/wp-content\/uploads\/2017\/12\/ura-ulqin-shaptafi-bajraktari-harasani.jpg\" alt=\"\" width=\"675\" height=\"450\" srcset=\"https:\/\/ulqini-online.com\/sajti\/wp-content\/uploads\/2017\/12\/ura-ulqin-shaptafi-bajraktari-harasani.jpg 675w, https:\/\/ulqini-online.com\/sajti\/wp-content\/uploads\/2017\/12\/ura-ulqin-shaptafi-bajraktari-harasani-300x200.jpg 300w\" sizes=\"auto, (max-width: 675px) 100vw, 675px\" \/><\/a><\/p>\n<p><strong>L\u00ebvizja qytetar\u00ebve URAka dalur me nj\u00eb kumtes\u00eb p\u00ebr opinion rreth fillimit t\u00eb edhe zyrtarisht t\u00eb fushat\u00ebs zgjedhore t\u00eb k\u00ebtij subjekti politik. Kumtesen e plot\u00eb mund ta lexoni m\u00eb posht\u00eb.<br \/>\n<\/strong><\/p>\n<p><em>Ulqin | 25.12.2017. L\u00ebvizja qytetar\u00ebve URA lan\u00e7oi sot programin fitues p\u00ebr Ulqin, me t\u00eb cilin dhe zyrtarisht filloi fushat\u00ebn zgjedhore. Programi quhet #URAp\u00ebrUlqin | #UlqiniGjenerataveT\u00ebReja dhe bazohet n\u00eb n\u00eb vizion t\u00eb politikave p\u00ebrgjegj\u00ebse p\u00ebr zhvillimin e qytetit dhe krijimin e mir\u00ebqenies.<\/em><\/p>\n<p><em>&#8211; Kemi hartuar p\u00ebrgjigje p\u00ebr probleme dhe nevoja ky\u00e7e t\u00eb qytetar\u00ebve t\u00eb komun\u00ebs s\u00eb Ulqinit n\u00eb 16 fusha t\u00eb jet\u00ebs shoq\u00ebrore. P\u00ebr secilen prej tyre kemi krijuar nj\u00eb politik\u00eb t\u00eb ve\u00e7ant\u00eb p\u00ebr t\u00eb demonstruar vendosm\u00ebri, p\u00ebrgjegj\u00ebsi dhe angazhim, tha kryetari i k\u00ebsaj l\u00ebvizjeje, <strong>Dritan Abazoviq<\/strong>. Ai vuri n\u00eb pah se fushata \u00ebsht\u00eb inovative sepse bazohet n\u00eb zbatim t\u00eb drejtp\u00ebrdrejt\u00eb t\u00eb politikave, n\u00eb vend t\u00eb premtimeve klasike parazgjedhore. Politikat p\u00ebrgjegj\u00ebse dhe reale pasqyrojn\u00eb nj\u00eb konsensus t\u00eb gjer\u00eb dhe se ato mund t\u00eb realizohen menj\u00ebher\u00eb, madje dhe para fitores n\u00eb zgjedhje. Fushata jon\u00eb paraqitet si ndryshim n\u00eb paradigm\u00ebn politike jo vet\u00ebm n\u00eb Mal t\u00eb Zi, por edhe n\u00eb rajon.<\/em><\/p>\n<p><em>Kryetari i k\u00ebshillit komunal <strong>Omer Bajraktari<\/strong> shpreh k\u00ebnaq\u00ebsi t\u00eb ve\u00e7ant\u00eb dhe krenari p\u00ebr politikat e zhvilluara nga ekspert\u00eb t\u00eb rinj dhe t\u00eb motivuar n\u00eb bisedime t\u00eb drejtp\u00ebrdrejta dhe disa mujore me qytetar\u00ebt dhe pal\u00ebt e interesuara.<\/em><\/p>\n<p><em>&#8211; Kemi fituar impulse p\u00ebr strategji afatgjata q\u00eb do t\u00eb \u00e7ojn\u00eb n\u00eb zhvillim ekonomik dhe do t\u00eb rrisin cil\u00ebsin\u00eb e jet\u00ebs. Kemi zgjidhje reale dhe t\u00eb q\u00ebndrueshme p\u00ebr problemet dhe nevojat ky\u00e7e p\u00ebr financave publike, qeverisjes lokale, urbanizmit, investimeve kapitale, ekonomis\u00eb, turizmit, bujq\u00ebsis\u00eb, sip\u00ebrmarrjes s\u00eb grave, ekologjis\u00eb, kultur\u00ebs, rinis\u00eb, sportit, diaspor\u00ebs, sociale dhe sh\u00ebndet\u00ebsore. Presim reagime t\u00eb fuqishme publike dhe mb\u00ebshtetje masive n\u00eb zgjedhje. Kemi vendosur standarde t\u00eb atilla q\u00eb do t\u00eb nxisin p\u00ebrgjegj\u00ebsin\u00eb p\u00ebr premtimet parazgjedhore, dhe do t\u00eb nisim ta b\u00ebjm\u00eb Ulqinin djep t\u00eb kultur\u00ebs s\u00eb re politike n\u00eb Mal t\u00eb Zi dhe n\u00eb rajon &#8211; tha Bajraktari.<\/em><\/p>\n<p><em>T\u00eb gjitha politikat kan\u00eb shprehjen e vet vizuale n\u00eb m\u00ebnyr\u00eb q\u00eb t\u00eb gjejn\u00eb rrug\u00ebn e leht\u00eb drejt votuesit dhe at\u00eb n\u00eb t\u00eb dyja gjuh\u00ebt, q\u00eb sh\u00ebrben si nj\u00eb tregues dhe mates indikativ i fazave t\u00eb realizuara. Qytetar\u00ebt mund t\u00eb nd\u00ebrveprojn\u00eb me krijuesit e politikave p\u00ebrmes platforms <a href=\"https:\/\/ura-ulqin.jimdosite.com\/\">https:\/\/ura-ulqin.jimdosite.com\/<\/a>\u00a0si mund\u00ebsi direkte q\u00eb nevojat e veta ti inkuadrojn\u00eb n\u00eb programin kat\u00ebrvje\u00e7ar.<\/em><\/p>\n<p>&nbsp;<\/p>\n<p><em>Kontaktet p\u00ebr media:<\/em><\/p>\n<p><em>Omer Bajraktari | Tel: 069 270 074 | Email:\u00a0<a href=\"mailto:ura.dolcino@gmail.com\">ura.dolcino@gmail.com<\/a>\u00a0|\u00a0<a href=\"https:\/\/ura-ulqin.jimdosite.com\/\">https:\/\/ura-ulqin.jimdosite.com\/<\/a><\/em><\/p>\n<p>&nbsp;<\/p>\n<p><em>#URAp\u00ebrUlqinin | #UlqiniGjenerataveT\u00ebReja<\/em><\/p>\n<p>&nbsp;<\/p>\n<p><strong><em>Publikimi i shkrimeve t\u00eb fushat\u00ebs zgjedhore nuk paraqet edhe preferencat politike t\u00eb web faqes Ulqini Online.<\/em><\/strong><\/p>\n<p>&nbsp;<\/p>\n","protected":false},"excerpt":{"rendered":"<p>L\u00ebvizja qytetar\u00ebve URAka dalur me nj\u00eb kumtes\u00eb p\u00ebr opinion rreth fillimit t\u00eb edhe zyrtarisht t\u00eb fushat\u00ebs zgjedhore t\u00eb k\u00ebtij subjekti politik. Kumtesen e plot\u00eb mund ta lexoni m\u00eb posht\u00eb. Ulqin | 25.12.2017. L\u00ebvizja qytetar\u00ebve URA lan\u00e7oi sot programin fitues p\u00ebr Ulqin, me t\u00eb cilin dhe zyrtarisht filloi fushat\u00ebn zgjedhore. Programi quhet #URAp\u00ebrUlqin | #UlqiniGjenerataveT\u00ebReja dhe [&hellip;]<\/p>\n","protected":false},"author":1,"featured_media":17032,"comment_status":"closed","ping_status":"open","sticky":false,"template":"","format":"standard","meta":{"_seopress_robots_primary_cat":"","_seopress_titles_title":"","_seopress_titles_desc":"","_seopress_robots_index":"","footnotes":""},"categories":[2,3],"tags":[],"class_list":["post-17031","post","type-post","status-publish","format-standard","has-post-thumbnail","hentry","category-aktualitet","category-politike"],"_links":{"self":[{"href":"https:\/\/ulqini-online.com\/sajti\/index.php?rest_route=\/wp\/v2\/posts\/17031","targetHints":{"allow":["GET"]}}],"collection":[{"href":"https:\/\/ulqini-online.com\/sajti\/index.php?rest_route=\/wp\/v2\/posts"}],"about":[{"href":"https:\/\/ulqini-online.com\/sajti\/index.php?rest_route=\/wp\/v2\/types\/post"}],"author":[{"embeddable":true,"href":"https:\/\/ulqini-online.com\/sajti\/index.php?rest_route=\/wp\/v2\/users\/1"}],"replies":[{"embeddable":true,"href":"https:\/\/ulqini-online.com\/sajti\/index.php?rest_route=%2Fwp%2Fv2%2Fcomments&post=17031"}],"version-history":[{"count":5,"href":"https:\/\/ulqini-online.com\/sajti\/index.php?rest_route=\/wp\/v2\/posts\/17031\/revisions"}],"predecessor-version":[{"id":17039,"href":"https:\/\/ulqini-online.com\/sajti\/index.php?rest_route=\/wp\/v2\/posts\/17031\/revisions\/17039"}],"wp:featuredmedia":[{"embeddable":true,"href":"https:\/\/ulqini-online.com\/sajti\/index.php?rest_route=\/wp\/v2\/media\/17032"}],"wp:attachment":[{"href":"https:\/\/ulqini-online.com\/sajti\/index.php?rest_route=%2Fwp%2Fv2%2Fmedia&parent=17031"}],"wp:term":[{"taxonomy":"category","embeddable":true,"href":"https:\/\/ulqini-online.com\/sajti\/index.php?rest_route=%2Fwp%2Fv2%2Fcategories&post=17031"},{"taxonomy":"post_tag","embeddable":true,"href":"https:\/\/ulqini-online.com\/sajti\/index.php?rest_route=%2Fwp%2Fv2%2Ftags&post=17031"}],"curies":[{"name":"wp","href":"https:\/\/api.w.org\/{rel}","templated":true}]}}