{"id":17026,"date":"2017-12-25T15:32:32","date_gmt":"2017-12-25T14:32:32","guid":{"rendered":"http:\/\/ulqini-online.com\/sajti\/?p=17026"},"modified":"2017-12-25T15:37:30","modified_gmt":"2017-12-25T14:37:30","slug":"dps-pas-zgjedhjeve-do-te-marre-edhe-ndermarrjet-publike-ne-ulqin","status":"publish","type":"post","link":"https:\/\/ulqini-online.com\/sajti\/?p=17026","title":{"rendered":"DPS pas zgjedhjeve do t\u00eb marr\u00eb edhe nd\u00ebrmarrjet publike n\u00eb Ulqin"},"content":{"rendered":"<div dir=\"ltr\">\n<figure id=\"attachment_993\" aria-describedby=\"caption-attachment-993\" style=\"width: 407px\" class=\"wp-caption aligncenter\"><a href=\"https:\/\/ulqini-online.com\/sajti\/wp-content\/uploads\/2014\/12\/Ujesjellesi-ulqinit.jpg\"><img loading=\"lazy\" decoding=\"async\" class=\"wp-image-993 size-full\" src=\"https:\/\/ulqini-online.com\/sajti\/wp-content\/uploads\/2014\/12\/Ujesjellesi-ulqinit.jpg\" alt=\"\" width=\"407\" height=\"302\" srcset=\"https:\/\/ulqini-online.com\/sajti\/wp-content\/uploads\/2014\/12\/Ujesjellesi-ulqinit.jpg 407w, https:\/\/ulqini-online.com\/sajti\/wp-content\/uploads\/2014\/12\/Ujesjellesi-ulqinit-300x223.jpg 300w\" sizes=\"auto, (max-width: 407px) 100vw, 407px\" \/><\/a><figcaption id=\"caption-attachment-993\" class=\"wp-caption-text\">Ilustrim: NP Ujesjellesi dhe kanalizimi<\/figcaption><\/figure>\n<p class=\"gmail-MsoNormal\">Zyrtari i lart\u00eb i DPS-it Luigj Shkrela p\u00ebr t\u00eb p\u00ebrditshmen DN ka deklaruar se partia e tij duhet q\u00eb t\u00eb marr\u00eb p\u00ebrgjegj\u00ebsit\u00eb e plota p\u00ebr Ulqinin, ku p\u00ebrve\u00e7 t\u00eb parit t\u00eb komun\u00ebs do t\u00eb pretendojn\u00eb t\u00eb marrin edhe nd\u00ebrmarrjet publike t\u00eb cilat deri tani, prej nga fillimi i sistemit shum\u00ebpartiak, \u00a0asnj\u00ebher\u00eb nuk kan\u00eb qen\u00eb t\u00eb udh\u00ebhequr nga kuadrot e k\u00ebtij subjekti.<br \/>\n\u2018\u2019\u00cbsht\u00eb koha q\u00eb t\u00eb nd\u00ebrrohet qeveria dhe DPS t\u00eb marr\u00eb p\u00ebrgjegj\u00ebsit\u00eb e plota p\u00ebr zhvillimin e Ulqinit. Asnj\u00ebher\u00eb n\u00eb pluraliz\u00ebm DPS nuk ka pas\u00eb kryetarin e Komun\u00ebs s\u00eb Ulqinit, asnjher\u00eb pozit\u00ebn e drejtorit n\u00eb ndonj\u00ebr\u00ebn nd\u00ebrmarrje publike, t\u00eb cilat sot jan\u00eb n\u00eb minus. Kurse faj\u00ebsojn\u00eb DPSI-in. Kjo ndoshta \u00ebsht\u00eb e kohes, q\u00eb p\u00ebr \u00e7do gj\u00eb t\u00eb jet\u00eb fajtor DPS dhe Millo Gjukanoviq\u2019\u2019, shprehet Shkrela p\u00ebr DN.<\/p>\n<p class=\"gmail-MsoNormal\">N\u00eb qeverisjen aktuale n\u00eb Ulqin p\u00ebrve\u00e7 t\u00eb gjitha partive shqiptare n\u00eb qeveri \u00ebsht\u00eb edhe DPS-i.<\/p>\n<\/div>\n","protected":false},"excerpt":{"rendered":"<p>Zyrtari i lart\u00eb i DPS-it Luigj Shkrela p\u00ebr t\u00eb p\u00ebrditshmen DN ka deklaruar se partia e tij duhet q\u00eb t\u00eb marr\u00eb p\u00ebrgjegj\u00ebsit\u00eb e plota p\u00ebr Ulqinin, ku p\u00ebrve\u00e7 t\u00eb parit t\u00eb komun\u00ebs do t\u00eb pretendojn\u00eb t\u00eb marrin edhe nd\u00ebrmarrjet publike t\u00eb cilat deri tani, prej nga fillimi i sistemit shum\u00ebpartiak, \u00a0asnj\u00ebher\u00eb nuk kan\u00eb qen\u00eb t\u00eb [&hellip;]<\/p>\n","protected":false},"author":1,"featured_media":993,"comment_status":"closed","ping_status":"open","sticky":false,"template":"","format":"standard","meta":{"_seopress_robots_primary_cat":"","_seopress_titles_title":"","_seopress_titles_desc":"","_seopress_robots_index":"","footnotes":""},"categories":[2,3],"tags":[1520,1521],"class_list":["post-17026","post","type-post","status-publish","format-standard","has-post-thumbnail","hentry","category-aktualitet","category-politike","tag-dps-ulqin","tag-luigj-shkrela-ulqin"],"_links":{"self":[{"href":"https:\/\/ulqini-online.com\/sajti\/index.php?rest_route=\/wp\/v2\/posts\/17026","targetHints":{"allow":["GET"]}}],"collection":[{"href":"https:\/\/ulqini-online.com\/sajti\/index.php?rest_route=\/wp\/v2\/posts"}],"about":[{"href":"https:\/\/ulqini-online.com\/sajti\/index.php?rest_route=\/wp\/v2\/types\/post"}],"author":[{"embeddable":true,"href":"https:\/\/ulqini-online.com\/sajti\/index.php?rest_route=\/wp\/v2\/users\/1"}],"replies":[{"embeddable":true,"href":"https:\/\/ulqini-online.com\/sajti\/index.php?rest_route=%2Fwp%2Fv2%2Fcomments&post=17026"}],"version-history":[{"count":4,"href":"https:\/\/ulqini-online.com\/sajti\/index.php?rest_route=\/wp\/v2\/posts\/17026\/revisions"}],"predecessor-version":[{"id":17030,"href":"https:\/\/ulqini-online.com\/sajti\/index.php?rest_route=\/wp\/v2\/posts\/17026\/revisions\/17030"}],"wp:featuredmedia":[{"embeddable":true,"href":"https:\/\/ulqini-online.com\/sajti\/index.php?rest_route=\/wp\/v2\/media\/993"}],"wp:attachment":[{"href":"https:\/\/ulqini-online.com\/sajti\/index.php?rest_route=%2Fwp%2Fv2%2Fmedia&parent=17026"}],"wp:term":[{"taxonomy":"category","embeddable":true,"href":"https:\/\/ulqini-online.com\/sajti\/index.php?rest_route=%2Fwp%2Fv2%2Fcategories&post=17026"},{"taxonomy":"post_tag","embeddable":true,"href":"https:\/\/ulqini-online.com\/sajti\/index.php?rest_route=%2Fwp%2Fv2%2Ftags&post=17026"}],"curies":[{"name":"wp","href":"https:\/\/api.w.org\/{rel}","templated":true}]}}