{"id":16940,"date":"2017-12-15T12:46:54","date_gmt":"2017-12-15T11:46:54","guid":{"rendered":"http:\/\/ulqini-online.com\/sajti\/?p=16940"},"modified":"2017-12-15T13:11:11","modified_gmt":"2017-12-15T12:11:11","slug":"gjyqtarit-i-konfiskohet-shtepia-dhe-livadhi-ne-ulqin","status":"publish","type":"post","link":"https:\/\/ulqini-online.com\/sajti\/?p=16940","title":{"rendered":"Gjyqtarit i konfiskohet sht\u00ebpia dhe livadhi n\u00eb Ulqin"},"content":{"rendered":"<p><a href=\"https:\/\/ulqini-online.com\/sajti\/wp-content\/uploads\/2017\/12\/Gjykata-e-Apelit-kosove.jpg\"><img loading=\"lazy\" decoding=\"async\" class=\"aligncenter wp-image-16941 size-full\" src=\"https:\/\/ulqini-online.com\/sajti\/wp-content\/uploads\/2017\/12\/Gjykata-e-Apelit-kosove.jpg\" alt=\"\" width=\"609\" height=\"350\" srcset=\"https:\/\/ulqini-online.com\/sajti\/wp-content\/uploads\/2017\/12\/Gjykata-e-Apelit-kosove.jpg 609w, https:\/\/ulqini-online.com\/sajti\/wp-content\/uploads\/2017\/12\/Gjykata-e-Apelit-kosove-300x172.jpg 300w\" sizes=\"auto, (max-width: 609px) 100vw, 609px\" \/><\/a><\/p>\n<p>Gjyqtarit Kol\u00eb Puka, i \u00ebsht\u00eb konfiskuar krejt pasuria q\u00eb e ka b\u00ebr\u00eb deri m\u00eb tash. Gjykate e Apelit ka marr vendim q\u00eb Puk\u00ebs ti merret pasuria prej nj\u00eb milion eurove. \u201cNga i akuzuari jan\u00eb konfiskuar paluajtshm\u00ebrit\u00eb e p\u00ebrfituara nga kryerja e vepr\u00ebs penale m\u00eb vler\u00eb mbi nj\u00eb milion euro ( 1.000.000.00 ) dhe at\u00eb, nj\u00eb banes\u00eb n\u00eb Klin\u00eb, nj\u00eb banes\u00eb n\u00eb Prishtin\u00eb, patundshm\u00ebria (n\u00eb t\u00eb cil\u00ebn \u00ebsht\u00eb e nd\u00ebrtuar nj\u00eb sht\u00ebpi) n\u00eb Ulqin, t\u00eb Malit t\u00eb Zi, n\u00eb sip\u00ebrfaqe prej 308m2, , patundshm\u00ebria (livadh) po n\u00eb Ulqin, n\u00eb sip\u00ebrfaqe prej 171m2, , nj\u00eb lokal afarist n\u00eb Klin\u00eb, nj\u00eb automjeti \u201cAudi A6\u201d, si dhe mjetet financiare nga shtija e dy lokaleve afariste\u201d, thuhet n\u00eb njoftimin e Gjykat\u00ebs, shkruan gazeta Fjala.<\/p>\n<p>Ky \u00ebsht\u00eb njoftimi i plot\u00eb i Gjykat\u00ebs s\u00eb Apelit<\/p>\n<p>T\u00eb akuzuarit K.P., i v\u00ebrtetohet d\u00ebnimi m\u00eb burgim dhe konfiskimi i pasuris\u00eb m\u00eb vler\u00eb mbi nj\u00eb milion euro<\/p>\n<p>Gjykata e Apelit e Kosov\u00ebs ka vendosur sipas ankesave n\u00eb rastin e t\u00eb akuzuarit K.P. Aktgjykimi i Gjykat\u00ebs Themelore n\u00eb Prishtin\u00eb, i dat\u00ebs 28.06.2017, n\u00eb pjes\u00ebn m\u00eb t\u00eb madhe t\u00eb tij \u00ebsht\u00eb v\u00ebrtetuar.<\/p>\n<p>K\u00ebshtu, p\u00ebr veprat penale: \u201c Nxjerrja e kund\u00ebrligjshme e vendimeve gjyq\u00ebsore\u201d, nga neni 432 t\u00eb Kodit Penal t\u00eb Republik\u00ebs s\u00eb Kosov\u00ebs, \u201cKeqp\u00ebrdorimi i pozit\u00ebs apo autoriteti zyrtar,\u201d nga neni 422 i k\u00ebtij kodi, si dhe vepr\u00ebn penale \u201cParandalimi i pastrimit t\u00eb parave dhe luftimi i pastrimit t\u00eb terrorizmit\u201d, i akuzuari \u00ebsht\u00eb d\u00ebnuar m\u00eb 3 vjet e 6 muaj burgim dhe 3.000(tremij\u00eb)euro gjob\u00eb.<\/p>\n<p>Atij i \u00ebsht\u00eb ndaluar ushtrimit i funksioneve n\u00eb administrat\u00ebn publike ose n\u00eb sh\u00ebrbim publike si dhe ushtrimi i profesionit t\u00eb avokatit, n\u00eb koh\u00ebzgjatje prej 3 vjet\u00ebve, pas mbajtjes s\u00eb d\u00ebnimit me burgim.<\/p>\n<p>Nga i akuzuari jan\u00eb konfiskuar paluajtshm\u00ebrit\u00eb e p\u00ebrfituara nga kryerja e vepr\u00ebs penale m\u00eb vler\u00eb mbi nj\u00eb milion euro ( 1.000.000.00 ) dhe at\u00eb, nj\u00eb banes\u00eb n\u00eb Klin\u00eb, nj\u00eb banes\u00eb n\u00eb Prishtin\u00eb, patundshm\u00ebria (n\u00eb t\u00eb cil\u00ebn \u00ebsht\u00eb e nd\u00ebrtuar nj\u00eb sht\u00ebpi) n\u00eb Ulqin, t\u00eb Malit t\u00eb Zi, n\u00eb sip\u00ebrfaqe prej 308m2, , patundshm\u00ebria (livadh) po n\u00eb Ulqin, n\u00eb sip\u00ebrfaqe prej 171m2, , nj\u00eb lokal afarist n\u00eb Klin\u00eb, nj\u00eb automjeti \u201cAudi A6\u201d, si dhe mjetet financiare nga shtija e dy lokaleve afariste.<\/p>\n","protected":false},"excerpt":{"rendered":"<p>Gjyqtarit Kol\u00eb Puka, i \u00ebsht\u00eb konfiskuar krejt pasuria q\u00eb e ka b\u00ebr\u00eb deri m\u00eb tash. Gjykate e Apelit ka marr vendim q\u00eb Puk\u00ebs ti merret pasuria prej nj\u00eb milion eurove. \u201cNga i akuzuari jan\u00eb konfiskuar paluajtshm\u00ebrit\u00eb e p\u00ebrfituara nga kryerja e vepr\u00ebs penale m\u00eb vler\u00eb mbi nj\u00eb milion euro ( 1.000.000.00 ) dhe at\u00eb, nj\u00eb [&hellip;]<\/p>\n","protected":false},"author":1,"featured_media":16941,"comment_status":"closed","ping_status":"open","sticky":false,"template":"","format":"standard","meta":{"_seopress_robots_primary_cat":"","_seopress_titles_title":"","_seopress_titles_desc":"","_seopress_robots_index":"","footnotes":""},"categories":[2,4],"tags":[],"class_list":["post-16940","post","type-post","status-publish","format-standard","has-post-thumbnail","hentry","category-aktualitet","category-kronike"],"_links":{"self":[{"href":"https:\/\/ulqini-online.com\/sajti\/index.php?rest_route=\/wp\/v2\/posts\/16940","targetHints":{"allow":["GET"]}}],"collection":[{"href":"https:\/\/ulqini-online.com\/sajti\/index.php?rest_route=\/wp\/v2\/posts"}],"about":[{"href":"https:\/\/ulqini-online.com\/sajti\/index.php?rest_route=\/wp\/v2\/types\/post"}],"author":[{"embeddable":true,"href":"https:\/\/ulqini-online.com\/sajti\/index.php?rest_route=\/wp\/v2\/users\/1"}],"replies":[{"embeddable":true,"href":"https:\/\/ulqini-online.com\/sajti\/index.php?rest_route=%2Fwp%2Fv2%2Fcomments&post=16940"}],"version-history":[{"count":1,"href":"https:\/\/ulqini-online.com\/sajti\/index.php?rest_route=\/wp\/v2\/posts\/16940\/revisions"}],"predecessor-version":[{"id":16942,"href":"https:\/\/ulqini-online.com\/sajti\/index.php?rest_route=\/wp\/v2\/posts\/16940\/revisions\/16942"}],"wp:featuredmedia":[{"embeddable":true,"href":"https:\/\/ulqini-online.com\/sajti\/index.php?rest_route=\/wp\/v2\/media\/16941"}],"wp:attachment":[{"href":"https:\/\/ulqini-online.com\/sajti\/index.php?rest_route=%2Fwp%2Fv2%2Fmedia&parent=16940"}],"wp:term":[{"taxonomy":"category","embeddable":true,"href":"https:\/\/ulqini-online.com\/sajti\/index.php?rest_route=%2Fwp%2Fv2%2Fcategories&post=16940"},{"taxonomy":"post_tag","embeddable":true,"href":"https:\/\/ulqini-online.com\/sajti\/index.php?rest_route=%2Fwp%2Fv2%2Ftags&post=16940"}],"curies":[{"name":"wp","href":"https:\/\/api.w.org\/{rel}","templated":true}]}}