{"id":16934,"date":"2017-12-14T18:44:34","date_gmt":"2017-12-14T17:44:34","guid":{"rendered":"http:\/\/ulqini-online.com\/sajti\/?p=16934"},"modified":"2017-12-14T19:06:51","modified_gmt":"2017-12-14T18:06:51","slug":"cdo-gje-gati-per-shpalljen-e-tenderit-per-fillimin-e-punimeve-ne-kater-lagje-te-qytetit-per-te-zgjidhur-ceshtjen-e-ujrave-te-zeza","status":"publish","type":"post","link":"https:\/\/ulqini-online.com\/sajti\/?p=16934","title":{"rendered":"Cdo gj\u00eb gati p\u00ebr shpalljen e tenderit p\u00ebr fillimin e punimeve n\u00eb kat\u00ebr lagje t\u00eb qytetit p\u00ebr t\u00eb zgjidhur \u00e7eshtjen e ujrave t\u00eb zeza"},"content":{"rendered":"<p><strong><a href=\"https:\/\/ulqini-online.com\/sajti\/wp-content\/uploads\/2017\/12\/ujerat-e-zeza-proejkti.jpg\"><img loading=\"lazy\" decoding=\"async\" class=\"aligncenter wp-image-16935 size-full\" src=\"https:\/\/ulqini-online.com\/sajti\/wp-content\/uploads\/2017\/12\/ujerat-e-zeza-proejkti.jpg\" alt=\"\" width=\"679\" height=\"450\" srcset=\"https:\/\/ulqini-online.com\/sajti\/wp-content\/uploads\/2017\/12\/ujerat-e-zeza-proejkti.jpg 679w, https:\/\/ulqini-online.com\/sajti\/wp-content\/uploads\/2017\/12\/ujerat-e-zeza-proejkti-300x199.jpg 300w\" sizes=\"auto, (max-width: 679px) 100vw, 679px\" \/><\/a><\/strong><\/p>\n<p>Sot, n\u00eb prani t\u00eb zyrtar\u00ebve\u00a0 komunal pas\u00a0 nj\u00eb kohe t\u00eb gjat\u00eb pritjeje u n\u00ebnshkrua\u00a0 vendimi\u00a0 i lejes s\u00eb nd\u00ebrtimit p\u00ebr\u00a0 fillimin e pun\u00ebve\u00a0 p\u00ebr rregullimin nj\u00ebher\u00eb e p\u00ebrgjithmon\u00eb t\u00eb\u00a0 ujrave t\u00eb zeza\u00a0 n\u00eb kat\u00ebr lagje t\u00eb qytetit ton\u00eb\u00a0 konkretisht n\u00eb\u00a0 Kodra, Totosh, Mali i Bardh\u00eb\u00a0 dhe Bratic\u00eb, mesohet nga Komuna e Ulqinit.<\/p>\n<p>Kryetari Cungu\u00a0 k\u00ebt\u00eb\u00a0 e cil\u00ebsoi si moment historik p\u00ebr komun\u00ebn ton\u00eb\u00a0 i cili do ti jap\u00eb\u00a0 zgjidhje\u00a0 problemit t\u00eb ujrave t\u00eb zeza jo vet\u00ebm p\u00ebr lagjet\u00a0 e p\u00ebrfshira por edhe p\u00ebr Kanalin Port Milena.<\/p>\n<p>Ky projekt q\u00eb mb\u00ebshtetet nga Banka Evropiane ka vler\u00ebn\u00a0 rreth pes\u00eb million euro dhe \u00ebsht\u00eb investimi m\u00eb i madh\u00a0 q\u00eb realizohet n\u00eb Ulqin\u00a0 viteve t\u00eb fundit. Kryetari Cungu\u00a0 tha q\u00eb\u00a0 Komuna e Ulqinit insiston q\u00eb tenderi nd\u00ebrkomb\u00ebtar\u00a0 t\u00eb shpallet sa m\u00eb par\u00eb. Andaj,\u00a0 komisioni I tenderit takimine par\u00eb do ta ket\u00eb\u00a0 dit\u00ebn e h\u00ebn\u00eb, nd\u00ebrkoh\u00eb q\u00eb\u00a0 realizimi I projektit parashihet\u00a0 t\u00eb zgjas\u00eb 12 muaj.<\/p>\n","protected":false},"excerpt":{"rendered":"<p>Sot, n\u00eb prani t\u00eb zyrtar\u00ebve\u00a0 komunal pas\u00a0 nj\u00eb kohe t\u00eb gjat\u00eb pritjeje u n\u00ebnshkrua\u00a0 vendimi\u00a0 i lejes s\u00eb nd\u00ebrtimit p\u00ebr\u00a0 fillimin e pun\u00ebve\u00a0 p\u00ebr rregullimin nj\u00ebher\u00eb e p\u00ebrgjithmon\u00eb t\u00eb\u00a0 ujrave t\u00eb zeza\u00a0 n\u00eb kat\u00ebr lagje t\u00eb qytetit ton\u00eb\u00a0 konkretisht n\u00eb\u00a0 Kodra, Totosh, Mali i Bardh\u00eb\u00a0 dhe Bratic\u00eb, mesohet nga Komuna e Ulqinit. Kryetari Cungu\u00a0 k\u00ebt\u00eb\u00a0 [&hellip;]<\/p>\n","protected":false},"author":1,"featured_media":16935,"comment_status":"closed","ping_status":"open","sticky":false,"template":"","format":"standard","meta":{"_seopress_robots_primary_cat":"","_seopress_titles_title":"","_seopress_titles_desc":"","_seopress_robots_index":"","footnotes":""},"categories":[2,4],"tags":[],"class_list":["post-16934","post","type-post","status-publish","format-standard","has-post-thumbnail","hentry","category-aktualitet","category-kronike"],"_links":{"self":[{"href":"https:\/\/ulqini-online.com\/sajti\/index.php?rest_route=\/wp\/v2\/posts\/16934","targetHints":{"allow":["GET"]}}],"collection":[{"href":"https:\/\/ulqini-online.com\/sajti\/index.php?rest_route=\/wp\/v2\/posts"}],"about":[{"href":"https:\/\/ulqini-online.com\/sajti\/index.php?rest_route=\/wp\/v2\/types\/post"}],"author":[{"embeddable":true,"href":"https:\/\/ulqini-online.com\/sajti\/index.php?rest_route=\/wp\/v2\/users\/1"}],"replies":[{"embeddable":true,"href":"https:\/\/ulqini-online.com\/sajti\/index.php?rest_route=%2Fwp%2Fv2%2Fcomments&post=16934"}],"version-history":[{"count":4,"href":"https:\/\/ulqini-online.com\/sajti\/index.php?rest_route=\/wp\/v2\/posts\/16934\/revisions"}],"predecessor-version":[{"id":16939,"href":"https:\/\/ulqini-online.com\/sajti\/index.php?rest_route=\/wp\/v2\/posts\/16934\/revisions\/16939"}],"wp:featuredmedia":[{"embeddable":true,"href":"https:\/\/ulqini-online.com\/sajti\/index.php?rest_route=\/wp\/v2\/media\/16935"}],"wp:attachment":[{"href":"https:\/\/ulqini-online.com\/sajti\/index.php?rest_route=%2Fwp%2Fv2%2Fmedia&parent=16934"}],"wp:term":[{"taxonomy":"category","embeddable":true,"href":"https:\/\/ulqini-online.com\/sajti\/index.php?rest_route=%2Fwp%2Fv2%2Fcategories&post=16934"},{"taxonomy":"post_tag","embeddable":true,"href":"https:\/\/ulqini-online.com\/sajti\/index.php?rest_route=%2Fwp%2Fv2%2Ftags&post=16934"}],"curies":[{"name":"wp","href":"https:\/\/api.w.org\/{rel}","templated":true}]}}