{"id":16932,"date":"2017-12-14T13:42:21","date_gmt":"2017-12-14T12:42:21","guid":{"rendered":"http:\/\/ulqini-online.com\/sajti\/?p=16932"},"modified":"2017-12-14T13:42:38","modified_gmt":"2017-12-14T12:42:38","slug":"viti-i-ri-ulqinin-e-gjen-me-shume-te-rinj-te-papune-pa-perspektive","status":"publish","type":"post","link":"https:\/\/ulqini-online.com\/sajti\/?p=16932","title":{"rendered":"VITI I RI, ULQININ E GJEN ME SHUM\u00cb T\u00cb RINJ T\u00cb  PAPUN\u00cb, PA PERSPEKTIV\u00cb!"},"content":{"rendered":"<p><a href=\"https:\/\/ulqini-online.com\/sajti\/wp-content\/uploads\/2015\/12\/Esat-Mehmeti-radio-Ulqini.jpg\"><img loading=\"lazy\" decoding=\"async\" class=\"aligncenter wp-image-6911 size-full\" src=\"https:\/\/ulqini-online.com\/sajti\/wp-content\/uploads\/2015\/12\/Esat-Mehmeti-radio-Ulqini.jpg\" alt=\"\" width=\"396\" height=\"300\" srcset=\"https:\/\/ulqini-online.com\/sajti\/wp-content\/uploads\/2015\/12\/Esat-Mehmeti-radio-Ulqini.jpg 396w, https:\/\/ulqini-online.com\/sajti\/wp-content\/uploads\/2015\/12\/Esat-Mehmeti-radio-Ulqini-300x227.jpg 300w\" sizes=\"auto, (max-width: 396px) 100vw, 396px\" \/><\/a><\/p>\n<p><strong>Shkruan : <\/strong><strong>Esat Mehmeti<\/strong><strong>,<\/strong> gazetar\u00a0 i Radio Ulqinit<\/p>\n<p>&nbsp;<\/p>\n<p>( <strong>Pun\u00ebsimi &#8211; preokupimi m\u00eb i madh i t\u00eb rinjve ! )<\/strong><\/p>\n<p>&nbsp;<\/p>\n<p><strong>Pun\u00ebsimi \u00ebsht\u00eb nj\u00eb nga problemet m\u00eb t\u00eb m\u00ebdha q\u00eb po p\u00ebrcjell\u00eb shoq\u00ebrin\u00eb ton\u00eb.<\/strong><strong> Sipas t\u00eb dh\u00ebnave zyrtare, niveli i papun\u00ebsis\u00eb \u00ebsht\u00eb i lart\u00eb. <\/strong><strong>T\u00eb shtyr\u00eb nga papun\u00ebsia,<\/strong><strong> rinia e sotme preferon t\u00eb largohet nga ky vend, sepse, nuk iu\u00a0 shkon fjala, s\u2019iu d\u00ebgjohet mendimi, nuk kan\u00eb t\u00eb ardhme t\u00eb q\u00ebndrueshme, me nj\u00eb fjal\u00eb s\u2019shohin perspektiv\u00eb. <\/strong><strong>Qeverisja lokale me nj\u00eb politik\u00eb jo t\u00eb mir\u00ebfillt\u00eb, tall\u00ebse dhe degraduese \u00ebsht\u00eb sh\u00ebnd\u00ebrruar n\u00eb treg konsumues dhe n\u00eb nj\u00eb \u00a0g a n g r e n \u00eb \u00a0p\u00ebr t\u00eb rinjt\u00eb tan\u00eb.<\/strong><\/p>\n<p><strong>\u00a0<\/strong><\/p>\n<p><strong>\u00a0\u00a0\u00a0 \u00a0\u00a0\u00a0\u00a0\u00a0\u00a0\u00a0\u00a0\u00a0\u00a0\u00a0\u00a0\u00a0\u00a0\u00a0\u00a0<\/strong><strong>T\u00eb rinjt\u00eb p\u00ebrball\u00ebn me probleme t\u00eb shumta !<\/strong><\/p>\n<p><strong>\u00a0<\/strong><\/p>\n<p>Realiteti i sot\u00ebm na p\u00ebrball\u00eb me sfida t\u00eb shumta. Na p\u00ebrball\u00eb n\u00eb vorbull\u00ebn e t\u00eb cilave b\u00ebjm\u00eb pjes\u00eb secili prej nesh, por gjenerata m\u00eb e prekshme \u00ebsht\u00eb ajo e t\u00eb rinjve .<\/p>\n<p>E v\u00ebrteta \u00ebsht\u00eb, se jeta n\u00eb rini \u00ebsht\u00eb p\u00ebrplot\u00eb stuhi. Stuhi q\u00eb sjellin her\u00eb dhimbje, her\u00eb\u00a0 dhe k\u00ebnaq\u00ebsi. N\u00eb k\u00ebt\u00eb mosh\u00eb, fillon edhe koha e shqet\u00ebsimeve. Fillon nj\u00eb etap\u00eb e re e zhvillimeve fizike, psiqike, sociale, emocionale, shpirt\u00ebrore, intelektuale etj\u2026.Por, n\u00eb an\u00ebn tjet\u00ebr, rinia ka edhe sfida t\u00eb tjera me t\u00eb cilat ajo p\u00ebrball\u00ebt. Ajo\u00a0 krijon pik\u00ebpamjen e vet ndaj jet\u00ebs. Rinis\u00eb, sot, p\u00ebrve\u00e7 t\u00eb tjerave, i duhet t\u00eb \u201c luftoj\u00eb\u201d edhe me paragjykimet e prind\u00ebrve, p\u00ebr at\u00eb q\u00eb ata b\u00ebjn\u00eb dhe problemi thelb\u00ebsor \u00ebsht\u00eb moskuptimi i gj\u00ebrave q\u00eb t\u00eb rinjt\u00eb i p\u00ebrjetojn\u00eb.<\/p>\n<p>Problem tjet\u00ebr n\u00eb vehte, \u00ebsht\u00eb se, rinia e sotme preferon t\u00eb largohet nga ky vend, sepse, nuk iu \u00a0shkon fjala, s\u2019iu d\u00ebgjohet mendimi, nuk kan\u00eb t\u00eb ardhme t\u00eb q\u00ebndrueshme, me nj\u00eb fjal\u00eb s\u2019shohin perspektiv\u00ebn e duhur. K\u00ebshtu, mang\u00ebsit\u00eb ekonomike, rritja e papun\u00ebsis\u00eb dhe n\u00eb an\u00ebn tjet\u00ebr, varf\u00ebria e madhe, jan\u00eb shifra q\u00eb d\u00ebshmojn\u00eb se ekonomia e Ulqinit \u00ebsht\u00eb n\u00eb kriz\u00eb t\u00eb thell\u00eb tash e sa vjet, andaj dhe t\u00eb rinjt\u00eb tan\u00eb, sot ndodh\u00ebn n\u00eb udh\u00ebkryqe t\u00eb jet\u00ebs . Qeverisja e vendit, me nj\u00eb politik\u00eb jo t\u00eb mir\u00ebfillt\u00eb, tall\u00ebse dhe degraduese \u00ebsht\u00eb sh\u00ebnd\u00ebrruar n\u00eb treg konsumues dhe \u00a0n\u00eb nj\u00eb \u00a0<strong>g a n g r e n \u00eb \u00a0<\/strong>p\u00ebr\u00a0 t\u00eb rinjt\u00eb tan\u00eb <strong>.<\/strong><\/p>\n<p>&nbsp;<\/p>\n<p><strong>\u00a0\u00a0\u00a0\u00a0\u00a0\u00a0\u00a0\u00a0\u00a0\u00a0 \u00a0\u00a0\u00a0\u00a0\u00a0\u00a0\u00a0\u00a0\u00a0\u00a0\u00a0\u00a0Papun\u00ebsia, nuk \u00ebsht\u00eb nj\u00eb problem i ri, \u00ebsht\u00eb problem strukturor !<\/strong><\/p>\n<p><strong>\u00a0<\/strong><\/p>\n<p>Sipas t\u00eb dh\u00ebnave zyrtare, del se, n\u00eb Ulqin, shkalla e papun\u00ebsis\u00eb \u00ebsht\u00eb\u00a0 e lart\u00eb. Andaj, si pasoj\u00eb e gjendjes s\u00eb r\u00ebnduar ekonomike dhe e papun\u00ebsis\u00eb, t\u00eb rinjt\u00eb tan\u00eb po largohen, po ikin. Emigrimi i t\u00eb rinjve tan\u00eb po sh\u00ebnon nj\u00eb rritje t\u00eb dukshme. Dukuria e emigrimit ka marr\u00eb nj\u00eb hov t\u00eb madh dhe p\u00ebr pasoj\u00eb shum\u00eb vendbanime po\u00a0 boshatis\u00ebn. Shumica e t\u00eb tjer\u00ebve, dita-dit\u00ebs mendojn\u00eb\u00a0 p\u00ebr t\u2019ia m\u00ebsyr\u00eb \u00a0vendeve Evropiane dhe m\u00eb larg, vet\u00ebm e vet\u00ebm, p\u00ebr t\u00eb siguruar nj\u00eb jet\u00eb m\u00eb t\u00eb mir\u00eb, por ka edhe\u00a0 nga ata, se nuk kan\u00eb edhe nga t\u2019ia mbajn\u00eb ! .<\/p>\n<p>&nbsp;<\/p>\n<p><strong>Po, pse po ik\u00eb gjith\u00eb kjo armat\u00eb e t\u00eb rinjve dhe \u00e7ka i detyron ata t\u00eb marrin rrug\u00ebn pa kthim, drejt vendeve\u00a0 t\u00eb larg\u00ebta\u00a0 ?<\/strong><\/p>\n<p>P\u00ebrgjigja \u00ebsht\u00eb shum\u00eb leht\u00eb dhe mjafton t\u00eb kthehemi n\u00eb retrospektiv\u00eb. Mund\u00ebsit\u00eb, q\u00eb Ulqini ofron p\u00ebr t\u00eb rinjt\u00eb, jan\u00eb tejet t\u00eb vogla. P\u00ebr vite me radh\u00eb, dora e shtetit, pothuaj nuk \u00ebsht\u00eb dukur askund n\u00eb vendbanimet shqiptare. Shumica e tyre mbijeton prej ndihmave dhe solidaritit t\u00eb t\u00eb af\u00ebrmeve, t\u00eb \u00a0m\u00ebrgimtar\u00ebve tan\u00eb q\u00eb jetojn\u00eb dhe punojn\u00eb n\u00eb vende t\u00eb ndryshme t\u00eb bot\u00ebs .<\/p>\n<p>&nbsp;<\/p>\n<p>Andaj, eksodi i t\u00eb rinjve, i trurit t\u00eb ri, i pjes\u00ebs m\u00eb vitale t\u00eb nj\u00eb populli, \u00ebsht\u00eb rezultat i brisht\u00ebsis\u00eb s\u00eb shtetit, dominimit dhe indoktrinimit politik n\u00eb \u00e7do pore t\u00eb shoq\u00ebris\u00eb dhe jet\u00ebs s\u00eb p\u00ebrditshme, \u00ebsht\u00eb dominimi i klasave mediokre politike t\u00eb zhytura n\u00eb intersin personal, duke i anashkaluar t\u00eb rinjt\u00eb tan\u00eb.<\/p>\n<p>&nbsp;<\/p>\n<p>Problem n\u00eb vehte, \u00ebsht\u00eb, se\u00a0 nj\u00eb pjes\u00eb e madhe e\u00a0 rinis\u00eb i duhet t\u00eb luftoj\u00eb shum\u00eb p\u00ebr\u00a0 t\u00eb marr\u00eb nj\u00eb vend pune. Shpesh, edhe p\u00ebrkund\u00ebr d\u00ebshir\u00ebs se tyre, preferojn\u00eb nj\u00eb parti, ose nj\u00eb lider t\u00eb caktuar, duke marr\u00eb model, njer\u00ebz t\u00eb gjymtuar e rrall\u00ebher\u00eb \u00a0edhe njer\u00ebz t\u00eb suksessh\u00ebm !. Rinia, si e till\u00eb, partin\u00eb e sheh si ky\u00e7-in e zgjidhjes s\u00eb jet\u00ebs s\u00eb tyre .!<\/p>\n<p>&nbsp;<\/p>\n<p><strong>\u00a0\u00a0\u00a0\u00a0\u00a0\u00a0\u00a0\u00a0\u00a0\u00a0\u00a0\u00a0\u00a0\u00a0\u00a0 \u00a0\u00a0\u00a0\u00a0\u00a0\u00a0\u00a0\u00a0\u00a0\u00a0\u00a0\u00a0\u00a0T\u00eb rinjt\u00eb pa perspektiv\u00eb, por jo t\u00eb pashpres\u00eb !<\/strong><\/p>\n<p>&nbsp;<\/p>\n<p>Politika n\u00eb vehte, nuk duhet\u00a0 t&#8217;i shmanget p\u00ebrgjegj\u00ebsis\u00eb, dueht t\u00eb nd\u00ebrmarrin t\u00eb gjitha p\u00ebrpjekjet, p\u00ebr t\u00eb realizuar uljen e papun\u00ebsis\u00eb tek t\u00eb rinjt\u00eb tan\u00eb, n\u00eb rritjen e zhvillimit ekonomik. K\u00ebtu, problemi m\u00eb i madh cilivizues, del, ai i organizimit t\u00eb br\u00ebndsh\u00ebm politik, institucional, i institucioneve t\u00eb pushtetit vendor dhe m\u00eb gjer\u00eb, ai i solidaritetit t\u00eb p\u00ebrgjithsh\u00ebm, i veprimit konkret. Me gjendjen e krijuar t\u00eb rendit politik e social, mund t\u00eb kalohet vet\u00ebm me\u00a0 veprime konkrete, t\u00eb udh\u00ebhequara\u00a0 dhe t\u00eb organizuara \u00a0mir\u00eb. Por, kjo politik\u00eb q\u00eb ka pushtuar vendin, \u00ebsht\u00eb nj\u00eb oktapod gllab\u00ebrues q\u00eb thellon humner\u00ebn e nj\u00eb keqqeverisje dhe munges\u00ebn e nj\u00eb vizioni p\u00ebr t\u00eb ardhmen e vendit dhe duke servuar varf\u00ebrin\u00eb dhe pasigurin\u00eb totale.<\/p>\n<p>&nbsp;<\/p>\n<p>K\u00ebtu, p\u00ebrve\u00e7 munges\u00eb s\u00eb nj\u00eb strategjie p\u00ebr zhvillimin ekonomik, p\u00ebr tejkalimin e k\u00ebsaj krize, p\u00ebr parandalimin e k\u00ebtij trendi, nuk ka asnj\u00eb statisktik\u00eb zyrtare p\u00ebr numrin e sakt\u00eb t\u00eb t\u00eb ikurve. Kjo, mesiguri\u00a0 do t\u00eb ket\u00eb pasoja t\u00eb m\u00ebdha p\u00ebr vendin n\u00eb t\u00eb ardhmen. \u00cbsht\u00eb e \u00e7udit\u00ebshm dhe krejt\u00eb e pakuptueshme, pse Ulqin me k\u00ebt\u00eb potencial, me k\u00ebto resurse natyrore, nuk ka zhvillimin e duhur, por ruan gjithnj\u00eb tretmanin e qytetetve\u00a0 m\u00eb t\u00eb pa zhvilluar ekonomikisht ? ! .<\/p>\n<p>&nbsp;<\/p>\n<p>Por, derisa t\u00eb rinjt\u00eb po ikin, k\u00ebtu n\u00eb k\u00ebt\u00eb vend, ka filluar nj\u00eb fushat\u00eb zgjedhore, ku shum\u00eb nga\u00a0 politikan\u00ebt, s\u00ebrish kan\u00eb filluar me avazin e vjet\u00ebr, me g\u00ebnjeshtra dhe mashtrime p\u00ebr nj\u00eb jet\u00eb m\u00eb t\u00eb mir\u00eb .<\/p>\n<p>&nbsp;<\/p>\n<p><strong>Sipas t\u00eb dh\u00ebnave q\u00eb qarkullojn\u00eb, shum\u00eb t\u00eb rinj duan ta braktisin<\/strong> <strong>vendin !<\/strong><\/p>\n<p><strong>\u00a0<\/strong><\/p>\n<p>Numri i t\u00eb ikurve \u00ebsht\u00eb shum\u00eb i madh. Numra, k\u00ebto t\u00eb ngjajsh\u00ebm me ato vende jo n\u00eb zhvillim. Opsionet\u00a0 jan\u00eb t\u00eb shumta. Disa ikin duke marr\u00eb nj\u00eb viz\u00eb pune, disa nj\u00eb pasaport\u00eb\u00a0 t\u00eb huaj, disa t\u00eb tjer\u00eb duke u kuror\u00ebzuar me nj\u00eb person t\u00eb panjohur m\u00eb par\u00eb, e disa t\u00eb tjer\u00eb \u00a0n\u00eb rrug\u00eb \u00a0ilegale q\u00eb \u00e7ojn\u00eb n\u00eb pakthim etj.<\/p>\n<p>Padyshim, ka shum\u00eb arsye t\u00eb v\u00ebrteta, se edhe ne, si prind, apo si edukator\u00eb, duhet t\u00eb jemi t\u00eb shqet\u00ebsuar p\u00ebr rrug\u00ebn e t\u00eb rinjve tan\u00eb, p\u00ebr t\u00eb ardhm\u00ebn e tyre. Nuk jemi fare\u00a0 t\u00eb qet\u00eb, p\u00ebr faktin q\u00eb n\u00eb shoq\u00ebrin\u00eb ton\u00eb, p\u00ebrdit\u00eb e m\u00eb shum\u00eb shtohet\u00a0 numri\u00a0 i t\u00eb rinjve q\u00eb jetojn\u00eb n\u00eb nj\u00eb jet\u00eb t\u00eb kot\u00eb, q\u00eb k\u00ebrkojn\u00eb jet\u00eb t\u00eb leht\u00eb, pa v\u00ebshtir\u00ebsi, pa objektiva personale, me nj\u00eb fjal\u00eb, pa plane dhe q\u00ebllime jetike t\u00eb p\u00ebrcaktuara, q\u00eb nuk jan\u00eb t\u00eb orientuar dhe nuk din\u00eb se \u00e7far\u00eb do b\u00ebjn\u00eb me jet\u00ebn e tyre\u00a0 !?&#8230;<\/p>\n<p>E gjith\u00eb kjo q\u00eb i theksuam, jan\u00eb vet\u00ebm disa nga problemet q\u00eb t\u00eb rinjt\u00eb, p\u00ebrserisin pothuaj \u00e7do dit\u00eb. Por, \u00ebsht\u00eb e dhimbshme, kur n\u00eb \u00e7do bised\u00eb me t\u00eb rinjt\u00eb d\u00ebgjon d\u00ebshirat dhe planet e tyre\u00a0 p\u00ebr\u00a0 t\u00eb ikur n\u00eb vendet evropiane dhe m\u00eb larg.\u00cbsht\u00eb edhe m\u00eb shqet\u00ebsuese kur sheh se si planet e s\u00eb ardhmes, thuajse jan\u00eb shuar.<\/p>\n<p>&nbsp;<\/p>\n<p>Duhet theksuar se, rinia \u00ebsht\u00eb e ardhm\u00ebria jon\u00eb. E ardhmja e nj\u00eb shoq\u00ebrie, e nj\u00eb kombi, e nj\u00eb shteti. Ato n\u00eb duart e tyre\u00a0 do t\u00eb bartin p\u00ebrgjegj\u00ebsist\u00eb dhe obligimet p\u00ebr t\u00eb udh\u00ebhequar, edukuar, zhvilluar dhe p\u00ebr t\u00eb \u00e7uar p\u00ebrpara\u00a0 shoq\u00ebrin\u00eb n\u00eb p\u00ebrgjith\u00ebsi. Andaj, duhet t\u00eb jemi m\u00eb t\u00eb nd\u00ebrgjegj\u00ebsuar, si prind, politikan\u00eb, po dhe si shtet .<\/p>\n<p>&nbsp;<\/p>\n<p>\u2026\u2026\u2026\u2026\u2026\u2026\u2026\u2026\u2026\u2026\u2026\u2026\u2026\u2026\u2026\u2026\u2026\u2026\u2026<\/p>\n<p>&nbsp;<\/p>\n","protected":false},"excerpt":{"rendered":"<p>Shkruan : Esat Mehmeti, gazetar\u00a0 i Radio Ulqinit &nbsp; ( Pun\u00ebsimi &#8211; preokupimi m\u00eb i madh i t\u00eb rinjve ! ) &nbsp; Pun\u00ebsimi \u00ebsht\u00eb nj\u00eb nga problemet m\u00eb t\u00eb m\u00ebdha q\u00eb po p\u00ebrcjell\u00eb shoq\u00ebrin\u00eb ton\u00eb. Sipas t\u00eb dh\u00ebnave zyrtare, niveli i papun\u00ebsis\u00eb \u00ebsht\u00eb i lart\u00eb. T\u00eb shtyr\u00eb nga papun\u00ebsia, rinia e sotme preferon t\u00eb largohet [&hellip;]<\/p>\n","protected":false},"author":1,"featured_media":6911,"comment_status":"closed","ping_status":"open","sticky":false,"template":"","format":"standard","meta":{"_seopress_robots_primary_cat":"","_seopress_titles_title":"","_seopress_titles_desc":"","_seopress_robots_index":"","footnotes":""},"categories":[2,12],"tags":[930],"class_list":["post-16932","post","type-post","status-publish","format-standard","has-post-thumbnail","hentry","category-aktualitet","category-opinione","tag-esat-mehmeti"],"_links":{"self":[{"href":"https:\/\/ulqini-online.com\/sajti\/index.php?rest_route=\/wp\/v2\/posts\/16932","targetHints":{"allow":["GET"]}}],"collection":[{"href":"https:\/\/ulqini-online.com\/sajti\/index.php?rest_route=\/wp\/v2\/posts"}],"about":[{"href":"https:\/\/ulqini-online.com\/sajti\/index.php?rest_route=\/wp\/v2\/types\/post"}],"author":[{"embeddable":true,"href":"https:\/\/ulqini-online.com\/sajti\/index.php?rest_route=\/wp\/v2\/users\/1"}],"replies":[{"embeddable":true,"href":"https:\/\/ulqini-online.com\/sajti\/index.php?rest_route=%2Fwp%2Fv2%2Fcomments&post=16932"}],"version-history":[{"count":1,"href":"https:\/\/ulqini-online.com\/sajti\/index.php?rest_route=\/wp\/v2\/posts\/16932\/revisions"}],"predecessor-version":[{"id":16933,"href":"https:\/\/ulqini-online.com\/sajti\/index.php?rest_route=\/wp\/v2\/posts\/16932\/revisions\/16933"}],"wp:featuredmedia":[{"embeddable":true,"href":"https:\/\/ulqini-online.com\/sajti\/index.php?rest_route=\/wp\/v2\/media\/6911"}],"wp:attachment":[{"href":"https:\/\/ulqini-online.com\/sajti\/index.php?rest_route=%2Fwp%2Fv2%2Fmedia&parent=16932"}],"wp:term":[{"taxonomy":"category","embeddable":true,"href":"https:\/\/ulqini-online.com\/sajti\/index.php?rest_route=%2Fwp%2Fv2%2Fcategories&post=16932"},{"taxonomy":"post_tag","embeddable":true,"href":"https:\/\/ulqini-online.com\/sajti\/index.php?rest_route=%2Fwp%2Fv2%2Ftags&post=16932"}],"curies":[{"name":"wp","href":"https:\/\/api.w.org\/{rel}","templated":true}]}}