{"id":16595,"date":"2017-11-22T13:01:49","date_gmt":"2017-11-22T12:01:49","guid":{"rendered":"http:\/\/ulqini-online.com\/sajti\/?p=16595"},"modified":"2017-11-22T13:13:22","modified_gmt":"2017-11-22T12:13:22","slug":"shoqata-kraja-mbajti-tubimin-fondmbledhes-ja-lista-e-te-gjithe-donatoreve","status":"publish","type":"post","link":"https:\/\/ulqini-online.com\/sajti\/?p=16595","title":{"rendered":"Shoqata \u201cKraja\u201d mbajti tubim fondmbledh\u00ebs, ja lista e t\u00eb gjith\u00eb donatoreve"},"content":{"rendered":"<p><a href=\"https:\/\/ulqini-online.com\/sajti\/wp-content\/uploads\/2017\/11\/shoqata-kraja-mbledh-fonde-per-vendlindje.jpg\"><img loading=\"lazy\" decoding=\"async\" class=\"aligncenter wp-image-16596 size-full\" src=\"https:\/\/ulqini-online.com\/sajti\/wp-content\/uploads\/2017\/11\/shoqata-kraja-mbledh-fonde-per-vendlindje.jpg\" alt=\"\" width=\"616\" height=\"432\" srcset=\"https:\/\/ulqini-online.com\/sajti\/wp-content\/uploads\/2017\/11\/shoqata-kraja-mbledh-fonde-per-vendlindje.jpg 616w, https:\/\/ulqini-online.com\/sajti\/wp-content\/uploads\/2017\/11\/shoqata-kraja-mbledh-fonde-per-vendlindje-300x210.jpg 300w\" sizes=\"auto, (max-width: 616px) 100vw, 616px\" \/><\/a><\/p>\n<p><strong>Shoqata \u201cKraja\u201d n\u00eb New York-Sh.B.A. mbajti tubimin fondmbledh\u00ebs<\/strong><\/p>\n<p>Shoqata \u201cKraja\u201d me seli n\u00eb New York-Sh.B.A., e mb\u00ebshtetur nga komuniteti krajan, organizoi mbr\u00ebmje fondmledh\u00ebse p\u00ebr p\u00ebrkrahjen e disa projekt-ideve p\u00ebr zhvillimin e turizmit n\u00eb trev\u00ebn e Kraj\u00ebs, ide t\u00eb cilat jan\u00eb propozuar nga t\u00eb rinjt\u00eb e Kraj\u00ebs n\u00eb bashk\u00ebpunim me Shoqat\u00ebn \u201cKraja\u201d-Dega Kraj\u00eb, t\u00eb cil\u00ebt jan\u00eb bashkangjitur shoqat\u00ebs ton\u00eb, p\u00ebr t\u00eb b\u00ebr\u00eb t\u00eb mundur promovimin e k\u00ebsaj dege ekonomike edhe n\u00eb vendlindjen ton\u00eb-Kraj\u00eb, duke sjell\u00eb nj\u00eb frym\u00eb t\u00eb re zhvillimi n\u00eb k\u00ebt\u00eb sektor\u00eb.<\/p>\n<p>Ky aktivitet u mbajt n\u00eb ambientet e Restaurantit \u201cNINO\u2019S\u201d n\u00eb Staten Island pron\u00eb e bashk\u00ebavendas\u00ebve tan\u00eb nga treva e Kraj\u00ebs, z. Agim Gjen\u00e7iqit dhe Sylejman Drag\u00ebs, ku mor\u00ebn pjes\u00eb nj\u00eb num\u00ebr i konsideruesh\u00ebm pjesmarr\u00ebsish, si dhe p\u00ebrfaq\u00ebsuesi dhe ish Kryetari i Shoqat\u00ebs Ana e Malit z. Ismet Kurti dhe asamblisti i njohur nga Bronx-i, shqiptari, z. Mark Gjonaj. P\u00ebr nder\u00eb t\u00eb pjesmarr\u00ebsve dhe mysafir\u00ebve t\u00eb ardhur enkas n\u00eb k\u00ebt\u00eb mbr\u00ebmje, Shoqata \u201cKraja\u201d, shtroi dark\u00eb me ushqime dhe pije t\u00eb pasura.<\/p>\n<p>Kryetari i Shoqat\u00ebs \u201cKraja\u201d Hamid Alaj, n\u00eb fillim t\u00eb fjal\u00ebs s\u00eb tij i p\u00ebrsh\u00ebndeti t\u00eb pranishmit dhe mysafir\u00ebt t\u00eb cil\u00ebt pa hezituar ju p\u00ebrgjigjen ftes\u00ebs s\u00eb shoqat\u00ebs, apo si\u00e7 theksoi ai: \u201cNa urdh\u00ebruat n\u00eb sofr\u00ebn krajane p\u00ebr t\u00eb shijuar buk\u00ebn krajane, me ate \u00e7ka ka fal\u00eb Zoti, sepse dera e mal\u00ebsorit krajan ka qen\u00eb dhe \u00ebsht\u00eb gjithmon\u00eb e hapur p\u00ebr mysafirin\u201d. Ai i njoftoj t\u00eb pranishmit me programin e organizimin t\u00eb k\u00ebsaj mbr\u00ebmje si dhe paraqiti para t\u00eb pranishm\u00ebve q\u00ebllimet e k\u00ebtij tubimi. Pastaj n\u00eb vazhdim prezantoi planin e retavilizimit t\u00eb mol\u00ebs s\u00eb Skjes-Hutaj, t\u00eb p\u00ebrpunuar nga arkitektja krajane e nderuara Dafina Demiri, ku n\u00eb pika t\u00eb shkurta, me an\u00eb t\u00eb fotografive me projektor, b\u00ebri shpjegimin e k\u00ebtij plani, t\u00eb paraqitur n\u00eb 12 fotografi t\u00eb detajuara. Me k\u00ebt\u00eb rast Kryetari i Shoqat\u00ebs \u201cKraja\u201d Hamid Alaj gjeti rastin t\u00eb falenderoj\u00eb arkitekten Dafina Demiri p\u00ebr k\u00ebt\u00eb projekt, projekt t\u00eb cil\u00ebn ja dorzoi shoqat\u00ebs n\u00eb fjal\u00eb si kontribut t\u00eb saj ndaj komunitetit krajan dhe vendlindjes s\u00eb saj-Kraj\u00ebs.<\/p>\n<p>Pastaj fjal\u00ebn n\u00eb vazhdim e mori sekretari i Shoqat\u00ebs \u201cKraja\u201d Dul Perashi. Ai i p\u00ebrsh\u00ebndeti t\u00eb pranishmit duke i falenderuar p\u00ebr pjesmarrjen e tyre n\u00eb k\u00ebt\u00eb mbr\u00ebmje. Pastaj, n\u00eb vazhdim t\u00eb fjalimit t\u00eb tij i njoftoj t\u00eb pranishmit m\u00eb gj\u00ebr\u00ebsisht rreth projekt-ideve p\u00ebr promovimin e turizmit n\u00eb trev\u00ebn e Kraj\u00ebs si dhe mund\u00ebsin\u00eb e Kraj\u00ebs q\u00eb t\u00eb b\u00ebhet destinacion p\u00ebr eco-turiz\u00ebm. I njoftoi t\u00eb pranishmit rreth t\u00eb gjitha pikave t\u00eb diskutimit, duke filluar q\u00eb nga hapja e webfaqes n\u00eb internet (www.visitkraja.com), p\u00ebr t\u00eb dh\u00ebn\u00eb informata rreth pikave turistike n\u00eb trev\u00ebn e Kraj\u00ebs. Pastaj vazhdoi fjalimin e tij duke i njoftuar t\u00eb pranishmit rreth vendosjes s\u00eb tabelave informative, botimi i broshurave turistike, riparimi i rrethit te Mola e Skjes-Hutaj, riparimi i qendr\u00ebs s\u00eb Ostrosit, etj. Ai para t\u00eb pranishm\u00ebve vuri n\u00eb dukje edhe p\u00ebrkrahjen q\u00eb ka ofruar Kryetari i Komun\u00ebs s\u00eb Ulqinit z. Nazif Cungu rreth k\u00ebtyre pikave turistike.<\/p>\n<p>Poashtu n\u00eb k\u00ebt\u00eb mbr\u00ebmje mori fjal\u00ebn edhe asamblisti i njohur nga Bronx-i, shqiptari, z. Mark Gjonaj, i cili p\u00ebrsh\u00ebndeti t\u00eb pranishmit dhe njiherit falenderoj edhe udh\u00ebheq\u00ebsin e Shoqat\u00ebs \u201cKraja\u201d p\u00ebr ftes\u00ebn q\u00eb i kan\u00eb b\u00ebr\u00eb. Ai nd\u00ebr t\u00eb tjera vuri n\u00eb dukje se: \u201ckur shoh shqiptar\u00ebt e bashkuar k\u00ebshtu si\u00e7 jeni bashkuar ju krajan\u00ebt sonte k\u00ebtu e ndiej veten edhe m\u00eb tep\u00ebr shqiptar\u00eb se sa q\u00eb jam\u201d. Pastaj fjala ju dhe edhe ish-Kryetarit t\u00eb Shoqat\u00ebs Ana e Malit, z. Ismet Kurtit. Edhe ai vuri n\u00eb dukje se: \u201cjam shum\u00eb i k\u00ebnaqur q\u00eb mu dha rasti t\u00eb jem pjes\u00eb e k\u00ebsaj mbr\u00ebmje n\u00eb mesin e krajan\u00ebve, dhe ju p\u00ebrg\u00ebzog p\u00ebr pun\u00ebt dhe aktivitetet e shoqat\u00ebs \u201cKraja\u201d, si dhe ju falenderoj p\u00ebr ftes\u00ebn e b\u00ebr\u00eb\u201d.<\/p>\n<p>N\u00eb k\u00ebt\u00eb mbr\u00ebmje nga t\u00eb pranishmit Shoqata\u201dKraja\u201d pati nj\u00eb p\u00ebrkrahje t\u00eb madhe ku n\u00eb kufi t\u00eb mund\u00ebsive q\u00eb kishin, kontribuan edhe me mjete financiare, p\u00ebr ndihm\u00eb Shoqat\u00ebs dhe realizimit t\u00eb mundsh\u00ebm t\u00eb projekt-ideve n\u00eb fjal\u00eb. Kontributi i tyre nuk mungoi por as antarsimi i antar\u00ebve t\u00eb rinj brenda shoqat\u00ebs p\u00ebr vitin 2017 dhe p\u00ebr vitin 2018 gjith\u00eb ashtu nuk mungoi. Komuniteti krajan i New York-ut me rrethin\u00eb \u00ebsht\u00eb krenar\u00eb p\u00ebr kontributin dhe ndihm\u00ebn e dh\u00ebn\u00eb aty ku e lyp\u00eb nevoja, q\u00eb ndihmon Shoqat\u00ebn \u201cKraja\u201d ku t\u00eb gjith\u00eb jan\u00eb t\u00eb bashkuar rreth saj sepse veprat bamir\u00ebse, ato humanitare dhe \u00e7do aktivitet n\u00eb t\u00eb mir\u00eb t\u00eb komunitetit t\u00eb vet dhe atij m\u00eb t\u00eb gj\u00ebr\u00eb shqiptar\u00eb dhe q\u00eb i sh\u00ebrben humanizmit, jan\u00eb gur\u00eb themel i nd\u00ebrtimit t\u00eb nj\u00eb shoq\u00ebrie t\u00eb sh\u00ebndosh\u00eb.<\/p>\n<p>Duke gjetur rastin q\u00eb Shoqata \u201cKraja\u201d t\u00eb falenderoj\u00eb, p\u00ebrzem\u00ebrsisht t\u00eb gjith\u00eb pjesmarr\u00ebsit e k\u00ebsaj nat\u00eb fondnbledh\u00ebs, p\u00ebr ndihm\u00ebn e tyre t\u00eb derdhur n\u00eb fondin e shoqat\u00ebs, p\u00ebr antarsimin e antar\u00ebve t\u00eb rinj brenda shoqat\u00ebs si dhe p\u00ebr p\u00ebrkrahjen e tyre dh\u00ebn\u00eb Shoqat\u00ebs n\u00eb p\u00ebrgjith\u00ebsi, n\u00eb vazhdim t\u00eb k\u00ebtij shkrimi do t\u00eb paraqesim list\u00ebn e t\u00eb gjith\u00eb atyre q\u00eb kontribuan dhe u antarsuan n\u00eb shoqat\u00eb, gjat\u00eb k\u00ebtij tubim. \/Shoqata Kraja, <a href=\"http:\/\/kraja.us\/shoqata-kraja-ne-new-york-sh-b-a-mbajti-tubimin-fondmbledhes\/\" target=\"_blank\" rel=\"noopener\">kraja.us<\/a>\/<\/p>\n<p>&nbsp;<\/p>\n<p><strong><u>LISTA E DONATOR\u00cbVE-ANTAR\u00cbVE T\u00cb<\/u><\/strong>\u00a0\u00a0<strong><u>RINJ<\/u><\/strong><\/p>\n<p><strong><u>(Dat\u00eb: 19.11.2017)<\/u><\/strong><\/p>\n<p><strong><u>STATEN ISLAND, N.Y.<\/u><\/strong><\/p>\n<p><strong><u>\u00a0<\/u><\/strong><\/p>\n<p><strong><u>\u00a0<\/u><\/strong><\/p>\n<p><strong><u>\u00a0<\/u><\/strong><\/p>\n<table class=\" aligncenter\" width=\"595\">\n<tbody>\n<tr>\n<td width=\"53\"><strong>Nr.R.<\/strong><\/td>\n<td width=\"202\"><strong>\u00a0\u00a0\u00a0\u00a0\u00a0\u00a0 EMRI-MBIEMRI<\/strong><strong>\u00a0DONATORIT\/ANTARIT<\/strong><\/td>\n<td width=\"121\">\u00a0\u00a0\u00a0<strong>SHUMA E<\/strong><strong>DONACIONIT<\/strong><\/td>\n<td width=\"109\"><strong>ANTARSIMI<\/strong><strong>\u00a0 VITI 2017<\/strong><\/td>\n<td width=\"110\"><strong>ANTARSIMI<\/strong><strong>\u00a0VITI 2018<\/strong><\/td>\n<\/tr>\n<tr>\n<td width=\"53\">\u00a0\u00a0\u00a0 1.<\/td>\n<td width=\"202\">Muhamet Doda<\/td>\n<td width=\"121\"><\/td>\n<td width=\"109\"><strong>\u00a0<\/strong><\/td>\n<td width=\"110\">\u00a0\u00a0\u00a0\u00a0\u00a0\u00a0\u00a0\u00a0 100<\/td>\n<\/tr>\n<tr>\n<td width=\"53\">\u00a0\u00a0\u00a0 2.<\/td>\n<td width=\"202\">Ismet Doda<\/td>\n<td width=\"121\">\u00a0\u00a0\u00a0\u00a0\u00a0\u00a0 200<\/td>\n<td width=\"109\"><strong>\u00a0<\/strong><\/td>\n<td width=\"110\">\u00a0\u00a0\u00a0\u00a0\u00a0\u00a0\u00a0\u00a0 100<\/td>\n<\/tr>\n<tr>\n<td width=\"53\">\u00a0\u00a0\u00a0 3.<\/td>\n<td width=\"202\">Rexhep Popi<\/td>\n<td width=\"121\"><\/td>\n<td width=\"109\"><strong>\u00a0<\/strong><\/td>\n<td width=\"110\">\u00a0\u00a0\u00a0\u00a0\u00a0\u00a0\u00a0\u00a0 100<\/td>\n<\/tr>\n<tr>\n<td width=\"53\">\u00a0\u00a0\u00a0 4.<\/td>\n<td width=\"202\">Haxhi Muja<\/td>\n<td width=\"121\"><\/td>\n<td width=\"109\"><strong>\u00a0<\/strong><\/td>\n<td width=\"110\">\u00a0\u00a0\u00a0\u00a0\u00a0\u00a0\u00a0\u00a0 100<\/td>\n<\/tr>\n<tr>\n<td width=\"53\">\u00a0\u00a0\u00a0 5.<\/td>\n<td width=\"202\">Aishe Beselica<\/td>\n<td width=\"121\"><\/td>\n<td width=\"109\">\u00a0\u00a0\u00a0\u00a0\u00a0\u00a0 100<\/td>\n<td width=\"110\">\u00a0\u00a0\u00a0\u00a0\u00a0\u00a0\u00a0\u00a0 100<\/td>\n<\/tr>\n<tr>\n<td width=\"53\">\u00a0\u00a0\u00a0 6.<\/td>\n<td width=\"202\">Dardan Beselica<\/td>\n<td width=\"121\">\u00a0\u00a0\u00a0\u00a0\u00a0\u00a0 100<\/td>\n<td width=\"109\">\u00a0\u00a0\u00a0\u00a0\u00a0\u00a0 100<\/td>\n<td width=\"110\">\u00a0\u00a0\u00a0\u00a0\u00a0\u00a0\u00a0\u00a0 100<\/td>\n<\/tr>\n<tr>\n<td width=\"53\">\u00a0\u00a0\u00a0 7.<\/td>\n<td width=\"202\">Brahim Muja<\/td>\n<td width=\"121\">\u00a0\u00a0\u00a0\u00a0\u00a0\u00a0 200<\/td>\n<td width=\"109\">\u00a0\u00a0\u00a0\u00a0\u00a0\u00a0 100<\/td>\n<td width=\"110\"><\/td>\n<\/tr>\n<tr>\n<td width=\"53\">\u00a0\u00a0\u00a0 8.<\/td>\n<td width=\"202\">Jasmin Markashi<\/td>\n<td width=\"121\">\u00a0\u00a0\u00a0\u00a0\u00a0\u00a0 100<\/td>\n<td width=\"109\">\u00a0\u00a0\u00a0\u00a0\u00a0\u00a0 100<\/td>\n<td width=\"110\"><\/td>\n<\/tr>\n<tr>\n<td width=\"53\">\u00a0\u00a0\u00a0 9.<\/td>\n<td width=\"202\">Selatin Doda<\/td>\n<td width=\"121\">\u00a0\u00a0\u00a0\u00a0\u00a0\u00a0 100<\/td>\n<td width=\"109\"><\/td>\n<td width=\"110\"><\/td>\n<\/tr>\n<tr>\n<td width=\"53\">\u00a0\u00a0\u00a0 10.<\/td>\n<td width=\"202\">Gani Cukaj<\/td>\n<td width=\"121\">\u00a0\u00a0\u00a0\u00a0\u00a0\u00a0 500<\/td>\n<td width=\"109\">\u00a0\u00a0\u00a0\u00a0\u00a0\u00a0 100<\/td>\n<td width=\"110\"><\/td>\n<\/tr>\n<tr>\n<td width=\"53\">\u00a0\u00a0\u00a0 11.<\/td>\n<td width=\"202\">Rifat Peraj<\/td>\n<td width=\"121\">\u00a0\u00a0\u00a0\u00a0\u00a0\u00a0 100<\/td>\n<td width=\"109\"><\/td>\n<td width=\"110\"><\/td>\n<\/tr>\n<tr>\n<td width=\"53\">\u00a0\u00a0\u00a0 12.<\/td>\n<td width=\"202\">Brahim Subrahimi<\/td>\n<td width=\"121\">\u00a0\u00a0\u00a0\u00a0\u00a0\u00a0 100<\/td>\n<td width=\"109\"><\/td>\n<td width=\"110\"><\/td>\n<\/tr>\n<tr>\n<td width=\"53\">\u00a0\u00a0\u00a0 13.<\/td>\n<td width=\"202\">Agim Muja<\/td>\n<td width=\"121\">\u00a0\u00a0\u00a0\u00a0\u00a0\u00a0 200<\/td>\n<td width=\"109\"><\/td>\n<td width=\"110\"><\/td>\n<\/tr>\n<tr>\n<td width=\"53\">\u00a0\u00a0\u00a0 14.<\/td>\n<td width=\"202\">Imer Muja<\/td>\n<td width=\"121\">\u00a0\u00a0\u00a0\u00a0\u00a0\u00a0 200<\/td>\n<td width=\"109\"><\/td>\n<td width=\"110\"><\/td>\n<\/tr>\n<tr>\n<td width=\"53\">\u00a0\u00a0\u00a0 15.<\/td>\n<td width=\"202\">Ismet Kurti<\/td>\n<td width=\"121\">\u00a0\u00a0\u00a0\u00a0\u00a0\u00a0 300<\/td>\n<td width=\"109\"><\/td>\n<td width=\"110\"><\/td>\n<\/tr>\n<tr>\n<td width=\"53\">\u00a0\u00a0\u00a0 16.<\/td>\n<td width=\"202\">Selman Haxhimurati<\/td>\n<td width=\"121\">\u00a0\u00a0\u00a0\u00a0\u00a0\u00a0 200<\/td>\n<td width=\"109\"><\/td>\n<td width=\"110\"><\/td>\n<\/tr>\n<tr>\n<td width=\"53\">\u00a0\u00a0\u00a0 17.<\/td>\n<td width=\"202\">Naim Haxhimurati<\/td>\n<td width=\"121\">\u00a0\u00a0\u00a0\u00a0\u00a0\u00a0 100<\/td>\n<td width=\"109\"><\/td>\n<td width=\"110\"><\/td>\n<\/tr>\n<tr>\n<td width=\"53\">\u00a0\u00a0\u00a0 18.<\/td>\n<td width=\"202\">Dul Perashi<\/td>\n<td width=\"121\">\u00a0\u00a0\u00a0\u00a0\u00a0\u00a0 1000<\/td>\n<td width=\"109\"><\/td>\n<td width=\"110\"><\/td>\n<\/tr>\n<tr>\n<td width=\"53\">\u00a0\u00a0\u00a0 19.<\/td>\n<td width=\"202\">Nefail Perashi<\/td>\n<td width=\"121\">\u00a0\u00a0\u00a0\u00a0\u00a0\u00a0 1000<\/td>\n<td width=\"109\"><\/td>\n<td width=\"110\"><\/td>\n<\/tr>\n<tr>\n<td width=\"53\">\u00a0\u00a0\u00a0 20.<\/td>\n<td width=\"202\">Selatin Kraja<\/td>\n<td width=\"121\">\u00a0\u00a0\u00a0\u00a0\u00a0\u00a0 1000<\/td>\n<td width=\"109\"><\/td>\n<td width=\"110\"><\/td>\n<\/tr>\n<tr>\n<td width=\"53\">\u00a0\u00a0\u00a0 21.<\/td>\n<td width=\"202\">Afrim Popi<\/td>\n<td width=\"121\">\u00a0\u00a0\u00a0\u00a0\u00a0\u00a0 1000<\/td>\n<td width=\"109\"><\/td>\n<td width=\"110\"><\/td>\n<\/tr>\n<tr>\n<td width=\"53\">\u00a0\u00a0\u00a0 22.<\/td>\n<td width=\"202\">Anonim<\/td>\n<td width=\"121\">\u00a0\u00a0\u00a0\u00a0\u00a0\u00a0 1000<\/td>\n<td width=\"109\"><\/td>\n<td width=\"110\"><\/td>\n<\/tr>\n<tr>\n<td width=\"53\">\u00a0\u00a0\u00a0 23.<\/td>\n<td width=\"202\">Lulzim Popi<\/td>\n<td width=\"121\">\u00a0\u00a0\u00a0\u00a0\u00a0\u00a0 1000<\/td>\n<td width=\"109\"><\/td>\n<td width=\"110\"><\/td>\n<\/tr>\n<tr>\n<td width=\"53\">\u00a0\u00a0\u00a0 24.<\/td>\n<td width=\"202\">Xhemal Demiri<\/td>\n<td width=\"121\">\u00a0\u00a0\u00a0\u00a0\u00a0\u00a0 1000<\/td>\n<td width=\"109\"><\/td>\n<td width=\"110\"><\/td>\n<\/tr>\n<tr>\n<td width=\"53\">\u00a0\u00a0\u00a0 25.<\/td>\n<td width=\"202\">Hamid Alaj<\/td>\n<td width=\"121\">\u00a0\u00a0\u00a0\u00a0\u00a0\u00a0 200<\/td>\n<td width=\"109\"><\/td>\n<td width=\"110\"><\/td>\n<\/tr>\n<tr>\n<td width=\"53\">\u00a0\u00a0\u00a0 26.<\/td>\n<td width=\"202\">Ahmet Vela<\/td>\n<td width=\"121\">\u00a0\u00a0\u00a0\u00a0\u00a0\u00a0 100<\/td>\n<td width=\"109\"><\/td>\n<td width=\"110\"><\/td>\n<\/tr>\n<tr>\n<td width=\"53\">\u00a0\u00a0\u00a0 27.<\/td>\n<td width=\"202\">Enver Gjina<\/td>\n<td width=\"121\">\u00a0\u00a0\u00a0\u00a0\u00a0\u00a0 200<\/td>\n<td width=\"109\"><\/td>\n<td width=\"110\"><\/td>\n<\/tr>\n<tr>\n<td width=\"53\">\u00a0\u00a0\u00a0 28.<\/td>\n<td width=\"202\">Sylejman Draga<\/td>\n<td width=\"121\">\u00a0\u00a0\u00a0\u00a0\u00a0\u00a0 200<\/td>\n<td width=\"109\"><\/td>\n<td width=\"110\"><\/td>\n<\/tr>\n<tr>\n<td width=\"53\">\u00a0\u00a0\u00a0 29.<\/td>\n<td width=\"202\">Agim Gjen\u00e7iqi<\/td>\n<td width=\"121\">\u00a0\u00a0\u00a0\u00a0\u00a0\u00a0 200<\/td>\n<td width=\"109\"><\/td>\n<td width=\"110\"><\/td>\n<\/tr>\n<tr>\n<td width=\"53\">\u00a0\u00a0\u00a0 30.<\/td>\n<td width=\"202\">Safet Mustafaj<\/td>\n<td width=\"121\">\u00a0\u00a0\u00a0\u00a0\u00a0\u00a0 50<\/td>\n<td width=\"109\"><\/td>\n<td width=\"110\"><\/td>\n<\/tr>\n<tr>\n<td width=\"53\">\u00a0\u00a0\u00a0 31.<\/td>\n<td width=\"202\">Musa Luka<\/td>\n<td width=\"121\">\u00a0\u00a0\u00a0\u00a0\u00a0\u00a0 500<\/td>\n<td width=\"109\"><\/td>\n<td width=\"110\"><\/td>\n<\/tr>\n<tr>\n<td width=\"53\">\u00a0\u00a0\u00a0 32.<\/td>\n<td width=\"202\">Mirsad Kova\u00e7i<\/td>\n<td width=\"121\">\u00a0\u00a0\u00a0\u00a0\u00a0\u00a0 200<\/td>\n<td width=\"109\"><\/td>\n<td width=\"110\"><\/td>\n<\/tr>\n<tr>\n<td width=\"53\">\u00a0\u00a0\u00a0 33.<\/td>\n<td width=\"202\">Shuqo Braca<\/td>\n<td width=\"121\">\u00a0\u00a0\u00a0\u00a0\u00a0\u00a0 200<\/td>\n<td width=\"109\"><\/td>\n<td width=\"110\"><\/td>\n<\/tr>\n<tr>\n<td width=\"53\">\u00a0\u00a0\u00a0 34.<\/td>\n<td width=\"202\">Rifat Ardolli<\/td>\n<td width=\"121\">\u00a0\u00a0\u00a0\u00a0\u00a0\u00a0 500<\/td>\n<td width=\"109\"><\/td>\n<td width=\"110\"><\/td>\n<\/tr>\n<tr>\n<td width=\"53\">\u00a0\u00a0\u00a0 35.<\/td>\n<td width=\"202\">Skender Perashi<\/td>\n<td width=\"121\">\u00a0\u00a0\u00a0\u00a0\u00a0\u00a0 100<\/td>\n<td width=\"109\"><\/td>\n<td width=\"110\"><\/td>\n<\/tr>\n<tr>\n<td width=\"53\">\u00a0\u00a0\u00a0 36.<\/td>\n<td width=\"202\">Anton Gjokaj<\/td>\n<td width=\"121\">\u00a0\u00a0\u00a0\u00a0\u00a0\u00a0 100<\/td>\n<td width=\"109\"><\/td>\n<td width=\"110\"><\/td>\n<\/tr>\n<tr>\n<td width=\"53\">\u00a0\u00a0\u00a0 37.<\/td>\n<td width=\"202\">Qamil Demiri<\/td>\n<td width=\"121\">\u00a0\u00a0\u00a0\u00a0\u00a0\u00a0 300<\/td>\n<td width=\"109\"><\/td>\n<td width=\"110\"><\/td>\n<\/tr>\n<tr>\n<td width=\"53\">\u00a0\u00a0\u00a0 38.<\/td>\n<td width=\"202\">Arben Ceka<\/td>\n<td width=\"121\">\u00a0\u00a0\u00a0\u00a0\u00a0\u00a0 500<\/td>\n<td width=\"109\"><\/td>\n<td width=\"110\"><\/td>\n<\/tr>\n<tr>\n<td width=\"53\">\u00a0\u00a0\u00a0 39<\/td>\n<td width=\"202\">Qerem Subrahimi<\/td>\n<td width=\"121\">\u00a0\u00a0\u00a0\u00a0\u00a0\u00a0 500<\/td>\n<td width=\"109\"><\/td>\n<td width=\"110\"><\/td>\n<\/tr>\n<tr>\n<td width=\"53\">\u00a0\u00a0\u00a0 40.<\/td>\n<td width=\"202\">Mirsad Ceka<\/td>\n<td width=\"121\">\u00a0\u00a0\u00a0\u00a0\u00a0\u00a0 250<\/td>\n<td width=\"109\"><\/td>\n<td width=\"110\"><\/td>\n<\/tr>\n<tr>\n<td width=\"53\">\u00a0\u00a0\u00a0 41.<\/td>\n<td width=\"202\">Hajredin Muja<\/td>\n<td width=\"121\">\u00a0\u00a0\u00a0\u00a0\u00a0\u00a0 300<\/td>\n<td width=\"109\"><\/td>\n<td width=\"110\"><\/td>\n<\/tr>\n<tr>\n<td width=\"53\">\u00a0\u00a0\u00a0 42.<\/td>\n<td width=\"202\">Naim Husiqi<\/td>\n<td width=\"121\">\u00a0\u00a0\u00a0\u00a0\u00a0\u00a0 100<\/td>\n<td width=\"109\"><\/td>\n<td width=\"110\"><\/td>\n<\/tr>\n<tr>\n<td width=\"53\">\u00a0\u00a0\u00a0 43.<\/td>\n<td width=\"202\">Musa Hoxha<\/td>\n<td width=\"121\">\u00a0\u00a0\u00a0\u00a0\u00a0\u00a0 100<\/td>\n<td width=\"109\"><\/td>\n<td width=\"110\"><\/td>\n<\/tr>\n<tr>\n<td width=\"53\">\u00a0\u00a0\u00a0 44.<\/td>\n<td width=\"202\">Sal Gjenashi<\/td>\n<td width=\"121\">\u00a0\u00a0\u00a0\u00a0\u00a0\u00a0 100<\/td>\n<td width=\"109\"><\/td>\n<td width=\"110\"><\/td>\n<\/tr>\n<tr>\n<td width=\"53\">\u00a0\u00a0\u00a0 45.<\/td>\n<td width=\"202\">Nazim Hoxha<\/td>\n<td width=\"121\">\u00a0\u00a0\u00a0\u00a0\u00a0\u00a0 50<\/td>\n<td width=\"109\"><\/td>\n<td width=\"110\"><\/td>\n<\/tr>\n<tr>\n<td width=\"53\">\u00a0 \u00a0 46.<\/td>\n<td width=\"202\">Samih Kanaqi<\/td>\n<td width=\"121\">\u00a0 \u00a0 \u00a0 500<\/td>\n<td width=\"109\"><\/td>\n<td width=\"110\"><\/td>\n<\/tr>\n<tr>\n<td width=\"53\"><\/td>\n<td colspan=\"4\" width=\"542\"><strong>GJITHSEJT\u00a0<\/strong>\u00a0 \u00a0 \u00a0 \u00a0 \u00a0 \u00a0 \u00a0 \u00a0 \u00a0 \u00a0 \u00a0 \u00a0 \u00a0 \u00a0 \u00a0 \u00a0 \u00a0<strong>\u00a0 \u00a0$14650\u00a0 \u00a0 \u00a0 \u00a0 \u00a0 \u00a0 \u00a0 \u00a0 \u00a0 \u00a0 \u00a0 \u00a0500\u00a0 \u00a0 \u00a0 \u00a0 \u00a0 \u00a0 \u00a0 \u00a0 \u00a0 \u00a0 \u00a0 \u00a0600<\/strong><strong>SHUMA E GRUMBULLUAR N\u00cb TOTAL \u00cbSHT\u00cb\u00a0 \u00a0 \u00a0$15750<\/strong><\/td>\n<\/tr>\n<\/tbody>\n<\/table>\n","protected":false},"excerpt":{"rendered":"<p>Shoqata \u201cKraja\u201d n\u00eb New York-Sh.B.A. mbajti tubimin fondmbledh\u00ebs Shoqata \u201cKraja\u201d me seli n\u00eb New York-Sh.B.A., e mb\u00ebshtetur nga komuniteti krajan, organizoi mbr\u00ebmje fondmledh\u00ebse p\u00ebr p\u00ebrkrahjen e disa projekt-ideve p\u00ebr zhvillimin e turizmit n\u00eb trev\u00ebn e Kraj\u00ebs, ide t\u00eb cilat jan\u00eb propozuar nga t\u00eb rinjt\u00eb e Kraj\u00ebs n\u00eb bashk\u00ebpunim me Shoqat\u00ebn \u201cKraja\u201d-Dega Kraj\u00eb, t\u00eb cil\u00ebt jan\u00eb [&hellip;]<\/p>\n","protected":false},"author":1,"featured_media":16596,"comment_status":"closed","ping_status":"open","sticky":false,"template":"","format":"standard","meta":{"_seopress_robots_primary_cat":"","_seopress_titles_title":"","_seopress_titles_desc":"","_seopress_robots_index":"","footnotes":""},"categories":[2,5],"tags":[1414,1419,1418,1417,537,1415],"class_list":["post-16595","post","type-post","status-publish","format-standard","has-post-thumbnail","hentry","category-aktualitet","category-diaspora","tag-agim-gjenciq","tag-dul-perashi","tag-hamid-alaj","tag-ismet-kurti","tag-shoqata-kraja","tag-sylejman-draga"],"_links":{"self":[{"href":"https:\/\/ulqini-online.com\/sajti\/index.php?rest_route=\/wp\/v2\/posts\/16595","targetHints":{"allow":["GET"]}}],"collection":[{"href":"https:\/\/ulqini-online.com\/sajti\/index.php?rest_route=\/wp\/v2\/posts"}],"about":[{"href":"https:\/\/ulqini-online.com\/sajti\/index.php?rest_route=\/wp\/v2\/types\/post"}],"author":[{"embeddable":true,"href":"https:\/\/ulqini-online.com\/sajti\/index.php?rest_route=\/wp\/v2\/users\/1"}],"replies":[{"embeddable":true,"href":"https:\/\/ulqini-online.com\/sajti\/index.php?rest_route=%2Fwp%2Fv2%2Fcomments&post=16595"}],"version-history":[{"count":2,"href":"https:\/\/ulqini-online.com\/sajti\/index.php?rest_route=\/wp\/v2\/posts\/16595\/revisions"}],"predecessor-version":[{"id":16598,"href":"https:\/\/ulqini-online.com\/sajti\/index.php?rest_route=\/wp\/v2\/posts\/16595\/revisions\/16598"}],"wp:featuredmedia":[{"embeddable":true,"href":"https:\/\/ulqini-online.com\/sajti\/index.php?rest_route=\/wp\/v2\/media\/16596"}],"wp:attachment":[{"href":"https:\/\/ulqini-online.com\/sajti\/index.php?rest_route=%2Fwp%2Fv2%2Fmedia&parent=16595"}],"wp:term":[{"taxonomy":"category","embeddable":true,"href":"https:\/\/ulqini-online.com\/sajti\/index.php?rest_route=%2Fwp%2Fv2%2Fcategories&post=16595"},{"taxonomy":"post_tag","embeddable":true,"href":"https:\/\/ulqini-online.com\/sajti\/index.php?rest_route=%2Fwp%2Fv2%2Ftags&post=16595"}],"curies":[{"name":"wp","href":"https:\/\/api.w.org\/{rel}","templated":true}]}}