{"id":16590,"date":"2017-11-21T22:25:57","date_gmt":"2017-11-21T21:25:57","guid":{"rendered":"http:\/\/ulqini-online.com\/sajti\/?p=16590"},"modified":"2017-11-21T22:25:57","modified_gmt":"2017-11-21T21:25:57","slug":"dita-e-falenderimeve-ne-amerike","status":"publish","type":"post","link":"https:\/\/ulqini-online.com\/sajti\/?p=16590","title":{"rendered":"DITA E FAL\u00cbNDERIMEVE N\u00cb AMERIK\u00cb"},"content":{"rendered":"<p><a href=\"https:\/\/ulqini-online.com\/sajti\/wp-content\/uploads\/2016\/11\/nju-jork-dita-e-falenderimeve.jpg\"><img loading=\"lazy\" decoding=\"async\" class=\"aligncenter wp-image-11725 size-full\" src=\"https:\/\/ulqini-online.com\/sajti\/wp-content\/uploads\/2016\/11\/nju-jork-dita-e-falenderimeve.jpg\" alt=\"\" width=\"698\" height=\"400\" srcset=\"https:\/\/ulqini-online.com\/sajti\/wp-content\/uploads\/2016\/11\/nju-jork-dita-e-falenderimeve.jpg 698w, https:\/\/ulqini-online.com\/sajti\/wp-content\/uploads\/2016\/11\/nju-jork-dita-e-falenderimeve-300x172.jpg 300w\" sizes=\"auto, (max-width: 698px) 100vw, 698px\" \/><\/a><\/p>\n<p><strong>\u00a0Nga Frank Shkreli<\/strong><\/p>\n<p>P\u00ebr shumic\u00ebn e amerikan\u00ebve, imazhi i Dit\u00ebs s\u00eb Fal\u00ebnderimeve lidhet me gjelin e detit t\u00eb pjekur dhe me nj\u00eb fest\u00eb familjare q\u00eb normalisht bashkon familjet. \u00a0\u00a0Njihet gjithashtu edhe si nj\u00eb dit\u00eb paradash, qoft\u00eb dit\u00eb me bor\u00eb, apo shum\u00eb e ftoht\u00eb.\u00a0 \u00a0Por edhe nj\u00eb dit\u00eb kur luhet futboll amerikan.<\/p>\n<p>&nbsp;<\/p>\n<p>Por kjo fest\u00eb ka nj\u00eb domth\u00ebnje m\u00eb t\u00eb madhe se kaq.Dita e Falenderimeve n\u00eb Amerik\u00eb \u00ebsht\u00eb nj\u00eb dit\u00eb e dalluar n\u00eb kalendarin vjetor t\u00eb k\u00ebtij vendi.\u00a0 \u00a0\u00cbsht\u00eb me t\u00eb v\u00ebrtet\u00eb nj\u00eb fest\u00eb komb\u00ebtare, n\u00eb t\u00eb cil\u00ebn p\u00ebrfshihen dhe marrin pjes\u00eb t\u00eb gjith\u00eb qytetar\u00ebt, p\u00ebr nj\u00eb q\u00ebllim t\u00eb p\u00ebrbashk\u00ebt dhe pa dallim feje, pikpamjesh politike ose origjin\u00eb etnike &#8212; vet\u00ebm e vet\u00ebm p\u00ebr t\u00eb falenderuar Perendin\u00eb p\u00ebr bekimet q\u00eb u ka dhen\u00eb atye individualisht, familjeve dhe vendit t\u00eb tyre, ku ata jetojn\u00eb.<\/p>\n<p>&nbsp;<\/p>\n<p>Pak histori n\u00eb lidhje me k\u00ebt\u00eb fetes tipike amerikane. \u00a0\u00a0\u00c7do vit, Dita e Fal\u00ebnderimeve sh\u00ebnohet t\u00eb \u00ebnjten e kat\u00ebrt\u00eb t\u00eb muajit N\u00ebntor.\u00a0 Kjo fest\u00eb e ka origjin\u00ebn n\u00eb fillim t\u00eb historis\u00eb s\u00eb k\u00ebtij vendi kur kolon\u00ebt e par\u00eb pelegrin\u00eb nga Anglia u vendos\u00ebn n\u00eb k\u00ebt\u00eb hap\u00ebsir\u00eb n\u00eb shekullin e 16-t\u00eb dhe t\u00eb cil\u00ebt, pas t\u00eb korrurave t\u00eb boll\u00ebkshme,vendos\u00ebn q\u00eb t\u00eb pushonin nga puna e mundshme, me q\u00ebllim p\u00ebr t\u00eb fal\u00ebnderuar Per\u00ebndin\u00eb, p\u00ebr t\u00eb gjitha bekimet q\u00eb u kishte dh\u00ebn\u00eb atyre gjat\u00eb nj\u00eb periudhe shum\u00eb t\u00eb v\u00ebshtir\u00eb p\u00ebr ta.\u00a0\u00a0 Thuhet se pelegrin\u00ebt e par\u00eb m\u00ebsuan nga indian\u00ebt vendas p\u00ebr t\u00eb mbjellur mis\u00ebr, fasulje dhe kunguj, ashtuq\u00eb n\u00eb Vjesht\u00ebn e vitit 1621, nja 90 prej tyre, s\u00eb bashku me indian\u00ebt vendas, p\u00ebrgatit\u00ebn nj\u00eb dark\u00eb t\u00eb madhe p\u00ebr t\u00eb sh\u00ebnuar dit\u00ebn e par\u00eb t\u00eb Fal\u00ebnderimeve.<\/p>\n<p>&nbsp;<\/p>\n<p>Por historia e k\u00ebsaj feste e ka zanafill\u00ebn zyrtare n\u00eb vitin 1789, pas nj\u00eb deklarate nga presidenti i par\u00eb i k\u00ebtij i vendi, Xhorxh Uashingtoni, kur Amerika festoi zyrtarisht dit\u00ebn e par\u00eb t\u00eb Fal\u00ebnderimit ndaj Zotit, n\u00eb baz\u00eb t\u00eb kushtetut\u00ebs s\u00eb re, t\u00eb caktuar si, \u201cNj\u00eb dit\u00eb Fal\u00ebnderimesh publike, kushtuar t\u00eb Madhit Zot, Autorit t\u00eb t\u00eb gjith\u00eb t\u00eb mirave q\u00eb kan\u00eb qen\u00eb, q\u00eb jan\u00eb dhe q\u00eb do t\u00eb jen\u00eb\u201d. Presidenti Xhorxh Uashington, duke caktuar dit\u00ebn e Fal\u00ebnderimeve si fest\u00eb komb\u00ebtare, ka p\u00ebrdorur nj\u00eb ton gjith\u00ebp\u00ebrfshir\u00ebs, pa preferuar ndonj\u00eb fe ose besim, por n\u00eb t\u00eb nj\u00ebjt\u00ebn koh\u00eb, ai ka theksuar edhe \u201cBekimet politike, morale dhe politike p\u00ebr demokracin\u00eb e re\u201d \u2013 t\u00eb cilat sipas tij b\u00ebjn\u00eb t\u00eb mundur funksionimin e nj\u00eb qeverisjeje t\u00eb mir\u00eb, duke perfshir\u00eb edhe \u201cPendimin personal dhe komb\u00ebtar\u201d, kur \u00ebsht\u00eb e nevojshme p\u00ebr t\u00eb pranuar gabimet, madje edhe n\u00eb nivel komb\u00ebtar, sipas Xhorxh Washingtonit.<\/p>\n<p>&nbsp;<\/p>\n<p>Historia amerikane sh\u00ebnon se n\u00eb Tetor t\u00eb vitit 1777, t\u00eb gjitha 13 kolonit\u00eb e para amerikane t\u00eb asaj kohe, u bashkuan p\u00ebr t\u00eb festuar dit\u00ebn e Fal\u00ebnderimeve, q\u00eb n\u00eb t\u00eb nj\u00ebjt\u00ebn koh\u00eb sh\u00ebnoi edhe fitoren e kolonive t\u00eb reja amerikane n\u00eb luft\u00ebn e tyre kund\u00ebr Perandoris\u00eb s\u00eb at\u00ebher\u00ebshme britanike. \u00a0Gjat\u00eb viteve q\u00eb pasuan, festimi i k\u00ebsaj dite ka p\u00ebsuar disa ndryshime, por m\u00eb n\u00eb fund, presidenti Abraham Linkolni m\u00eb 1863 ka shpallur zyrtarisht t\u00eb \u00cbnjt\u00ebn e kat\u00ebrt t\u00eb N\u00ebntorit si Dit\u00ebn Komb\u00ebtare t\u00eb Fal\u00ebnderimeve.<\/p>\n<p>&nbsp;<\/p>\n<p>Disa prej president\u00ebve m\u00eb t\u00eb dalluar t\u00eb Shteteve t\u00ebBashkuara, si\u00e7 jan\u00eb \u00a0Xhorxh Washingtoni, Abraham Linkolni dhe Franklin D, Rusvelti \u2014 kan\u00eb luajtur rol me r\u00ebnd\u00ebsi p\u00ebr t\u00eb b\u00ebr\u00eb \u00a0q\u00eb Dita e Fal\u00ebnderimeve t\u00eb jet\u00eb p\u00ebr t\u00eb gjith\u00eb amerikan\u00ebt, pa dallim, \u00a0nj\u00eb dit\u00eb p\u00ebr t\u00eb festuar me familjet e tyre, traditat, vlerat dhe idealet amerikane.\u00a0\u00a0 Urata e Xhorxh Uashingtonit p\u00ebr Dit\u00ebn e Fal\u00ebnderimeve ishte kuptimplot\u00eb nga pikpamja p\u00ebrsonale si dhe n\u00eb nivel komb\u00ebtar si udh\u00ebheq\u00ebs i k\u00ebtij vendi por edhe , pasi i lutej Per\u00ebndis\u00eb edhe p\u00ebr shtetet mike t\u00eb Amerik\u00ebs, me urat\u00ebn: \u00a0\u201cLe t\u00eb bashkohemi dhe t\u2019i lutemi me p\u00ebrvjut\u00ebrin\u00eb m\u00eb t\u00eb thell\u00eb t\u00eb Madhit Zot dhe Udh\u00ebheqsit t\u00eb kombeve dhe t\u2019i k\u00ebrkojm\u00eb Atij q\u00eb t\u00eb na fali gabimet tona komb\u00ebtare dhe m\u00ebkate t\u00eb tjera dhe i lutemi t\u00eb na mund\u00ebsoj\u00eb q\u00eb n\u00eb jet\u00ebn ton\u00eb private ose publike t\u00eb kryejm\u00eb detyrat tona ashtu si\u00e7 duhet dhe si\u00e7 k\u00ebrkohet nga ne; q\u00eb qeveria jon\u00eb t\u00eb jet\u00eb gjithmon\u00eb e men\u00e7ur, e drejt\u00eb dhe t\u00eb zbatoj\u00eb ligjet kushtetuesee me besnik\u00ebri\u2026Q\u00eb Per\u00ebndia t\u00eb ruaj dhe t\u00eb mbroj\u00eb t\u00eb gjitha shtetet sovrane, sidmos ato q\u00eb jan\u00eb mike me ne dhe bekoj\u00eb t\u00eb gjith\u00eb ata o Zot me nj\u00eb qeveri t\u00eb mir\u00eb, falu atyre o P\u00ebrendi paq\u00eb dhe mir\u00ebkuptim\u201d, ishte shprehur Xhorxh Wasshingtoni.<\/p>\n<p>&nbsp;<\/p>\n<p>Duke i q\u00ebndruar besnik\u00eb k\u00ebsaj tradite, gjat\u00eb gjith\u00eb historis\u00eb amerikane, president\u00ebt amerikan\u00eb i kan\u00eb ofruar lutje dhe fal\u00ebnderime Per\u00ebndis\u00eb p\u00ebr bekimet ndaj\u00eb k\u00ebtij vendi \u2014 por pa preferuar nj\u00eb besim fetar ose nj\u00eb tjet\u00ebr.<\/p>\n<p>&nbsp;<\/p>\n<p>Edhe sivjet, me rastin e k\u00ebsaj dite t\u00eb sh\u00ebnuar n\u00eb jet\u00ebn e shoq\u00ebris\u00eb amerikane, Presidenti Donald Trump, n\u00eb deklarat\u00ebn e tij me rastin e Dit\u00ebs s\u00eb Fal\u00ebnderimeve t\u00eb k\u00ebtij viti &#8212; q\u00eb festohet t\u00eb \u00ebnjt\u00ebn me 23 n\u00ebntor ka theksuar se, \u201cN\u00eb k\u00ebte Dit\u00eb Fal\u00ebnderimi \u2013 ashtu si\u00e7 kemi b\u00ebr\u00eb p\u00ebr pothuaj kat\u00ebr shekuj \u2013Amerikan\u00ebt fal\u00ebnderojn\u00eb Zotin e Plot\u00ebfuqish\u00ebm p\u00ebr bekimet tona t\u00eb boll\u00ebkshme.\u00a0\u00a0 Me k\u00ebt\u00eb rast ne mblidhemi s\u00eb bashku me t\u00eb dashurit ton\u00eb p\u00ebr t\u00eb fal\u00ebnderuar Zotin p\u00ebr lirit\u00eb tona q\u00eb g\u00ebzojm\u00eb, p\u00ebr miq\u00ebt dhe p\u00ebr familjet tona si dhe p\u00ebr Atdheun ton\u00eb t\u00eb begat\u00eb\u201d. \u00a0\u00a0N\u00eb meazhin e tij, Presidenti Trump u kujtoi amerikan\u00ebve tragjedit\u00eb shokuese me t\u00eb cilat \u00ebsht\u00eb p\u00ebrballur vendi gjat\u00eb k\u00ebtij viti, si\u00e7 ishin uragan\u00ebt shkat\u00ebrrues, zjarret q\u00eb godit\u00ebn r\u00ebnd\u00eb pjes\u00ebn per\u00ebdnimore t\u00eb Amerik\u00ebs, si dhe aktet e dhun\u00ebs dhe t\u00eb terrorit n\u00eb Las Vegas, n\u00eb qytetin e New York-ut dhe n\u00eb shtetin Teksas. \u201cNd\u00ebrkoh\u00eb q\u00eb mbajm\u00eb zi p\u00ebr k\u00ebto ngjarje t\u00eb dhimb\u00ebshme, ne jemi si gjithmon\u00eb t\u00eb bindur se vendosm\u00ebria dhe optimizmi i popullit amerikan do t\u00eb triumfojn\u00eb\u201d, u shpreh Presidenti Trump n\u00eb deklarat\u00ebn e tij me rastin e Dit\u00ebs s\u00eb Fal\u00ebnderimeve t\u00eb k\u00ebtij viti.\u00a0 \u201cAshtu si\u00e7 kan\u00eb b\u00ebr\u00eb dikur pelegrin\u00ebt e par\u00eb n\u00eb k\u00ebt\u00eb vend, Amerikan\u00ebt sot jan\u00eb t\u00eb fort\u00eb dhe t\u00eb vendosur p\u00ebr t\u00eb mbrojtur familjet dhe t\u00eb ardhmen e tyre, p\u00ebr t\u00eb ruajtur dhe p\u00ebr mb\u00ebshtetur vlerat e tyre dhe p\u00ebr t\u2019u p\u00ebrballur me \u00e7do sfid\u00eb\u201d, tha Presidenti amerikan Donald Trump, n\u00eb mesazhin e tij drejtuar bashk\u00ebkombasve t\u00eb vet, n\u00eb sh\u00ebnim t\u00eb Dit\u00ebs s\u00eb Fal\u00ebnderimeve, fest\u00ebs s\u00eb p\u00ebrvitshme, tradicionale amerikane.<\/p>\n<p>Amerikan\u00ebt, nga natyra jan\u00eb popull optimist madje edhe n\u00eb koh\u00eb t\u00eb v\u00ebshtira dhe plot sfida me t\u00eb cilat \u00ebsht\u00eb p\u00ebrballur dhe p\u00ebrballet vendi i tyre, n\u00eb fush\u00ebn politike t\u00eb mbrendshme dhe nd\u00ebrkomb\u00ebtare. \u00a0\u00a0Megjith\u00eb problemet ekonomike, shoq\u00ebrore dhe megjith\u00eb fatkeqsit\u00eb natyrore me t\u00eb cilat u p\u00ebball ky vend gjat\u00eb k\u00ebtij viti e t\u00eb cilat i p\u00ebrmendi edhe shefi i Sht\u00ebpis\u00eb s\u00eb Bardh\u00eb n\u00eb mesazhin e tij, n\u00eb Dit\u00ebn e Fal\u00ebnderimeve, Amerikan\u00ebt \u00a0kujtojn\u00eb dit\u00ebt e para t\u00eb demokracis\u00eb s\u00eb tyre si dhe v\u00ebshtirsit\u00eb dhe fatkeqsit\u00eb e brendshme dhe t\u00eb jashtme gjat\u00eb historis\u00eb s\u00eb tyre, p\u00ebrfshir\u00eb edhe luft\u00ebn civile, nd\u00ebrkoh\u00eb q\u00eb p\u00ebrball\u00eb t\u00eb gjitha k\u00ebtyre problemeve n\u00eb t\u00eb kaluar\u00ebn dhe atni, ata jan\u00eb t\u00eb vetdijsh\u00ebm se jetojn\u00eb n\u00eb nj\u00eb vend me shum\u00eb bekime p\u00ebr veten, p\u00ebr familjet e tyre dhe p\u00ebr kombin &#8212; dhurata t\u00eb P\u00ebrendis\u00eb k\u00ebto ndaj k\u00ebtij vendi, n\u00eb t\u00eb cilin \u00e7do qytetar I k\u00ebtij vendi ka t\u00eb drejt\u00eb t\u00eb jetoj\u00eb, t\u00eb punoj\u00eb dhe t\u2019i lutet Perendis\u00eb n\u00eb liri t\u00eb plot\u00eb dhe n\u00eb m\u00ebnyr\u00ebn q\u00eb d\u00ebshiron vet \u2013 jo vet\u00ebm Dit\u00ebn zyrtare t\u00eb Fal\u00ebnderimeve, por \u00e7do dit\u00eb.<\/p>\n<p>&nbsp;<\/p>\n","protected":false},"excerpt":{"rendered":"<p>\u00a0Nga Frank Shkreli P\u00ebr shumic\u00ebn e amerikan\u00ebve, imazhi i Dit\u00ebs s\u00eb Fal\u00ebnderimeve lidhet me gjelin e detit t\u00eb pjekur dhe me nj\u00eb fest\u00eb familjare q\u00eb normalisht bashkon familjet. \u00a0\u00a0Njihet gjithashtu edhe si nj\u00eb dit\u00eb paradash, qoft\u00eb dit\u00eb me bor\u00eb, apo shum\u00eb e ftoht\u00eb.\u00a0 \u00a0Por edhe nj\u00eb dit\u00eb kur luhet futboll amerikan. &nbsp; Por kjo fest\u00eb [&hellip;]<\/p>\n","protected":false},"author":1,"featured_media":11725,"comment_status":"closed","ping_status":"open","sticky":false,"template":"","format":"standard","meta":{"_seopress_robots_primary_cat":"","_seopress_titles_title":"","_seopress_titles_desc":"","_seopress_robots_index":"","footnotes":""},"categories":[2,5],"tags":[1413],"class_list":["post-16590","post","type-post","status-publish","format-standard","has-post-thumbnail","hentry","category-aktualitet","category-diaspora","tag-dita-falenderimeve"],"_links":{"self":[{"href":"https:\/\/ulqini-online.com\/sajti\/index.php?rest_route=\/wp\/v2\/posts\/16590","targetHints":{"allow":["GET"]}}],"collection":[{"href":"https:\/\/ulqini-online.com\/sajti\/index.php?rest_route=\/wp\/v2\/posts"}],"about":[{"href":"https:\/\/ulqini-online.com\/sajti\/index.php?rest_route=\/wp\/v2\/types\/post"}],"author":[{"embeddable":true,"href":"https:\/\/ulqini-online.com\/sajti\/index.php?rest_route=\/wp\/v2\/users\/1"}],"replies":[{"embeddable":true,"href":"https:\/\/ulqini-online.com\/sajti\/index.php?rest_route=%2Fwp%2Fv2%2Fcomments&post=16590"}],"version-history":[{"count":1,"href":"https:\/\/ulqini-online.com\/sajti\/index.php?rest_route=\/wp\/v2\/posts\/16590\/revisions"}],"predecessor-version":[{"id":16591,"href":"https:\/\/ulqini-online.com\/sajti\/index.php?rest_route=\/wp\/v2\/posts\/16590\/revisions\/16591"}],"wp:featuredmedia":[{"embeddable":true,"href":"https:\/\/ulqini-online.com\/sajti\/index.php?rest_route=\/wp\/v2\/media\/11725"}],"wp:attachment":[{"href":"https:\/\/ulqini-online.com\/sajti\/index.php?rest_route=%2Fwp%2Fv2%2Fmedia&parent=16590"}],"wp:term":[{"taxonomy":"category","embeddable":true,"href":"https:\/\/ulqini-online.com\/sajti\/index.php?rest_route=%2Fwp%2Fv2%2Fcategories&post=16590"},{"taxonomy":"post_tag","embeddable":true,"href":"https:\/\/ulqini-online.com\/sajti\/index.php?rest_route=%2Fwp%2Fv2%2Ftags&post=16590"}],"curies":[{"name":"wp","href":"https:\/\/api.w.org\/{rel}","templated":true}]}}