{"id":16575,"date":"2017-11-20T20:25:13","date_gmt":"2017-11-20T19:25:13","guid":{"rendered":"http:\/\/ulqini-online.com\/sajti\/?p=16575"},"modified":"2017-11-20T20:25:13","modified_gmt":"2017-11-20T19:25:13","slug":"presidenti-i-shqiperise-ilir-meta-ne-vizite-zyrtare-ne-maqedoni","status":"publish","type":"post","link":"https:\/\/ulqini-online.com\/sajti\/?p=16575","title":{"rendered":"Presidenti i Shqip\u00ebris\u00eb Ilir Meta n\u00eb vizit\u00eb zyrtare n\u00eb Maqedoni"},"content":{"rendered":"<p><a href=\"https:\/\/ulqini-online.com\/sajti\/wp-content\/uploads\/2017\/11\/meta-ivanov.jpg\"><img loading=\"lazy\" decoding=\"async\" class=\"aligncenter wp-image-16576 \" src=\"https:\/\/ulqini-online.com\/sajti\/wp-content\/uploads\/2017\/11\/meta-ivanov.jpg\" alt=\"\" width=\"623\" height=\"415\" srcset=\"https:\/\/ulqini-online.com\/sajti\/wp-content\/uploads\/2017\/11\/meta-ivanov.jpg 525w, https:\/\/ulqini-online.com\/sajti\/wp-content\/uploads\/2017\/11\/meta-ivanov-300x200.jpg 300w\" sizes=\"auto, (max-width: 623px) 100vw, 623px\" \/><\/a><\/p>\n<p><strong>Presidenti Meta pritet nga Presidenti maqedonas, Gjorge Ivanov, n\u00eb kuadrin ne vizit\u00ebs zyrtare n\u00eb Maqedoni<\/strong><\/p>\n<p>&nbsp;<\/p>\n<p><strong>20 n\u00ebntor 2017<\/strong><\/p>\n<p>&nbsp;<\/p>\n<p>Presidenti i Republik\u00ebs, Sh.T.Z. Ilir Meta, n\u00eb kuad\u00ebr t\u00eb vizit\u00ebs zyrtare n\u00eb Republik\u00ebn e Maqedonis\u00eb, u prit sot nga homologu i tij, Presidenti Gjorge Ivanov. Pas interpretimit t\u00eb himneve t\u00eb t\u00eb dy shteteve dhe nderimeve ushtarake t\u00eb rastit, t\u00eb dy President\u00ebt zhvilluan nj\u00eb takim kok\u00eb m\u00eb kok\u00eb dhe m\u00eb pas drejtuan bisedimet e zgjeruara mes dy delegacioneve.<\/p>\n<p>Presidenti Meta vler\u00ebsoi lidhjet e ngushta historike e kulturore dhe theksoi se ato jan\u00eb ekzistenciale dhe p\u00ebrcaktuese p\u00ebr t\u00eb ardhmen e marr\u00ebdh\u00ebnieve mes dy vendeve tona.<\/p>\n<p>\u201cE vetmja m\u00ebnyr\u00eb p\u00ebr t\u00eb p\u00ebrballuar sfidat e globalizmit \u00ebsht\u00eb bashk\u00ebpunimin i ngusht\u00eb n\u00eb nivel dypal\u00ebsh dhe at\u00eb rajonal \u2013 u shpreh Presidenti Meta.<\/p>\n<p>N\u00eb m\u00ebnyr\u00eb t\u00eb ve\u00e7ant\u00eb Presidenti Meta vler\u00ebsoi frym\u00ebn dhe vizionin e p\u00ebrbashk\u00ebt euroatlantik q\u00eb i karakterizon ato dhe duke p\u00ebrsh\u00ebndetur zhvillimet dhe angazhimet e marra nga Qeveria e re e Maqedonis\u00eb, p\u00ebr p\u00ebrmir\u00ebsimin e klim\u00ebs dhe harmonis\u00eb nd\u00ebretnike. N\u00eb m\u00ebnyr\u00eb t\u00eb ve\u00e7ant\u00eb, Presidenti Meta, vler\u00ebsoi hapat konkrete n\u00eb drejtim t\u00eb miratimit t\u00eb ligjit p\u00ebr p\u00ebrdorimin e gjuh\u00ebs shqipe.<\/p>\n<p>Presidenti Meta i konsideroi shqiptar\u00ebt n\u00eb Maqedoni, nj\u00eb faktor t\u00eb r\u00ebnd\u00ebsish\u00ebm p\u00ebr stabilitetin dhe zhvillimin e vendit dhe t\u00eb orientuar qart\u00eb drejt BE-s\u00eb dhe NATO-s, nd\u00ebrsa pakic\u00ebn komb\u00ebtare maqedonase n\u00eb Shqip\u00ebri, si ur\u00eb lidh\u00ebse t\u00eb fuqishme miq\u00ebsie. Presidenti Meta shprehu besimin se ligji i ri p\u00ebr pakicat komb\u00ebtare n\u00eb Shqip\u00ebri do t\u00eb krijoj\u00eb hap\u00ebsir\u00ebn e duhur p\u00ebr ruajtjen e identitetit t\u00eb saj sipas standardeve m\u00eb t\u00eb mira evropiane.<\/p>\n<p>Duke perifrazuar N\u00ebn\u00eb Terez\u00ebn e cila i bashkon t\u00eb dy vendet, Presidenti Meta theksoi se shprehja e saj: \u201c<em>n\u00ebse i gjykojm\u00eb njer\u00ebzit pa fund nuk mbetet m\u00eb koh\u00eb p\u00ebr t\u2019i dashur ata<\/em>\u201d; i sh\u00ebrben si njer\u00ebzve ashtu edhe fqinj\u00ebve.<\/p>\n<p>Sa i p\u00ebrket bashk\u00ebpunimit dypal\u00ebsh, Presidenti Meta n\u00ebnvizoi domosdoshm\u00ebrin\u00eb e zhvillimit t\u00eb projekteve t\u00eb p\u00ebrbashk\u00ebta, ve\u00e7an\u00ebrisht n\u00eb fush\u00ebn e infrastruktur\u00ebs lidh\u00ebse mes dy vendeve dhe shprehu besimin se, mbledhja e ardhshme e dy Qeverive n\u00eb Pogradec, do t\u2019i jap\u00eb nj\u00eb shtys\u00eb marr\u00ebdh\u00ebnieve dypal\u00ebshe, jo vet\u00ebm n\u00eb planin politik por edhe n\u00eb at\u00eb ekonomik dhe do t\u00eb evidentoj\u00eb projektet e p\u00ebrbashk\u00ebta n\u00eb kuad\u00ebr t\u00eb procesit t\u00eb Berlinit.<\/p>\n<p>\u201cBallkani, i cili ka prodhuar shum\u00eb histori e retorik\u00eb konfliktuale n\u00eb t\u00eb shkuar\u00ebn, sot ka m\u00eb shum\u00eb nevoj\u00eb p\u00ebr bashk\u00ebpunim konkret dhe jo retorik\u00eb bashk\u00ebpunuese\u201d, &#8211; theksoi Presidenti Meta.<\/p>\n<p>Presidenti Meta e siguroi edhe nj\u00ebher\u00eb Presidentin Ivanov p\u00ebr mb\u00ebshtetjen e Shqip\u00ebris\u00eb p\u00ebr an\u00ebtar\u00ebsimin e Maqedonis\u00eb n\u00eb NATO dhe r\u00ebnd\u00ebsin\u00eb q\u00eb ka p\u00ebr stabilitetin dhe sigurin\u00eb n\u00eb rajonin e Ballkanit.<\/p>\n<p>&nbsp;<\/p>\n<p><strong>Presidenti Meta takohet me Kryeministrin e Maqedonis\u00eb, Zoran Zaev<\/strong><\/p>\n<p>&nbsp;<\/p>\n<p><strong>20 n\u00ebntor 2017<\/strong><\/p>\n<p>&nbsp;<\/p>\n<p>Presidenti i Republik\u00ebs, Sh.T.Z. Ilir Meta, n\u00eb kuad\u00ebr t\u00eb vizit\u00ebs zyrtare n\u00eb Republik\u00ebn e Maqedonis\u00eb, u takua sot edhe me Kryeministrin e Maqedonis\u00eb, zotin Zoran Zaev.<\/p>\n<p>Presidenti Meta e uroi Kryeministrin Zaev p\u00ebr rezultatet pozitive t\u00eb dy proceseve zgjedhore n\u00eb Maqedoni, si dhe p\u00ebrsh\u00ebndeti angazhimet konkrete t\u00eb Qeveris\u00eb s\u00eb re p\u00ebr p\u00ebrmir\u00ebsimin e klim\u00ebs dhe marr\u00ebdh\u00ebnieve nd\u00ebr-etnike, por edhe t\u00eb krijimit t\u00eb nj\u00eb marr\u00ebdh\u00ebnie sa m\u00eb pozitive me vendet fqinje.<\/p>\n<p>Marr\u00ebdh\u00ebniet e mira nd\u00ebr-etnike n\u00eb Maqedoni jan\u00eb shum\u00eb t\u00eb r\u00ebnd\u00ebsishme, jo vet\u00ebm p\u00ebr stabilitetin e Maqedonis\u00eb por edhe p\u00ebr stabilitetin e t\u00eb gjith\u00eb rajonit, u shpreh Presidenti Meta.<\/p>\n<p>Edhe n\u00eb takimin me Kryeministrin Zaev, Presidenti Meta theksoi se marr\u00ebdh\u00ebniet e Shqip\u00ebris\u00eb me Maqedonin\u00eb jan\u00eb ekzistenciale dhe vendimtare p\u00ebr t\u00eb ardhmen euroatlantike t\u00eb t\u00eb dy vendeve.<\/p>\n<p>S\u00eb bashku mund t\u2019i rezistojm\u00eb e t\u00eb p\u00ebrballojm\u00eb me sukses t\u00eb gjitha sfidat e globalizmit me t\u00eb cilat p\u00ebrballet rajoni yn\u00eb \u2013 u shpreh Presidenti Meta.<\/p>\n<p>Presidenti Meta shprehu besimin p\u00ebr hapjen e negociatave t\u00eb an\u00ebtar\u00ebsimit t\u00eb Shqip\u00ebris\u00eb dhe Maqedonis\u00eb n\u00eb BE gjat\u00eb vitit 2018, si dhe e siguroi Kryeministrin Zaev mbi mb\u00ebshtetjen e Shqip\u00ebris\u00eb p\u00ebr an\u00ebtar\u00ebsimin n\u00eb NATO.<\/p>\n<p>Presidenti Meta dhe Kryeministri Zaev ndan\u00eb t\u00eb nj\u00ebjtin mendim lidhur me domosdoshm\u00ebrin\u00eb e rritjes s\u00eb bashk\u00ebpunimit ekonomik e tregtar, si dhe p\u00ebrmir\u00ebsimin e lidhjeve energjetike dhe infrastrukturore, ku padyshim zbatimi i projekteve t\u00eb p\u00ebrbashk\u00ebta n\u00eb kuadrin e Korridorit 8 \u00ebsht\u00eb shum\u00eb i r\u00ebnd\u00ebsish\u00ebm.<\/p>\n<p>N\u00eb k\u00ebt\u00eb kuad\u00ebr Presidenti Meta theksoi se me investime jo t\u00eb jasht\u00ebzakonshme mund t\u00eb arrijm\u00eb rezultate t\u00eb jasht\u00ebzakonshme.<\/p>\n<p>Ata shpreh\u00ebn besimin se n\u00eb takimin e ardhsh\u00ebm mes dy Qeverive, n\u00eb Pogradec, do adresohen t\u00eb gjitha k\u00ebto \u00e7\u00ebshtje q\u00eb lidhen me nxitjen dhe zhvillimin e gjith\u00ebansh\u00ebm mes dy vendeve.<\/p>\n<p><strong>Presidenti Meta takohet me Kryetarin e Asambles\u00eb s\u00eb Maqedonis\u00eb, Talat Xhaferi<\/strong><\/p>\n<p><strong>\u00a0<\/strong><\/p>\n<p><strong>20 n\u00ebntor 2017<\/strong><\/p>\n<p>&nbsp;<\/p>\n<p>Presidenti i Republik\u00ebs, Sh.T.Z. Ilir Meta, n\u00eb kuad\u00ebr t\u00eb vizit\u00ebs zyrtare n\u00eb Republik\u00ebn e Maqedonis\u00eb, u takua sot edhe me Kryetarin e Asambles\u00eb, zotin Talat Xhaferi.<\/p>\n<p>Presidenti Meta e uroi edhe nj\u00ebher\u00eb zotin Xhaferi p\u00ebr marrjen e detyr\u00ebs s\u00eb Kryetarit t\u00eb Asambles\u00eb dhe theksoi se ndjehet krenar q\u00eb p\u00ebr her\u00eb t\u00eb par\u00eb nj\u00eb p\u00ebrfaq\u00ebsues i spikatur i shqiptar\u00ebve t\u00eb Maqedonis\u00eb \u00ebsht\u00eb n\u00eb krye t\u00eb Parlamentit, si dhe n\u00ebnvizoi se kjo \u00ebsht\u00eb edhe nj\u00eb p\u00ebrgjegj\u00ebsi e madhe.<\/p>\n<p>Presidenti Meta inkurajoi Kryeparlamentarin Xhaferi p\u00ebr t\u00eb qen\u00eb m\u00eb kontribuues p\u00ebr bashk\u00ebjetes\u00ebn politike dhe nd\u00ebr-etnike n\u00eb Maqedoni.<\/p>\n<p>T\u00eb dy bashk\u00ebbiseduesit ndan\u00eb t\u00eb nj\u00ebjtin mendim se faktori shqiptar n\u00eb Maqedoni \u00ebsht\u00eb nj\u00eb faktor shum\u00eb i r\u00ebnd\u00ebsish\u00ebm stabiliteti dhe i orientuar qart\u00eb nga BE dhe NATO.<\/p>\n<p>N\u00eb k\u00ebt\u00eb kuad\u00ebr, Presidenti Meta shprehu besimin se shum\u00eb shpejt Parlamenti i Maqedonis\u00eb do t\u00eb miratoj\u00eb edhe ligjin mbi p\u00ebrdorimin e gjuh\u00ebs shqipe.<\/p>\n<p>N\u00eb m\u00ebnyr\u00eb t\u00eb ve\u00e7ant\u00eb Presidenti Meta vler\u00ebsoi momentin e r\u00ebnd\u00ebsish\u00ebm, ku ndodhet Maqedonia dhe rishprehu mb\u00ebshtetjen e plot\u00eb t\u00eb Shqip\u00ebris\u00eb p\u00ebr an\u00ebtar\u00ebsimin e saj n\u00eb NATO.<\/p>\n","protected":false},"excerpt":{"rendered":"<p>Presidenti Meta pritet nga Presidenti maqedonas, Gjorge Ivanov, n\u00eb kuadrin ne vizit\u00ebs zyrtare n\u00eb Maqedoni &nbsp; 20 n\u00ebntor 2017 &nbsp; Presidenti i Republik\u00ebs, Sh.T.Z. Ilir Meta, n\u00eb kuad\u00ebr t\u00eb vizit\u00ebs zyrtare n\u00eb Republik\u00ebn e Maqedonis\u00eb, u prit sot nga homologu i tij, Presidenti Gjorge Ivanov. Pas interpretimit t\u00eb himneve t\u00eb t\u00eb dy shteteve dhe nderimeve [&hellip;]<\/p>\n","protected":false},"author":1,"featured_media":16576,"comment_status":"closed","ping_status":"open","sticky":false,"template":"","format":"standard","meta":{"_seopress_robots_primary_cat":"","_seopress_titles_title":"","_seopress_titles_desc":"","_seopress_robots_index":"","footnotes":""},"categories":[2,10],"tags":[1406,965,1407],"class_list":["post-16575","post","type-post","status-publish","format-standard","has-post-thumbnail","hentry","category-aktualitet","category-rajoni","tag-gjorgje-ivanov","tag-ilir-meta","tag-talat-xhaferi"],"_links":{"self":[{"href":"https:\/\/ulqini-online.com\/sajti\/index.php?rest_route=\/wp\/v2\/posts\/16575","targetHints":{"allow":["GET"]}}],"collection":[{"href":"https:\/\/ulqini-online.com\/sajti\/index.php?rest_route=\/wp\/v2\/posts"}],"about":[{"href":"https:\/\/ulqini-online.com\/sajti\/index.php?rest_route=\/wp\/v2\/types\/post"}],"author":[{"embeddable":true,"href":"https:\/\/ulqini-online.com\/sajti\/index.php?rest_route=\/wp\/v2\/users\/1"}],"replies":[{"embeddable":true,"href":"https:\/\/ulqini-online.com\/sajti\/index.php?rest_route=%2Fwp%2Fv2%2Fcomments&post=16575"}],"version-history":[{"count":1,"href":"https:\/\/ulqini-online.com\/sajti\/index.php?rest_route=\/wp\/v2\/posts\/16575\/revisions"}],"predecessor-version":[{"id":16577,"href":"https:\/\/ulqini-online.com\/sajti\/index.php?rest_route=\/wp\/v2\/posts\/16575\/revisions\/16577"}],"wp:featuredmedia":[{"embeddable":true,"href":"https:\/\/ulqini-online.com\/sajti\/index.php?rest_route=\/wp\/v2\/media\/16576"}],"wp:attachment":[{"href":"https:\/\/ulqini-online.com\/sajti\/index.php?rest_route=%2Fwp%2Fv2%2Fmedia&parent=16575"}],"wp:term":[{"taxonomy":"category","embeddable":true,"href":"https:\/\/ulqini-online.com\/sajti\/index.php?rest_route=%2Fwp%2Fv2%2Fcategories&post=16575"},{"taxonomy":"post_tag","embeddable":true,"href":"https:\/\/ulqini-online.com\/sajti\/index.php?rest_route=%2Fwp%2Fv2%2Ftags&post=16575"}],"curies":[{"name":"wp","href":"https:\/\/api.w.org\/{rel}","templated":true}]}}