{"id":16463,"date":"2017-11-14T12:45:49","date_gmt":"2017-11-14T11:45:49","guid":{"rendered":"http:\/\/ulqini-online.com\/sajti\/?p=16463"},"modified":"2017-11-14T12:53:21","modified_gmt":"2017-11-14T11:53:21","slug":"16463","status":"publish","type":"post","link":"https:\/\/ulqini-online.com\/sajti\/?p=16463","title":{"rendered":"&#8221;Organe t\u00eb Komun\u00ebs s\u00eb Ulqinit nuk publikojn\u00eb t\u00eb gjitha informacionet edhe n\u00eb gjuh\u00ebn shqipe&#8221; &#8211; Ja rezultatet e plota t\u00eb hulumtimit t\u00eb OJQ \u201cHORIZONTI i RI\u201d"},"content":{"rendered":"<p><a href=\"https:\/\/ulqini-online.com\/sajti\/wp-content\/uploads\/2017\/11\/hulumtimi-horiznoti-ri.jpg\"><img loading=\"lazy\" decoding=\"async\" class=\"aligncenter wp-image-16465 size-full\" src=\"https:\/\/ulqini-online.com\/sajti\/wp-content\/uploads\/2017\/11\/hulumtimi-horiznoti-ri.jpg\" alt=\"\" width=\"602\" height=\"400\" srcset=\"https:\/\/ulqini-online.com\/sajti\/wp-content\/uploads\/2017\/11\/hulumtimi-horiznoti-ri.jpg 602w, https:\/\/ulqini-online.com\/sajti\/wp-content\/uploads\/2017\/11\/hulumtimi-horiznoti-ri-300x199.jpg 300w\" sizes=\"auto, (max-width: 602px) 100vw, 602px\" \/><\/a><\/p>\n<p>OJQ \u201cHORIZONTI i RI\u201d organizoi sot nj\u00eb konferenc\u00eb p\u00ebr media ku u prezantua rezultatet e hulumtimit t\u00eb pun\u00ebs s\u00eb organeve t\u00eb Komun\u00ebs s\u00eb Ulqinit, t\u00eb realizuar gjat\u00eb periudh\u00ebs korrik-shtator t\u00eb k\u00ebtij viti.<\/p>\n<p>Ky hulumtim fokusohet <strong>n\u00eb parimin e p\u00ebrgjegjshm\u00ebris\u00eb<\/strong>, i cili \u00ebsht\u00eb nj\u00eb nga shtyllat e Reform\u00ebs s\u00eb Administrat\u00ebs Publike n\u00eb Mal t\u00eb Zi. Zbatimi i k\u00ebtij parimi m\u00eb s\u00eb shumti pasqyrohet n\u00eb t\u00eb drejt\u00ebn p\u00ebr qasje t\u00eb lir\u00eb n\u00eb informata me r\u00ebnd\u00ebsi publike, si dhe n\u00eb praktik\u00ebn e publikimit proaktiv t\u00eb informatave nga organet e administrat\u00ebs. P\u00ebrmes k\u00ebtij procesi kemi monitoruar se si organet e Komun\u00ebs s\u00eb Ulqinit, zbatojn\u00eb Ligjin p\u00ebr Qasje t\u00eb Lir\u00eb n\u00eb Informata, ve\u00e7an\u00ebrisht, sa e respektojn\u00eb rregullin e publikimit proaktiv t\u00eb informatave p\u00ebr pun\u00ebn e tyre, thuhet nga <strong>OJQ \u201cHORIZONTI i RI\u201d<\/strong>.<\/p>\n<p>Synim i ve\u00e7ant\u00eb i k\u00ebtij hulumtimi ka qen\u00eb monitorimi i zbatimit t\u00eb parimit t\u00eb p\u00ebrgjegjshm\u00ebris\u00eb n\u00eb Kuvendin e Komun\u00ebs e pastaj edhe n\u00eb organet tjera Administrat\u00ebs Vendore.<\/p>\n<p>Gjat\u00eb k\u00ebtij procesi, nj\u00ebkoh\u00ebsisht kemi monitoruar dhe evidentuar se cilat informacione organet e Komun\u00ebs s\u00eb Ulqinit nuk i publikojn\u00eb edhe n\u00eb gjuh\u00ebn shqipe.<\/p>\n<p>M\u00eb posht\u00eb keni t\u00eb plot\u00eb prezantimin.<\/p>\n<p>&nbsp;<\/p>\n<p>&nbsp;<\/p>\n<p>&nbsp;<\/p>\n<p><strong>Prezantimi i hulumtimit \u201cVET\u00cbQEVERISJA LOKALE PROAKTIVE: KOMUNA E ULQINIT\u201d<\/strong><\/p>\n<p>Qeveria e Malit t\u00eb Zi n\u00eb korrik t\u00eb vitit t\u00eb kaluar miratoi Strategjin\u00eb e Reform\u00ebs n\u00eb Administrat\u00ebn Publike deri n\u00eb vitin 2020. Ky dokument i referohet administrat\u00ebs publike si n\u00eb nivelin shtet\u00ebror ashtu edhe n\u00eb at\u00eb lokal. Strategjia synon avancimin e Administrat\u00ebs Publike n\u00eb Malin e Zi, e cila duhet t\u00eb jet\u00eb n\u00eb sh\u00ebrbim t\u00eb qytetar\u00ebve dhe t\u00eb g\u00ebzoj\u00eb besimin e tyre. Kjo strategji \u00ebsht\u00eb nd\u00ebrtuar n\u00eb p\u00ebrputhje me parimet e administrat\u00ebs publike q\u00eb ka hartuar Bashkimi Evropian p\u00ebrmes programit SIGMA.<\/p>\n<p><strong>P\u00ebrgjegjshm\u00ebria<\/strong>, si nj\u00eb nga parimet kryesore t\u00eb k\u00ebsaj strategjie, reflektohet p\u00ebrmes shkall\u00ebs s\u00eb transparenc\u00ebs t\u00eb organeve t\u00eb administrat\u00ebs publike.<\/p>\n<p>Vet\u00ebqeverisjet vendore n\u00eb Mal t\u00eb Zi kan\u00eb shkall\u00eb brengos\u00ebse t\u00eb transparenc\u00ebs, e bashk\u00eb me t\u00eb edhe t\u00eb p\u00ebrgjegjshm\u00ebris\u00eb. Qasja n\u00eb informacionet q\u00eb posedojn\u00eb organet e komun\u00ebs, \u00ebsht\u00eb nj\u00eb mekaniz\u00ebm i r\u00ebnd\u00ebsish\u00ebm i p\u00ebrgjegjshm\u00ebris\u00eb n\u00eb raportin e qeverisjes vendore ndaj qytetar\u00ebve. Nj\u00eb komun\u00eb e hapur dhe e p\u00ebrgjegjshme kusht\u00ebzohet nga e drejta e qytetar\u00ebve p\u00ebr qasje n\u00eb informatat t\u00eb cilat ajo posedon.<\/p>\n<p>Megjithat\u00eb, situata reale n\u00eb Komun\u00ebn e Ulqinit nuk i p\u00ebrgjigjet k\u00ebtij konstatimi. N\u00eb Administrat\u00ebn e Komun\u00ebs nuk merret n\u00eb konsiderim fakti q\u00eb publikimi i rregullt i informacioneve leht\u00ebson duksh\u00ebm pun\u00ebn e saj\u00a0 dhe nj\u00ebkoh\u00ebsisht zvog\u00eblon numrin e k\u00ebrkesave p\u00ebr qasje t\u00eb lir\u00eb n\u00eb informata.<\/p>\n<p>&nbsp;<\/p>\n<p>N\u00eb k\u00ebt\u00eb kontekst, OJQ \u201cHorizonti i Ri\u201d ka realizuar nj\u00eb hulumtim t\u00eb detajuar, i cili fokusohet <strong>n\u00eb parimin e p\u00ebrgjegjshm\u00ebris\u00eb,<\/strong> si nj\u00eb nga shtyllat e Strategjis\u00eb t\u00eb Reform\u00ebs s\u00eb Administrat\u00ebs Publike. Zbatimi i k\u00ebtij parimi m\u00eb s\u00eb shumti pasqyrohet n\u00eb t\u00eb drejt\u00ebn p\u00ebr qasje t\u00eb lir\u00eb n\u00eb informata me r\u00ebnd\u00ebsi publike, si dhe n\u00eb praktik\u00ebn e publikimit proaktiv t\u00eb informatave nga organet e administrat\u00ebs.<\/p>\n<p>P\u00ebrmes k\u00ebtij procesi kemi monitoruar se si organet e Komun\u00ebs s\u00eb Ulqinit, zbatojn\u00eb Ligjin p\u00ebr Qasje t\u00eb Lir\u00eb n\u00eb Informata, i cili parasheh qart\u00eb detyrimin e organeve t\u00eb administrat\u00ebs publike q\u00eb informatat t\u2019i b\u00ebjn\u00eb t\u00eb qasshme p\u00ebr qytetar\u00ebt. Synim i ve\u00e7ant\u00eb i hulumtimit ka qen\u00eb monitorimi i zbatimit t\u00eb parimit t\u00eb p\u00ebrgjegjshm\u00ebris\u00eb n\u00eb Kuvendin e Komun\u00ebs e pastaj edhe n\u00eb organet tjera t\u00eb Administrat\u00ebs Vendore.<\/p>\n<p>Gjithashtu, gjat\u00eb k\u00ebtij procesi kemi monitoruar dhe evidentuar se <strong>cilat informacione organet e Komun\u00ebs s\u00eb Ulqinit nuk i publikojn\u00eb edhe n\u00eb gjuh\u00ebn shqipe<\/strong>.<\/p>\n<p>&nbsp;<\/p>\n<p>Hulumtimi n\u00eb m\u00ebnyr\u00eb t\u00eb qart\u00eb tregon se Komuna e Ulqinit pjes\u00ebrisht publikon informatat me r\u00ebnd\u00ebsi publike, n\u00eb faqen e vet t\u00eb internetit. Edhe pse publikimi i tyre proaktiv \u00ebsht\u00eb i detyruesh\u00ebm me ligj, Komuna e Ulqinit n\u00eb m\u00ebnyr\u00eb t\u00eb pamjaftueshme zbaton parimin e p\u00ebrgjegjshm\u00ebris\u00eb s\u00eb administrat\u00ebs publike.<\/p>\n<p><strong>Kuvendi i Komun\u00ebs s\u00eb Ulqinit, duke mos publikuar list\u00ebn e sakt\u00eb t\u00eb k\u00ebshilltar\u00ebve t\u00eb Kuvendit, procesverbalet nga mbledhjet e k\u00ebtij organi t\u00eb pushtetit, raportet nga mbledhjet e trupave punues t\u00eb Kuvendit, informatat p\u00ebr amendamentet q\u00eb dor\u00ebzohen si dhe rezultatet e votimit, v\u00ebshtir\u00ebson duksh\u00ebm informimin e qytetar\u00ebve p\u00ebr rezultatet e pun\u00ebs s\u00eb p\u00ebrfaq\u00ebsuesve t\u00eb tyre legjitim, por nj\u00ebkoh\u00ebsisht edhe kontrollin e pun\u00ebs s\u00eb tyre. <\/strong><\/p>\n<p>Vlen t\u00eb ve\u00e7ohet e dh\u00ebna se: <strong>Kryetari i Komun\u00ebs s\u00eb Ulqinit, dy n\u00ebnkryetar\u00eb, Ministri p\u00ebr T\u00eb Drejtat e Njeriut dhe Pakicave si dhe N\u00ebnkryetari i Kuvendit t\u00eb Malit t\u00eb Zi, sipas faqes zyrtare n\u00eb internet t\u00eb Komun\u00ebs s\u00eb Ulqinit, vazhdojn\u00eb t\u00eb ushtrojn\u00eb funksionin e k\u00ebshilltarit n\u00eb Parlamentin Lokal.<\/strong><\/p>\n<p>&nbsp;<\/p>\n<p>Po ashtu, mospublikimi i drafteve dhe propozimeve p\u00ebr shqyrtime publike, pastaj edhe i t\u00eb gjith\u00eb vendimeve q\u00eb miratohen n\u00eb Kuvend, e b\u00ebn pothuajse t\u00eb pamundur pjes\u00ebmarrjen e pal\u00ebve t\u00eb interesuara n\u00eb vendimmarrje si dhe p\u00ebrfshirjen e tyre n\u00eb krijimin e politikave publike me r\u00ebnd\u00ebsi p\u00ebr komunitetin lokal. Por ajo q\u00eb \u00ebsht\u00eb m\u00eb e r\u00ebnd\u00ebsishme n\u00eb k\u00ebt\u00eb kontekst, \u00ebsht\u00eb fakti q\u00eb <strong>as Rregullorja e Pun\u00ebs s\u00eb Kuvendit, si dokumenti m\u00eb i r\u00ebnd\u00ebsish\u00ebm i k\u00ebtij organi, nuk \u00ebsht\u00eb publikuar n\u00eb faqen e internetit t\u00eb Komun\u00ebs s\u00eb Ulqinit.<\/strong><\/p>\n<p>&nbsp;<\/p>\n<p>Komuna e Ulqinit respekton pjes\u00ebrisht dispozitat ligjore p\u00ebr shqyrtimin publik. Mir\u00ebpo, duke mos publikuar raportet nga shqyrtimet publike, qytetar\u00ebt t\u00eb cil\u00ebt nuk jan\u00eb pjes\u00eb aktive e k\u00ebtyre aktiviteteve t\u00eb Komun\u00ebs, nuk mund t\u00eb informohen p\u00ebr rezultatet e tyre.<\/p>\n<p>&nbsp;<\/p>\n<p><strong>Komuna e Ulqinit nuk publikon list\u00ebn e funksionar\u00ebve publik, t\u00eb zyrtar\u00ebve dhe punonj\u00ebsve t\u00eb Administrat\u00ebs Vendore <\/strong>si dhe detyrat q\u00eb ata kryejn\u00eb. Me k\u00ebt\u00eb, jo vet\u00ebm q\u00eb shkelen normat ligjore dhe parimi i p\u00ebrgjegjshm\u00ebris\u00eb, por d\u00ebrgohet edhe nj\u00eb mesazh p\u00ebr publikun e gjer\u00eb, q\u00eb p\u00ebr Komun\u00ebn nuk \u00ebsht\u00eb shum\u00eb i r\u00ebnd\u00ebsish\u00ebm komunikimi dhe kontakti i drejtp\u00ebrdrejt\u00eb n\u00eb mes t\u00eb zyrtar\u00ebve dhe qytetar\u00ebve.<\/p>\n<p>&nbsp;<\/p>\n<p>Nj\u00eb nd\u00ebr rezultatet m\u00eb befasues t\u00eb k\u00ebtij hulumtimi, padyshim q\u00eb \u00ebsht\u00eb <strong>mospublikimi i informacioneve n\u00eb gjuh\u00ebn shqipe<\/strong>. N\u00eb faqen zyrtare n\u00eb internet t\u00eb Komun\u00ebs s\u00eb Ulqinit publikohet nj\u00eb num\u00ebr shum\u00eb i vog\u00ebl i dokumenteve n\u00eb gjuh\u00ebn shqipe. <strong>Statutit i Komun\u00ebs \u00ebsht\u00eb dokumenti i vet\u00ebm n\u00eb gjuh\u00ebn shqipe i publikuar n\u00eb faqen e internetit t\u00eb Komun\u00ebs<\/strong> <strong>s\u00eb Ulqinit<\/strong>.<\/p>\n<p>N\u00eb kategorin\u00eb \u201eVendimet e miratuara\u201c t\u00eb faqes s\u00eb internetit t\u00eb Komun\u00ebs, nuk \u00ebsht\u00eb publikuar asnj\u00eb vendim n\u00eb gjuh\u00ebn shqipe.<\/p>\n<p>Nga 22 formular\u00eb t\u00eb publikuar n\u00eb gjuh\u00ebn malazeze n\u00eb kategorin\u00eb \u201eK\u00ebrkesat dhe formular\u00ebt\u201c, vet\u00ebm <em>Flet\u00ebparaqitja Tatimore<\/em> \u00ebsht\u00eb publikuar n\u00eb gjuh\u00ebn shqipe.<\/p>\n<p>&nbsp;<\/p>\n<p>Mungesa e p\u00ebrgjegjshm\u00ebris\u00eb ndaj publikut v\u00ebrehet edhe n\u00eb faktin se <strong>asnj\u00eb organ i Vet\u00ebqeverisjes Vendore nuk ka publikuar n\u00eb gjuh\u00ebn shqipe Udh\u00ebzuesin p\u00ebr Qasje t\u00eb Lir\u00eb n\u00eb Informata.<\/strong><\/p>\n<p>Komuna e Ulqinit n\u00eb k\u00ebt\u00eb m\u00ebnyr\u00eb v\u00ebshtir\u00ebson direkt t\u00eb drejt\u00ebn e qytetar\u00ebve p\u00ebr qasje t\u00eb lir\u00eb n\u00eb informata. Qytetar\u00ebt t\u00eb cil\u00ebt d\u00ebshirojn\u00eb t&#8217;i qasen informatave n\u00eb gjuh\u00ebn shqipe n\u00eb faqen e internetit t\u00eb Komun\u00ebs s\u00eb Ulqinit, ballafaqohen me munges\u00ebn e dokumenteve dhe formular\u00ebve n\u00eb gjuh\u00ebn e vet amtare.<\/p>\n<p>Rezultatet e plote t\u00eb hulumtimit mund t&#8217;i gjeni <a href=\"http:\/\/www.ngo-horizonti.org\/wp-content\/uploads\/2017\/11\/VETEQEVERISJA-LOKALE-PROAKTIVE.pdf\" target=\"_blank\" rel=\"noopener\"><strong>k\u00ebtu<\/strong><\/a>.<\/p>\n<p>&nbsp;<\/p>\n<p><strong>Ky hulumtim u realizua n\u00eb kuad\u00ebr t\u00eb projektit WeBER &#8211; Programi i shoq\u00ebris\u00eb civile t\u00eb Ballkanit Per\u00ebndimor p\u00ebr monitorimin e reform\u00ebs s\u00eb administrat\u00ebs publike n\u00eb nivelin lokal, t\u00eb cilin e financon Bashkimi Evropian dhe Ambasada e Mbret\u00ebris\u00eb s\u00eb Holand\u00ebs.<\/strong><\/p>\n","protected":false},"excerpt":{"rendered":"<p>OJQ \u201cHORIZONTI i RI\u201d organizoi sot nj\u00eb konferenc\u00eb p\u00ebr media ku u prezantua rezultatet e hulumtimit t\u00eb pun\u00ebs s\u00eb organeve t\u00eb Komun\u00ebs s\u00eb Ulqinit, t\u00eb realizuar gjat\u00eb periudh\u00ebs korrik-shtator t\u00eb k\u00ebtij viti. Ky hulumtim fokusohet n\u00eb parimin e p\u00ebrgjegjshm\u00ebris\u00eb, i cili \u00ebsht\u00eb nj\u00eb nga shtyllat e Reform\u00ebs s\u00eb Administrat\u00ebs Publike n\u00eb Mal t\u00eb Zi. Zbatimi [&hellip;]<\/p>\n","protected":false},"author":1,"featured_media":16465,"comment_status":"closed","ping_status":"open","sticky":false,"template":"","format":"standard","meta":{"_seopress_robots_primary_cat":"","_seopress_titles_title":"","_seopress_titles_desc":"","_seopress_robots_index":"","footnotes":""},"categories":[2,4],"tags":[1380],"class_list":["post-16463","post","type-post","status-publish","format-standard","has-post-thumbnail","hentry","category-aktualitet","category-kronike","tag-ojq-horizonti-ri"],"_links":{"self":[{"href":"https:\/\/ulqini-online.com\/sajti\/index.php?rest_route=\/wp\/v2\/posts\/16463","targetHints":{"allow":["GET"]}}],"collection":[{"href":"https:\/\/ulqini-online.com\/sajti\/index.php?rest_route=\/wp\/v2\/posts"}],"about":[{"href":"https:\/\/ulqini-online.com\/sajti\/index.php?rest_route=\/wp\/v2\/types\/post"}],"author":[{"embeddable":true,"href":"https:\/\/ulqini-online.com\/sajti\/index.php?rest_route=\/wp\/v2\/users\/1"}],"replies":[{"embeddable":true,"href":"https:\/\/ulqini-online.com\/sajti\/index.php?rest_route=%2Fwp%2Fv2%2Fcomments&post=16463"}],"version-history":[{"count":6,"href":"https:\/\/ulqini-online.com\/sajti\/index.php?rest_route=\/wp\/v2\/posts\/16463\/revisions"}],"predecessor-version":[{"id":16471,"href":"https:\/\/ulqini-online.com\/sajti\/index.php?rest_route=\/wp\/v2\/posts\/16463\/revisions\/16471"}],"wp:featuredmedia":[{"embeddable":true,"href":"https:\/\/ulqini-online.com\/sajti\/index.php?rest_route=\/wp\/v2\/media\/16465"}],"wp:attachment":[{"href":"https:\/\/ulqini-online.com\/sajti\/index.php?rest_route=%2Fwp%2Fv2%2Fmedia&parent=16463"}],"wp:term":[{"taxonomy":"category","embeddable":true,"href":"https:\/\/ulqini-online.com\/sajti\/index.php?rest_route=%2Fwp%2Fv2%2Fcategories&post=16463"},{"taxonomy":"post_tag","embeddable":true,"href":"https:\/\/ulqini-online.com\/sajti\/index.php?rest_route=%2Fwp%2Fv2%2Ftags&post=16463"}],"curies":[{"name":"wp","href":"https:\/\/api.w.org\/{rel}","templated":true}]}}