{"id":15893,"date":"2017-09-25T10:00:59","date_gmt":"2017-09-25T08:00:59","guid":{"rendered":"http:\/\/ulqini-online.com\/sajti\/?p=15893"},"modified":"2017-09-25T10:42:04","modified_gmt":"2017-09-25T08:42:04","slug":"cila-do-te-ishte-porosia-ime-per-gazetaret-qe-sot-veprojne-ne-komunitet","status":"publish","type":"post","link":"https:\/\/ulqini-online.com\/sajti\/?p=15893","title":{"rendered":"Cila do te ishte porosia ime p\u00ebr gazetar\u00ebt q\u00eb sot veprojn\u00eb n\u00eb komunitet?"},"content":{"rendered":"<p><a href=\"https:\/\/ulqini-online.com\/sajti\/wp-content\/uploads\/2017\/09\/gazetaria-internetiradio-televizioni.jpg\"><img loading=\"lazy\" decoding=\"async\" class=\"aligncenter wp-image-15894 \" src=\"https:\/\/ulqini-online.com\/sajti\/wp-content\/uploads\/2017\/09\/gazetaria-internetiradio-televizioni.jpg\" alt=\"\" width=\"612\" height=\"345\" srcset=\"https:\/\/ulqini-online.com\/sajti\/wp-content\/uploads\/2017\/09\/gazetaria-internetiradio-televizioni.jpg 532w, https:\/\/ulqini-online.com\/sajti\/wp-content\/uploads\/2017\/09\/gazetaria-internetiradio-televizioni-300x169.jpg 300w\" sizes=\"auto, (max-width: 612px) 100vw, 612px\" \/><\/a><\/p>\n<p><strong>Nga Beqir Sina<\/strong><\/p>\n<p>Meqen\u00ebse, e fillova nj\u00eb intervist timen me gazetarin\u00eb shqiptare, po p\u00ebrpiqem t\u00eb jap edhe porosin\u00eb time si gazetar, 27 vje\u00e7ar n\u00eb komunitetin shqiptar n\u00eb SHBA.<\/p>\n<p>&nbsp;<\/p>\n<p>&#8220;Ne gazetar\u00ebt nuk duhet t\u00eb shikojm\u00eb jo vet\u00ebm n\u00ebse na paguajn\u00eb, sa na paguajn\u00eb dhe kush na paguan. Por, duhet t\u00eb shikojm\u00eb realitetin dhe ngjarjen ashtu si\u00e7 \u00ebsht\u00eb, pavar\u00ebsisht se dikujt i p\u00eblqen apo jo, se dikush preket, apo nuk preket.<\/p>\n<p>&nbsp;<\/p>\n<p>Mendoj se k\u00ebtu nuk ka asnj\u00eb penges\u00eb t\u00eb pakalueshme.<\/p>\n<p>&nbsp;<\/p>\n<p>Gazetari nuk duhet t\u00eb varet nga interesi i partis\u00eb n\u00eb pushtet dhe ky \u00ebsht\u00eb parimi i par\u00eb. P\u00ebrndryshe ai do t\u00eb b\u00ebhet rob i autocensur\u00ebs. Ai duhet t\u00eb ndjek\u00eb parimin e liris\u00eb s\u00eb fjal\u00ebs dhe t\u00eb shprehjes, q\u00eb jan\u00eb thelb\u00ebsore p\u00ebr gazetarin\u00eb n\u00eb mbar\u00eb bot\u00ebn.<\/p>\n<p>&nbsp;<\/p>\n<p>Nuk ka gazetari dhe gazetar t\u00eb lir\u00eb n\u00eb demokraci n\u00ebse lajmin e b\u00ebn nga nj\u00ebra an\u00eb, duke shikuar nga qeveria dhe nga ana tjet\u00ebr duke par\u00eb nga \u201cparaja\u201d. Liria, \u00ebsht\u00eb kuptimi i demokracis\u00eb, dhe kjo \u00ebsht\u00eb demokracia: Amendamenti i par\u00eb i Kushtetut\u00ebs s\u00eb Shteteve t\u00eb Bashkuara ndalon me ligj censur\u00ebn, mbron me ligj lirin\u00eb e fjal\u00ebs, t\u00eb shtypit, t\u00eb fes\u00eb e t\u00eb tjera dhe \u00ebsht\u00eb parimi nga mund t\u00eb m\u00ebsohet n\u00eb rast se d\u00ebshiron t\u00eb jesh gazetar i mir\u00eb&#8221;.<\/p>\n","protected":false},"excerpt":{"rendered":"<p>Nga Beqir Sina Meqen\u00ebse, e fillova nj\u00eb intervist timen me gazetarin\u00eb shqiptare, po p\u00ebrpiqem t\u00eb jap edhe porosin\u00eb time si gazetar, 27 vje\u00e7ar n\u00eb komunitetin shqiptar n\u00eb SHBA. &nbsp; &#8220;Ne gazetar\u00ebt nuk duhet t\u00eb shikojm\u00eb jo vet\u00ebm n\u00ebse na paguajn\u00eb, sa na paguajn\u00eb dhe kush na paguan. Por, duhet t\u00eb shikojm\u00eb realitetin dhe ngjarjen ashtu [&hellip;]<\/p>\n","protected":false},"author":1,"featured_media":15894,"comment_status":"closed","ping_status":"open","sticky":false,"template":"","format":"standard","meta":{"_seopress_robots_primary_cat":"","_seopress_titles_title":"","_seopress_titles_desc":"","_seopress_robots_index":"","footnotes":""},"categories":[2,12],"tags":[1225,1226],"class_list":["post-15893","post","type-post","status-publish","format-standard","has-post-thumbnail","hentry","category-aktualitet","category-opinione","tag-gazetaria","tag-mediat-elektronike"],"_links":{"self":[{"href":"https:\/\/ulqini-online.com\/sajti\/index.php?rest_route=\/wp\/v2\/posts\/15893","targetHints":{"allow":["GET"]}}],"collection":[{"href":"https:\/\/ulqini-online.com\/sajti\/index.php?rest_route=\/wp\/v2\/posts"}],"about":[{"href":"https:\/\/ulqini-online.com\/sajti\/index.php?rest_route=\/wp\/v2\/types\/post"}],"author":[{"embeddable":true,"href":"https:\/\/ulqini-online.com\/sajti\/index.php?rest_route=\/wp\/v2\/users\/1"}],"replies":[{"embeddable":true,"href":"https:\/\/ulqini-online.com\/sajti\/index.php?rest_route=%2Fwp%2Fv2%2Fcomments&post=15893"}],"version-history":[{"count":1,"href":"https:\/\/ulqini-online.com\/sajti\/index.php?rest_route=\/wp\/v2\/posts\/15893\/revisions"}],"predecessor-version":[{"id":15895,"href":"https:\/\/ulqini-online.com\/sajti\/index.php?rest_route=\/wp\/v2\/posts\/15893\/revisions\/15895"}],"wp:featuredmedia":[{"embeddable":true,"href":"https:\/\/ulqini-online.com\/sajti\/index.php?rest_route=\/wp\/v2\/media\/15894"}],"wp:attachment":[{"href":"https:\/\/ulqini-online.com\/sajti\/index.php?rest_route=%2Fwp%2Fv2%2Fmedia&parent=15893"}],"wp:term":[{"taxonomy":"category","embeddable":true,"href":"https:\/\/ulqini-online.com\/sajti\/index.php?rest_route=%2Fwp%2Fv2%2Fcategories&post=15893"},{"taxonomy":"post_tag","embeddable":true,"href":"https:\/\/ulqini-online.com\/sajti\/index.php?rest_route=%2Fwp%2Fv2%2Ftags&post=15893"}],"curies":[{"name":"wp","href":"https:\/\/api.w.org\/{rel}","templated":true}]}}