{"id":15108,"date":"2017-07-28T11:32:06","date_gmt":"2017-07-28T09:32:06","guid":{"rendered":"http:\/\/ulqini-online.com\/sajti\/?p=15108"},"modified":"2017-07-28T11:33:43","modified_gmt":"2017-07-28T09:33:43","slug":"qeveria-e-malit-te-zi-ndihmon-komunen-e-ulqinit-me-300-000-euro","status":"publish","type":"post","link":"https:\/\/ulqini-online.com\/sajti\/?p=15108","title":{"rendered":"Qeveria e Malit t\u00eb Zi ndihmon Komun\u00ebn e Ulqinit me 300 000 euro"},"content":{"rendered":"<p><a href=\"https:\/\/ulqini-online.com\/sajti\/wp-content\/uploads\/2014\/11\/Komuna-Ulqin.jpg\"><img loading=\"lazy\" decoding=\"async\" class=\"aligncenter wp-image-119 size-full\" src=\"https:\/\/ulqini-online.com\/sajti\/wp-content\/uploads\/2014\/11\/Komuna-Ulqin.jpg\" alt=\"\" width=\"560\" height=\"420\" srcset=\"https:\/\/ulqini-online.com\/sajti\/wp-content\/uploads\/2014\/11\/Komuna-Ulqin.jpg 560w, https:\/\/ulqini-online.com\/sajti\/wp-content\/uploads\/2014\/11\/Komuna-Ulqin-300x225.jpg 300w\" sizes=\"auto, (max-width: 560px) 100vw, 560px\" \/><\/a><\/p>\n<p>Qeveria e Malit t\u00eb Zi ka mbajtur mbledhjen e saj t\u00eb 36-t\u00eb prej nga e cila ka dalur me nj\u00eb kumtes\u00eb.<\/p>\n<p>Nd\u00ebr shum\u00eb vendime t\u00eb aprovuar nga qeveria e Malit t\u00eb Zi bie n\u00eb sy edhe ai q\u00eb ka t\u00eb b\u00ebj\u00eb me Komun\u00ebn e Ulqinit.<\/p>\n<p>K\u00ebshtu, Qeveria e Malit t\u00eb Zi ka miratuar nj\u00eb propozim p\u00ebr sigurimin e fondeve nga rezerva e buxhetit aktual p\u00ebr mb\u00ebshtetje financiare p\u00ebr Cetin\u00ebn me q\u00ebllim t\u00eb shpron\u00ebsimit t\u00eb pasurive t\u00eb patundshme si dhe propozimin p\u00ebr sigurimin e fondeve nga rezerva e buxhetit aktual p\u00ebr ndihm\u00eb financiare p\u00ebr komun\u00ebn e Ulqinit. Cetin\u00ebs do ti paguhen 250000 euro kurse Komun\u00ebs s\u00eb Ulqinit 300 000 euro.<\/p>\n","protected":false},"excerpt":{"rendered":"<p>Qeveria e Malit t\u00eb Zi ka mbajtur mbledhjen e saj t\u00eb 36-t\u00eb prej nga e cila ka dalur me nj\u00eb kumtes\u00eb. Nd\u00ebr shum\u00eb vendime t\u00eb aprovuar nga qeveria e Malit t\u00eb Zi bie n\u00eb sy edhe ai q\u00eb ka t\u00eb b\u00ebj\u00eb me Komun\u00ebn e Ulqinit. K\u00ebshtu, Qeveria e Malit t\u00eb Zi ka miratuar nj\u00eb propozim [&hellip;]<\/p>\n","protected":false},"author":1,"featured_media":119,"comment_status":"closed","ping_status":"open","sticky":false,"template":"","format":"standard","meta":{"_seopress_robots_primary_cat":"","_seopress_titles_title":"","_seopress_titles_desc":"","_seopress_robots_index":"","footnotes":""},"categories":[2,3],"tags":[79,979,28],"class_list":["post-15108","post","type-post","status-publish","format-standard","has-post-thumbnail","hentry","category-aktualitet","category-politike","tag-komuna-e-ulqinit","tag-qeveria-e-malit-te-zi","tag-ulqin"],"_links":{"self":[{"href":"https:\/\/ulqini-online.com\/sajti\/index.php?rest_route=\/wp\/v2\/posts\/15108","targetHints":{"allow":["GET"]}}],"collection":[{"href":"https:\/\/ulqini-online.com\/sajti\/index.php?rest_route=\/wp\/v2\/posts"}],"about":[{"href":"https:\/\/ulqini-online.com\/sajti\/index.php?rest_route=\/wp\/v2\/types\/post"}],"author":[{"embeddable":true,"href":"https:\/\/ulqini-online.com\/sajti\/index.php?rest_route=\/wp\/v2\/users\/1"}],"replies":[{"embeddable":true,"href":"https:\/\/ulqini-online.com\/sajti\/index.php?rest_route=%2Fwp%2Fv2%2Fcomments&post=15108"}],"version-history":[{"count":2,"href":"https:\/\/ulqini-online.com\/sajti\/index.php?rest_route=\/wp\/v2\/posts\/15108\/revisions"}],"predecessor-version":[{"id":15110,"href":"https:\/\/ulqini-online.com\/sajti\/index.php?rest_route=\/wp\/v2\/posts\/15108\/revisions\/15110"}],"wp:featuredmedia":[{"embeddable":true,"href":"https:\/\/ulqini-online.com\/sajti\/index.php?rest_route=\/wp\/v2\/media\/119"}],"wp:attachment":[{"href":"https:\/\/ulqini-online.com\/sajti\/index.php?rest_route=%2Fwp%2Fv2%2Fmedia&parent=15108"}],"wp:term":[{"taxonomy":"category","embeddable":true,"href":"https:\/\/ulqini-online.com\/sajti\/index.php?rest_route=%2Fwp%2Fv2%2Fcategories&post=15108"},{"taxonomy":"post_tag","embeddable":true,"href":"https:\/\/ulqini-online.com\/sajti\/index.php?rest_route=%2Fwp%2Fv2%2Ftags&post=15108"}],"curies":[{"name":"wp","href":"https:\/\/api.w.org\/{rel}","templated":true}]}}