{"id":15004,"date":"2017-07-18T11:36:57","date_gmt":"2017-07-18T09:36:57","guid":{"rendered":"http:\/\/ulqini-online.com\/sajti\/?p=15004"},"modified":"2017-07-18T11:39:17","modified_gmt":"2017-07-18T09:39:17","slug":"nato-i-dergon-ndihme-malit-te-zi-per-shuarjen-e-zjarreve","status":"publish","type":"post","link":"https:\/\/ulqini-online.com\/sajti\/?p=15004","title":{"rendered":"NATO i d\u00ebrgon ndihm\u00eb Malit t\u00eb Zi p\u00ebr shuarjen e zjarreve"},"content":{"rendered":"<p><a href=\"https:\/\/ulqini-online.com\/sajti\/wp-content\/uploads\/2017\/07\/nato-ndihme-mali-zi-zjarre.jpg\"><img loading=\"lazy\" decoding=\"async\" class=\"aligncenter wp-image-15005 size-full\" src=\"https:\/\/ulqini-online.com\/sajti\/wp-content\/uploads\/2017\/07\/nato-ndihme-mali-zi-zjarre.jpg\" alt=\"\" width=\"464\" height=\"350\" srcset=\"https:\/\/ulqini-online.com\/sajti\/wp-content\/uploads\/2017\/07\/nato-ndihme-mali-zi-zjarre.jpg 464w, https:\/\/ulqini-online.com\/sajti\/wp-content\/uploads\/2017\/07\/nato-ndihme-mali-zi-zjarre-300x226.jpg 300w\" sizes=\"auto, (max-width: 464px) 100vw, 464px\" \/><\/a><\/p>\n<p>NATO dhe aleat\u00ebt e saj do t\u00eb ndihmojn\u00eb Malin e Zi p\u00ebr t\u00eb luftuar ne shuarjen e zjarreve duke d\u00ebrguar avionin t\u00eb ashtuquajturit kanader, meson DN nga kjo aleanc\u00eb.<\/p>\n<p>Nga kjo aleanc\u00eb thon\u00eb se autoritetet malazeze mbreme kanr d\u00ebrguar nj\u00eb k\u00ebrkes\u00eb p\u00ebr ndihm\u00eb nga NATO-s, duke k\u00ebrkuar nga Aleanca dhe aleat\u00ebt e saj nj\u00eb aeroplan kanader, n\u00eb mb\u00ebshtetje t\u00eb p\u00ebrpjekjeve t\u00eb Malit t\u00eb Zi p\u00ebr t\u00eb p\u00ebrballuar zjarret q\u00eb kane kapluar kryeqytetin dhe nje pjese te bregdetit.<\/p>\n","protected":false},"excerpt":{"rendered":"<p>NATO dhe aleat\u00ebt e saj do t\u00eb ndihmojn\u00eb Malin e Zi p\u00ebr t\u00eb luftuar ne shuarjen e zjarreve duke d\u00ebrguar avionin t\u00eb ashtuquajturit kanader, meson DN nga kjo aleanc\u00eb. Nga kjo aleanc\u00eb thon\u00eb se autoritetet malazeze mbreme kanr d\u00ebrguar nj\u00eb k\u00ebrkes\u00eb p\u00ebr ndihm\u00eb nga NATO-s, duke k\u00ebrkuar nga Aleanca dhe aleat\u00ebt e saj nj\u00eb aeroplan [&hellip;]<\/p>\n","protected":false},"author":1,"featured_media":15005,"comment_status":"closed","ping_status":"open","sticky":false,"template":"","format":"standard","meta":{"_seopress_robots_primary_cat":"","_seopress_titles_title":"","_seopress_titles_desc":"","_seopress_robots_index":"","footnotes":""},"categories":[2,4],"tags":[943,569,942],"class_list":["post-15004","post","type-post","status-publish","format-standard","has-post-thumbnail","hentry","category-aktualitet","category-kronike","tag-mali-i-zi","tag-nato","tag-zjarret"],"_links":{"self":[{"href":"https:\/\/ulqini-online.com\/sajti\/index.php?rest_route=\/wp\/v2\/posts\/15004","targetHints":{"allow":["GET"]}}],"collection":[{"href":"https:\/\/ulqini-online.com\/sajti\/index.php?rest_route=\/wp\/v2\/posts"}],"about":[{"href":"https:\/\/ulqini-online.com\/sajti\/index.php?rest_route=\/wp\/v2\/types\/post"}],"author":[{"embeddable":true,"href":"https:\/\/ulqini-online.com\/sajti\/index.php?rest_route=\/wp\/v2\/users\/1"}],"replies":[{"embeddable":true,"href":"https:\/\/ulqini-online.com\/sajti\/index.php?rest_route=%2Fwp%2Fv2%2Fcomments&post=15004"}],"version-history":[{"count":3,"href":"https:\/\/ulqini-online.com\/sajti\/index.php?rest_route=\/wp\/v2\/posts\/15004\/revisions"}],"predecessor-version":[{"id":15008,"href":"https:\/\/ulqini-online.com\/sajti\/index.php?rest_route=\/wp\/v2\/posts\/15004\/revisions\/15008"}],"wp:featuredmedia":[{"embeddable":true,"href":"https:\/\/ulqini-online.com\/sajti\/index.php?rest_route=\/wp\/v2\/media\/15005"}],"wp:attachment":[{"href":"https:\/\/ulqini-online.com\/sajti\/index.php?rest_route=%2Fwp%2Fv2%2Fmedia&parent=15004"}],"wp:term":[{"taxonomy":"category","embeddable":true,"href":"https:\/\/ulqini-online.com\/sajti\/index.php?rest_route=%2Fwp%2Fv2%2Fcategories&post=15004"},{"taxonomy":"post_tag","embeddable":true,"href":"https:\/\/ulqini-online.com\/sajti\/index.php?rest_route=%2Fwp%2Fv2%2Ftags&post=15004"}],"curies":[{"name":"wp","href":"https:\/\/api.w.org\/{rel}","templated":true}]}}