{"id":15002,"date":"2017-07-18T11:21:17","date_gmt":"2017-07-18T09:21:17","guid":{"rendered":"http:\/\/ulqini-online.com\/sajti\/?p=15002"},"modified":"2017-07-18T11:21:17","modified_gmt":"2017-07-18T09:21:17","slug":"pse-pushteti-i-malit-te-zi-nuk-e-hjek-objektin-e-imponuar-ne-malin-e-rumise","status":"publish","type":"post","link":"https:\/\/ulqini-online.com\/sajti\/?p=15002","title":{"rendered":"PSE PUSHTETI I MALIT T\u00cb ZI NUK E HJEK OBJEKTIN E IMPONUAR N\u00cb MALIN E RUMIS\u00cb?"},"content":{"rendered":"<p><a href=\"https:\/\/ulqini-online.com\/sajti\/wp-content\/uploads\/2015\/07\/kisha-rumi.jpg\"><img loading=\"lazy\" decoding=\"async\" class=\"aligncenter wp-image-4834 size-full\" src=\"https:\/\/ulqini-online.com\/sajti\/wp-content\/uploads\/2015\/07\/kisha-rumi.jpg\" alt=\"\" width=\"468\" height=\"332\" srcset=\"https:\/\/ulqini-online.com\/sajti\/wp-content\/uploads\/2015\/07\/kisha-rumi.jpg 468w, https:\/\/ulqini-online.com\/sajti\/wp-content\/uploads\/2015\/07\/kisha-rumi-300x213.jpg 300w\" sizes=\"auto, (max-width: 468px) 100vw, 468px\" \/><\/a><\/p>\n<p>Shkruan Xheladin Zeneli<\/p>\n<p>&nbsp;<\/p>\n<p>12 vite m\u00eb par\u00eb ( pra n\u00eb vitin 2005), me iniciativ\u00ebn e Kish\u00ebs Ortotokse t\u00eb Serbis\u00eb,n\u00eb malin e Rumis\u00eb ( n\u00eb zon\u00ebn e Kraj\u00ebs), u vendos objekti metalik p\u00ebrmes helikopterit t\u00eb ushtris\u00eb s\u00eb shtetit t\u00eb at\u00ebhersh\u00ebm t\u00eb p\u00ebrbashk\u00ebt Serbis\u00eb dhe Malit t\u00eb Zi.<\/p>\n<p>Objekti metalik n\u00eb fjal\u00eb nuk meriton t\u00eb quhet Kish\u00eb sepse nuk shfryt\u00ebzohet nga besimtar\u00ebt dhe nuk ka asgj\u00eb t\u00eb b\u00ebj\u00eb me fen\u00eb dhe shihet qart\u00eb se \u00ebsht\u00eb vendosur aty me nj\u00eb q\u00ebllim dhe prapavij\u00eb politike t\u00eb caktuar.<\/p>\n<p>Pushteti dhe qeveria e Malit t\u00eb Zi jan\u00eb t\u00eb vet\u00ebdijsh\u00ebm se ky objekt \u00ebsht\u00eb vendosur n\u00eb m\u00ebnyr\u00eb t\u00eb paligjshme ( lidhur me k\u00ebt\u00eb ata jan\u00eb deklaruar publikisht) dhe q\u00eb p\u00ebr 12 vite t\u00eb t\u00ebra nuk kan\u00eb d\u00ebshmuar gatishm\u00ebri apo nuk nuk kan\u00eb treguar guxim q\u00eb t&#8217;a heqin objektin i cili konsiderohet si objekt provokues nga banor\u00ebt e vendbanimeve p\u00ebrreth.<\/p>\n<p>Pyetjeve q\u00eb nuk mund t&#8217;i shmangemi n\u00eb k\u00ebt\u00eb rast jan\u00eb se,<\/p>\n<p>-Pse tash 12 vite t\u00eb t\u00ebra nuk vepron &#8220;shteti ligjor&#8221; i Malit t\u00eb Zi p\u00ebr t\u00eb hequr nj\u00eb objekt t\u00eb paligjsh\u00ebm n\u00eb Rumi ?!!<\/p>\n<p>-Ku jan\u00eb tani t\u00eb ashtuquajturat nj\u00ebsi speciale t\u00eb Malit Zi q\u00eb nuk angazhohen n\u00eb heqjen e objektit n\u00eb maj\u00ebn e Rumis\u00eb?.<\/p>\n<p>&nbsp;<\/p>\n<p>&nbsp;<\/p>\n<p>Por i nj\u00ebjti pushtet dhe t\u00eb nj\u00ebjtat nj\u00ebsi speciale nuk hezitojn\u00eb aspak q\u00eb t\u00eb veprojn\u00eb dhe t\u00eb nd\u00ebrmarrin aksione policore ndaj shqiptar\u00ebve dhe t\u00eb demonstrojn\u00eb forc\u00ebn dhe dhun\u00ebn ndaj t\u00eb rinj\u00ebve n\u00eb lokalet dhe kafenet\u00eb e Ulqinit apo mundohen t\u00eb heqin flamurin kuq e zi nga sht\u00ebpia e nj\u00eb banori shqiptar n\u00eb Tuz t\u00eb Mal\u00ebsis\u00eb dhe shum\u00eb sjellje t\u00eb tjera t\u00eb ngjajshme !. ( Ju rikujtojm\u00eb aksionin fam\u00ebkeq &#8221; Fluturimi i Shqiponj\u00ebs&#8221; n\u00eb vitin 2006 ndaj shqiptar\u00ebve n\u00eb Mal\u00ebsi).<\/p>\n<p>&nbsp;<\/p>\n<p>&nbsp;<\/p>\n<p>Por shqiptar\u00ebt n\u00eb Mal t\u00eb Zi nuk ka kush ti mbroj\u00eb, kurse objekti metalik mbrohet nga Serbia dhe elementi klerik i saj dhe prishja e marr\u00ebdh\u00ebnieve me &#8220;v\u00ebllaun e madh&#8221; t\u00eb tyre nuk i konvenon aspak Malit t\u00eb Zi.<\/p>\n<p>Mali i Zi edhe pse shpalli pavar\u00ebsin\u00eb n\u00eb vitin 2006 gjith\u00ebnj\u00eb mvaret ekonomikisht dhe mban lidhje t\u00eb ngushta tradicionale dhe kulturore me Serbin\u00eb.<\/p>\n<p>Mos t&#8217;ju mashtroj\u00eb retorika e her\u00eb pas hershme kund\u00ebrshtare e politikan\u00ebve qeveritar n\u00eb Podgoric\u00eb ndaj atyre t\u00eb Beogradit, se kjo \u00ebsht\u00eb vet\u00ebm p\u00ebr konsumin politik.<\/p>\n<p>N\u00eb esenc\u00eb Serbia gjith\u00ebnj\u00eb mbetet &#8220;v\u00ebllau i madh&#8221; i Malit t\u00eb Zi !.<\/p>\n<p>Gjithashtu, n\u00ebse Serbia dhe Mali i Zi kan\u00eb dallime p\u00ebr \u00e7\u00ebshtje t\u00eb ndryshme politike ,kur jan\u00eb n\u00eb pyetje shqiptar\u00ebt t\u00eb cil\u00ebt jetojn\u00eb n\u00ebn administrimin e shteteve t\u00eb tyre ata udh\u00ebheqin politik\u00eb t\u00eb ngjajshme dhe pajtohen plot\u00ebsisht n\u00eb trajtimin diskriminues dhe n\u00ebnshtrues t\u00eb tyre.<\/p>\n<p>&nbsp;<\/p>\n<p>18 Korrik 2017<\/p>\n","protected":false},"excerpt":{"rendered":"<p>Shkruan Xheladin Zeneli &nbsp; 12 vite m\u00eb par\u00eb ( pra n\u00eb vitin 2005), me iniciativ\u00ebn e Kish\u00ebs Ortotokse t\u00eb Serbis\u00eb,n\u00eb malin e Rumis\u00eb ( n\u00eb zon\u00ebn e Kraj\u00ebs), u vendos objekti metalik p\u00ebrmes helikopterit t\u00eb ushtris\u00eb s\u00eb shtetit t\u00eb at\u00ebhersh\u00ebm t\u00eb p\u00ebrbashk\u00ebt Serbis\u00eb dhe Malit t\u00eb Zi. Objekti metalik n\u00eb fjal\u00eb nuk meriton t\u00eb quhet [&hellip;]<\/p>\n","protected":false},"author":1,"featured_media":4834,"comment_status":"closed","ping_status":"open","sticky":false,"template":"","format":"standard","meta":{"_seopress_robots_primary_cat":"","_seopress_titles_title":"","_seopress_titles_desc":"","_seopress_robots_index":"","footnotes":""},"categories":[2,12],"tags":[726,229],"class_list":["post-15002","post","type-post","status-publish","format-standard","has-post-thumbnail","hentry","category-aktualitet","category-opinione","tag-rumia","tag-xheladin-zeneli"],"_links":{"self":[{"href":"https:\/\/ulqini-online.com\/sajti\/index.php?rest_route=\/wp\/v2\/posts\/15002","targetHints":{"allow":["GET"]}}],"collection":[{"href":"https:\/\/ulqini-online.com\/sajti\/index.php?rest_route=\/wp\/v2\/posts"}],"about":[{"href":"https:\/\/ulqini-online.com\/sajti\/index.php?rest_route=\/wp\/v2\/types\/post"}],"author":[{"embeddable":true,"href":"https:\/\/ulqini-online.com\/sajti\/index.php?rest_route=\/wp\/v2\/users\/1"}],"replies":[{"embeddable":true,"href":"https:\/\/ulqini-online.com\/sajti\/index.php?rest_route=%2Fwp%2Fv2%2Fcomments&post=15002"}],"version-history":[{"count":1,"href":"https:\/\/ulqini-online.com\/sajti\/index.php?rest_route=\/wp\/v2\/posts\/15002\/revisions"}],"predecessor-version":[{"id":15003,"href":"https:\/\/ulqini-online.com\/sajti\/index.php?rest_route=\/wp\/v2\/posts\/15002\/revisions\/15003"}],"wp:featuredmedia":[{"embeddable":true,"href":"https:\/\/ulqini-online.com\/sajti\/index.php?rest_route=\/wp\/v2\/media\/4834"}],"wp:attachment":[{"href":"https:\/\/ulqini-online.com\/sajti\/index.php?rest_route=%2Fwp%2Fv2%2Fmedia&parent=15002"}],"wp:term":[{"taxonomy":"category","embeddable":true,"href":"https:\/\/ulqini-online.com\/sajti\/index.php?rest_route=%2Fwp%2Fv2%2Fcategories&post=15002"},{"taxonomy":"post_tag","embeddable":true,"href":"https:\/\/ulqini-online.com\/sajti\/index.php?rest_route=%2Fwp%2Fv2%2Ftags&post=15002"}],"curies":[{"name":"wp","href":"https:\/\/api.w.org\/{rel}","templated":true}]}}