{"id":14326,"date":"2017-06-02T08:45:40","date_gmt":"2017-06-02T06:45:40","guid":{"rendered":"http:\/\/ulqini-online.com\/sajti\/?p=14326"},"modified":"2017-06-02T08:57:04","modified_gmt":"2017-06-02T06:57:04","slug":"vdekje-e-papritur-e-veprimtarit-te-njohur-ne-nju-jork","status":"publish","type":"post","link":"https:\/\/ulqini-online.com\/sajti\/?p=14326","title":{"rendered":"Vdekje e papritur e veprimtarit t\u00eb njohur n\u00eb Nju Jork"},"content":{"rendered":"<p><a href=\"https:\/\/ulqini-online.com\/sajti\/wp-content\/uploads\/2017\/06\/Prel-sinishtaj.jpg\"><img loading=\"lazy\" decoding=\"async\" class=\"aligncenter wp-image-14327 \" src=\"https:\/\/ulqini-online.com\/sajti\/wp-content\/uploads\/2017\/06\/Prel-sinishtaj.jpg\" alt=\"\" width=\"415\" height=\"590\" srcset=\"https:\/\/ulqini-online.com\/sajti\/wp-content\/uploads\/2017\/06\/Prel-sinishtaj.jpg 350w, https:\/\/ulqini-online.com\/sajti\/wp-content\/uploads\/2017\/06\/Prel-sinishtaj-211x300.jpg 211w\" sizes=\"auto, (max-width: 415px) 100vw, 415px\" \/><\/a><\/p>\n<p>Lajm Mortor &#8211; Vdekje e papritur e veprimtarit Prel Sinishtaj<\/p>\n<p>NEW YORK : T\u00eb af\u00ebrmit e tij n\u00eb rrjetin social Facebook, me pikllim lajm\u00ebrojn\u00eb miq\u00eb, dashamir\u00eb dhe mbar\u00eb komunitetin se m\u00eb dat\u00ebn 31 maj 2017, u nda nga kjo jet\u00eb nj\u00eb nga veprimtar\u00ebt e d\u00ebshmuar t\u00eb komunitetit shqiptar n\u00eb New York, Prel Sinishtaj.<\/p>\n<p>Gjon Gjokaj, p\u00ebrcolli nj\u00eb mesazh ku njoftoj\u00eb sot heret n\u00eb m\u00ebngjes se :\u201d Me dhimbje t\u00eb thell\u00eb kemi pranuar lajmin p\u00ebr vdekjen e papritur t\u00eb veprimtarit t\u00eb shquar shum\u00ebvje\u00e7ar t\u00eb New York-ut, Prel\u00eb Nosh Sinishtaj. Kalimi n\u00eb Amshim i Prel\u00ebs, shkruan ai \u00ebsht\u00eb nj\u00eb humbje e madhe jo vet\u00ebm p\u00ebr familjen, por \u00ebsht\u00eb nj\u00eb humbje e madhe edhe p\u00ebr shoqat\u00ebn atdhetare Mal\u00ebsia e Madhe, Diaspor\u00ebn Shqiptare t\u00eb Amerik\u00ebs dhe mbar\u00eb Kombin Shqiptar!\u201d<\/p>\n<p>Ngush\u00ebllime Familjes Sinishtaj, Pushoft n\u00eb Paqe!<\/p>\n<p>Edhe, ish luft\u00ebtari i U\u00c7K-s\u00eb, pjestar nga Batalioni Atlantiku, Uk Lushi, la nj\u00eb mesazh n\u00eb \u201clibrin e zis\u00eb\u201d n\u00eb fotografin\u00eb e Prel Sinisht\u00ebs, n\u00eb profilin e tij n\u00eb Fecebook, ku shkruan se :\u201d\u00a0 Shkuarja e papritur n\u00eb bot\u00ebn tjet\u00ebr e v\u00ebllait ton\u00eb Prel Sinishtaj \u00ebsht\u00eb pik\u00ebllim dhe humbje e madhe p\u00ebr familjen shqiptare n\u00eb Amerik\u00eb. Njeriu i dashur, patrioti aktivist, mal\u00ebsori krenar dhe shqiptari i kulluar do t&#8217;i mungoj\u00eb komunitetit shum\u00eb, porse veprimtaria dhe jeta e tij do t\u00eb jen\u00eb gjithher\u00eb shembull reflektimi dhe frym\u00ebzimi p\u00ebr t\u00eb mir\u00eb p\u00ebr breza e breza. O burr\u00eb i madh, shpirti t&#8217;u b\u00ebft\u00eb drit\u00eb n\u00eb paqen e amshimit!<\/p>\n<p>T\u00eb shumt\u00eb kan qen\u00eb an\u00ebtar t\u00eb komunitetit q\u00eb p\u00ebrcjellin mesazhe ngush\u00ebllimi n\u00eb rrjetin social Facebook. Keiti Spahiu shkruan :\u201d\u00a0 Ngushellime familjes! Nje aktivist i shquar dhe i devotshem per ceshtjen kombetare! Nje humbje e madhe per familjen dhe komunitetin tone! Nje familje e perkryer qe Zoti jua lehtesofte dhimbjen gruas, dy vajzave dhe te afermve e miqve! I paharruar qofte kujtimi i tij! U prehte ne paqe&#8221;<\/p>\n<p>Kurse Lek P\u00ebrlleshi ka l\u00ebn sh\u00ebnimin :\u201dNgushellime,familjes, farefisit, shokeve dhe mbar komunitetit shqipetar per humbjen e Prele Sinishtes, ngushllimet i percjelli edhe Pashke Marku Sinishtaj per humbjen e bashkeshortit, qe papritur iku ne jeten e amshuar. Zoti ju dhashte force.<\/p>\n<p>Jack Kuka :Vdekja e pameshirshme e rrembeu papritmas njeriun e fjales e burrnis, veprimtarin e palodheshem te ceshtjes sone kombetare. Ikja e Preles ashtu papritmas sjell dhembje jo vetem per familjen e te afermit e tij por per te gjith ata qe e njoften. Familja humbi njeriun e dashur e ne shqiptaret e Amerikes veprimtarin e devotshem te kauzes son kombtare. Qoft i perjetshem kujtimi per Prel Sinishten.\u201d<\/p>\n<p>Haxhi Zeneli\u201dNj\u00eb befasi e trishtuar,jemi nj\u00eb gjendje shoku per mikun ton\u00eb t\u00eb madh Prel\u00ebn,Zoti i dhasht\u00eb paq\u00eb n\u00eb jet\u00ebne amshuar.Ngushllime familjes dhe mbare farefisit.\u201d<\/p>\n<p>Gjelosh Nika : \u201cIku nga kjo jet\u0113 fizikisht edhe Prel\u00eb Sinishtaj duke iu baskangjitur ne rrugen pa kthim Zefit,Tomes,Markut,Pashkut&#8230;te cilet viteve 80 e 90 ishin bertham\u00eb e pa zevendsueshme ne te gjitha veprimtarit kombtare ne diaspor\u00eb e aty ku e krkonte interesi i kombit ne tersi. Prela ishte nje veprimtar i divotshem duke mos kurrsye kurrgja per sensibilizimi e tragjedise kosovare ne instancat e politikes amerikane. Shpirti i but\u00eb i Preles u prehet ne paqen e hyjnis\u00eb qiellore. Familjes e te afermve si dhe mbar\u00eb vllaznis\u00eb Sinishtaj iu shprehim ngushllimet e sinqerta\u201d.\/B.S.\/<\/p>\n","protected":false},"excerpt":{"rendered":"<p>Lajm Mortor &#8211; Vdekje e papritur e veprimtarit Prel Sinishtaj NEW YORK : T\u00eb af\u00ebrmit e tij n\u00eb rrjetin social Facebook, me pikllim lajm\u00ebrojn\u00eb miq\u00eb, dashamir\u00eb dhe mbar\u00eb komunitetin se m\u00eb dat\u00ebn 31 maj 2017, u nda nga kjo jet\u00eb nj\u00eb nga veprimtar\u00ebt e d\u00ebshmuar t\u00eb komunitetit shqiptar n\u00eb New York, Prel Sinishtaj. Gjon Gjokaj, [&hellip;]<\/p>\n","protected":false},"author":1,"featured_media":14327,"comment_status":"closed","ping_status":"open","sticky":false,"template":"","format":"standard","meta":{"_seopress_robots_primary_cat":"","_seopress_titles_title":"","_seopress_titles_desc":"","_seopress_robots_index":"","footnotes":""},"categories":[5],"tags":[754],"class_list":["post-14326","post","type-post","status-publish","format-standard","has-post-thumbnail","hentry","category-diaspora","tag-prel-sinishtaj"],"_links":{"self":[{"href":"https:\/\/ulqini-online.com\/sajti\/index.php?rest_route=\/wp\/v2\/posts\/14326","targetHints":{"allow":["GET"]}}],"collection":[{"href":"https:\/\/ulqini-online.com\/sajti\/index.php?rest_route=\/wp\/v2\/posts"}],"about":[{"href":"https:\/\/ulqini-online.com\/sajti\/index.php?rest_route=\/wp\/v2\/types\/post"}],"author":[{"embeddable":true,"href":"https:\/\/ulqini-online.com\/sajti\/index.php?rest_route=\/wp\/v2\/users\/1"}],"replies":[{"embeddable":true,"href":"https:\/\/ulqini-online.com\/sajti\/index.php?rest_route=%2Fwp%2Fv2%2Fcomments&post=14326"}],"version-history":[{"count":3,"href":"https:\/\/ulqini-online.com\/sajti\/index.php?rest_route=\/wp\/v2\/posts\/14326\/revisions"}],"predecessor-version":[{"id":14330,"href":"https:\/\/ulqini-online.com\/sajti\/index.php?rest_route=\/wp\/v2\/posts\/14326\/revisions\/14330"}],"wp:featuredmedia":[{"embeddable":true,"href":"https:\/\/ulqini-online.com\/sajti\/index.php?rest_route=\/wp\/v2\/media\/14327"}],"wp:attachment":[{"href":"https:\/\/ulqini-online.com\/sajti\/index.php?rest_route=%2Fwp%2Fv2%2Fmedia&parent=14326"}],"wp:term":[{"taxonomy":"category","embeddable":true,"href":"https:\/\/ulqini-online.com\/sajti\/index.php?rest_route=%2Fwp%2Fv2%2Fcategories&post=14326"},{"taxonomy":"post_tag","embeddable":true,"href":"https:\/\/ulqini-online.com\/sajti\/index.php?rest_route=%2Fwp%2Fv2%2Ftags&post=14326"}],"curies":[{"name":"wp","href":"https:\/\/api.w.org\/{rel}","templated":true}]}}