{"id":14278,"date":"2017-05-30T11:53:11","date_gmt":"2017-05-30T09:53:11","guid":{"rendered":"http:\/\/ulqini-online.com\/sajti\/?p=14278"},"modified":"2017-05-30T12:00:36","modified_gmt":"2017-05-30T10:00:36","slug":"vazhdojne-shkrimet-tendecioze-te-mediave-serbe-ne-shenjester-teuta-mehmedi","status":"publish","type":"post","link":"https:\/\/ulqini-online.com\/sajti\/?p=14278","title":{"rendered":"Vazhdojn\u00eb shkrimet tendecioze te mediave serbe, n\u00eb &#8221;sh\u00ebnjester&#8221; Teuta Mehmedi"},"content":{"rendered":"<p><a href=\"https:\/\/ulqini-online.com\/sajti\/wp-content\/uploads\/2017\/05\/teuta-mehmedi-mediat-serbe.jpg\"><img loading=\"lazy\" decoding=\"async\" class=\"aligncenter wp-image-14279 size-full\" src=\"https:\/\/ulqini-online.com\/sajti\/wp-content\/uploads\/2017\/05\/teuta-mehmedi-mediat-serbe.jpg\" alt=\"\" width=\"500\" height=\"413\" srcset=\"https:\/\/ulqini-online.com\/sajti\/wp-content\/uploads\/2017\/05\/teuta-mehmedi-mediat-serbe.jpg 500w, https:\/\/ulqini-online.com\/sajti\/wp-content\/uploads\/2017\/05\/teuta-mehmedi-mediat-serbe-300x248.jpg 300w\" sizes=\"auto, (max-width: 500px) 100vw, 500px\" \/><\/a><\/p>\n<p>\u2018\u2019Teuta Mehmedoviq, shefja e Qendres p\u00ebr sistemet informative n\u00eb Komunen e Ulqini publikisht p\u00ebrkrah projektin e \u2018\u2018Shqip\u00ebris\u00eb s\u00eb madhe\u2018\u2018. Kjo bashk\u00ebpun\u00ebtore e af\u00ebrt e kryetarit t\u00eb Komun\u00ebs s\u00eb Ulqinit Nazif Cungu dhe kuad\u00ebr e dalluar e partis\u00eb s\u00eb tij (Forca), vitin e kaluar n\u00eb rrjetin social facebook ka promovuar iden\u00eb e bashkimit t\u00eb Kosov\u00ebs* dhe Shqip\u00ebris\u00eb\u2018\u2018, l\u00ebshtu shkruan portali in4s.<\/p>\n<p>Teuta paska shp\u00ebrndar\u00eb n\u00eb faqen e vet nj\u00eb link p\u00ebr n\u00ebnshkrimin e peticionit p\u00ebr bashkimin e k\u00ebtyre dy shteteve, Shqip\u00ebris\u00eb dhe Kosov\u00ebs, gj\u00eb q\u00eb ishte e mjaftueshme q\u00eb portali in4s ta akuzoj\u00eb Teut\u00ebn se publikisht e p\u00ebrkrah \u2018\u2018Shqip\u00ebrin\u00eb e madhe\u2018\u2018.<\/p>\n<p>Shkrimet e tilla jan\u00eb mjaft tendecioze aq m\u00eb shum\u00eb duke e ditur se Kosova dhe Shqip\u00ebria jan\u00eb shtete t\u00eb pavarura dhe t\u00eb njohura nd\u00ebrkombetarisht dhe se p\u00ebr fatin e vet vendosin vet. Portali n\u00eb fjal\u00eb brenda shkrimit tregon edhe p\u00ebr lidhjen e bashkimit t\u00eb dy shteteve n\u00eb fjal\u00eb si nj\u00eb nj\u00eb hap t\u00eb krijimit t\u00eb &#8221;Shqip\u00ebris\u00eb s\u00eb madhe&#8221;.<\/p>\n<p>Para pak kohe ishte pik\u00ebrisht ky portal q\u00eb zbuloi skandalin rreth daljes s\u00eb qytetareve n\u00eb Rumi. \u201dShqiptar\u00eb me uniforma dhe t\u00eb armatosur okupojn\u00eb Rumin\u00eb n\u00eb Dit\u00ebn e pavar\u00ebsis\u00eb s\u00eb Malit t\u00eb Zi\u201d, ky ishte titulli i k\u00ebtij lajmi por q\u00eb m\u00eb pastaj u b\u00eb lajm edhe n\u00eb mediat elektronike dhe te shkruara malazeze.<\/p>\n","protected":false},"excerpt":{"rendered":"<p>\u2018\u2019Teuta Mehmedoviq, shefja e Qendres p\u00ebr sistemet informative n\u00eb Komunen e Ulqini publikisht p\u00ebrkrah projektin e \u2018\u2018Shqip\u00ebris\u00eb s\u00eb madhe\u2018\u2018. Kjo bashk\u00ebpun\u00ebtore e af\u00ebrt e kryetarit t\u00eb Komun\u00ebs s\u00eb Ulqinit Nazif Cungu dhe kuad\u00ebr e dalluar e partis\u00eb s\u00eb tij (Forca), vitin e kaluar n\u00eb rrjetin social facebook ka promovuar iden\u00eb e bashkimit t\u00eb Kosov\u00ebs* dhe [&hellip;]<\/p>\n","protected":false},"author":1,"featured_media":14279,"comment_status":"closed","ping_status":"open","sticky":false,"template":"","format":"standard","meta":{"_seopress_robots_primary_cat":"","_seopress_titles_title":"","_seopress_titles_desc":"","_seopress_robots_index":"","footnotes":""},"categories":[2,4],"tags":[747],"class_list":["post-14278","post","type-post","status-publish","format-standard","has-post-thumbnail","hentry","category-aktualitet","category-kronike","tag-teuta-mehmedi"],"_links":{"self":[{"href":"https:\/\/ulqini-online.com\/sajti\/index.php?rest_route=\/wp\/v2\/posts\/14278","targetHints":{"allow":["GET"]}}],"collection":[{"href":"https:\/\/ulqini-online.com\/sajti\/index.php?rest_route=\/wp\/v2\/posts"}],"about":[{"href":"https:\/\/ulqini-online.com\/sajti\/index.php?rest_route=\/wp\/v2\/types\/post"}],"author":[{"embeddable":true,"href":"https:\/\/ulqini-online.com\/sajti\/index.php?rest_route=\/wp\/v2\/users\/1"}],"replies":[{"embeddable":true,"href":"https:\/\/ulqini-online.com\/sajti\/index.php?rest_route=%2Fwp%2Fv2%2Fcomments&post=14278"}],"version-history":[{"count":4,"href":"https:\/\/ulqini-online.com\/sajti\/index.php?rest_route=\/wp\/v2\/posts\/14278\/revisions"}],"predecessor-version":[{"id":14283,"href":"https:\/\/ulqini-online.com\/sajti\/index.php?rest_route=\/wp\/v2\/posts\/14278\/revisions\/14283"}],"wp:featuredmedia":[{"embeddable":true,"href":"https:\/\/ulqini-online.com\/sajti\/index.php?rest_route=\/wp\/v2\/media\/14279"}],"wp:attachment":[{"href":"https:\/\/ulqini-online.com\/sajti\/index.php?rest_route=%2Fwp%2Fv2%2Fmedia&parent=14278"}],"wp:term":[{"taxonomy":"category","embeddable":true,"href":"https:\/\/ulqini-online.com\/sajti\/index.php?rest_route=%2Fwp%2Fv2%2Fcategories&post=14278"},{"taxonomy":"post_tag","embeddable":true,"href":"https:\/\/ulqini-online.com\/sajti\/index.php?rest_route=%2Fwp%2Fv2%2Ftags&post=14278"}],"curies":[{"name":"wp","href":"https:\/\/api.w.org\/{rel}","templated":true}]}}