{"id":14264,"date":"2017-05-29T12:24:46","date_gmt":"2017-05-29T10:24:46","guid":{"rendered":"http:\/\/ulqini-online.com\/sajti\/?p=14264"},"modified":"2017-05-29T12:24:46","modified_gmt":"2017-05-29T10:24:46","slug":"filmi-dokumentar-beteja-ne-ballkan-shfaqet-ne-new-york","status":"publish","type":"post","link":"https:\/\/ulqini-online.com\/sajti\/?p=14264","title":{"rendered":"Filmi dokumentar \u201cBeteja n\u00eb Ballkan\u201d shfaqet n\u00eb New York"},"content":{"rendered":"<div>\n<div id=\"AOLMsgPart_2_00f0120e-75e0-4d59-a07d-ae54e149f9ea\">\n<div class=\"aolReplacedBody\">\n<div><span style=\"font-family: impact,sans-serif; font-size: 300%;\"><a href=\"https:\/\/ulqini-online.com\/sajti\/wp-content\/uploads\/2017\/05\/filmi-beteja-ne-ballkan.jpg\"><img loading=\"lazy\" decoding=\"async\" class=\"aligncenter wp-image-14265 \" src=\"https:\/\/ulqini-online.com\/sajti\/wp-content\/uploads\/2017\/05\/filmi-beteja-ne-ballkan.jpg\" alt=\"\" width=\"562\" height=\"628\" srcset=\"https:\/\/ulqini-online.com\/sajti\/wp-content\/uploads\/2017\/05\/filmi-beteja-ne-ballkan.jpg 400w, https:\/\/ulqini-online.com\/sajti\/wp-content\/uploads\/2017\/05\/filmi-beteja-ne-ballkan-268x300.jpg 268w\" sizes=\"auto, (max-width: 562px) 100vw, 562px\" \/><\/a><\/span><\/div>\n<div><b>\u00a0<\/b><\/div>\n<div><b>\u00a0<\/b><\/div>\n<div><b>Beqir SINA \u2013 Chelsea New York City<\/b><\/div>\n<div><\/div>\n<div><\/div>\n<div><b>\u00a0<\/b><\/div>\n<div><b>\u201cRruga drejt historis\u00eb, kurr\u00eb nuk \u00ebsht\u00eb e leht\u00eb\u201d, m\u00eb shum\u00eb se 500 shikues ndoq\u00ebn n\u00eb Festivalin e Filmit Shqiptar n\u00eb New York, filmin \u201cBeteja n\u00eb Ballkan\u201d, nj\u00eb dokumentar shqiptaro amerikan t\u00eb realizuar n\u00eb rrugtimin e historik t\u00eb ekipit kuq e zi &#8211; ekipit t\u00eb futbollit mbar\u00eb-komb\u00ebtar shqiptar n\u00eb udh\u00ebtimin p\u00ebr n\u00eb Kup\u00ebn e Euro 2016, n\u00eb Franc\u00eb<\/b><\/div>\n<div><\/div>\n<div>CHELSEA NYC : T\u00eb shtun\u00ebn n\u00eb \u00a0kuadrin e Festivalit t\u00eb filmit Shqiptar\u00eb n\u00eb qytetin e Nju Jorkut, u paraqit jasht\u00eb gare dhe dokumentari i titulluar \u201cBeteja n\u00eb Ballkan\u201d &#8211; \u00a0\u201cBattle in the Balkans\u201d.<\/div>\n<div><\/div>\n<div>Film, i cili, ky u prezantua nderkohe q\u00eb gjat\u00eb k\u00ebtyre dit\u00ebve \u00a0shikues t\u00eb shumt\u00eb po ndjekin 18 filmat pjes\u00ebmarr\u00ebs n\u00eb festivalin \u201cJava e Filmit Shqiptar\u201d, Edicioni 6-t\u00eb, q\u00eb po mbahet n\u00eb metropoliin e bot\u00ebs n\u00eb Nju Jork, nga 26 maj deri m\u00eb 29 maj 2017, n\u00eb Kompleksin SAV-a, Cinema.<\/div>\n<div><\/div>\n<div>Filmi \u201cBeteja n\u00eb Ballkan\u201d, u shfaq\u00eb mbr\u00ebm n\u00eb nat\u00ebn e dyt\u00eb t\u00eb festivalit me pjes\u00ebmmarjen e ekipit realizues edhe t\u00eb protagonist\u00ebve, t\u00eb tij, p\u00ebrfshir\u00eb edhe yllin e futbollit shqiptar\u00eb, Lorik Cana, dhe personalitete t\u00eb njohura n\u00eb Nju Jork.<\/div>\n<div><\/div>\n<div>Mes pjes\u00ebmarr\u00ebsave n\u00eb kineman SAV-a, t\u00eb mbaushur plot e p\u00ebrplot me shikues ( m\u00eb shum\u00eb se 500 shikues) , ishte dhe ish kongresisti republikan i Nju Jorkut, Xhozef DioGuardi, Presidenti i Lobit shqiptar n\u00eb SHBA, Lig\u00ebs Qyeteare Shqiptaro &#8211; Amerikane , dhe Shirly Cloyes &#8211; DioGuardi &#8211; K\u00ebshilltare e \u00c7\u00ebshtjeve Ballkanike, disa personaliteteve, drejtues shoqatash e organizatash t\u00eb komunitetit shqiptar, veprimtar\u00eb dhe artist\u00eb e aktor\u00eb t\u00eb njohur, afarist\u00eb e biznesmen t\u00eb suksessh\u00ebm, gazetar, aktivist\u00eb, student\u00eb t\u00eb shkollave t\u00eb larta amerikane, e tjer.<\/div>\n<div><\/div>\n<div>Filmi dokumnetar i cili \u00ebsht\u00eb prodhim shqiptaro &#8211; amerikan Beteja n\u00eb Ballkan, Directed by: Charlie Askew, Kreshnik Jonuzi, dhe Luftar Von Rama, \u00ebsht\u00eb nj\u00eb film q\u00eb kronikon Ekipin Komb\u00ebtar Shqiptar dhe udh\u00ebtimin e tyre, drejt kualifikimit t\u00eb par\u00eb n\u00eb nj\u00eb turne kaq t\u00eb madh t\u00eb futbollit bot\u00ebror, si\u00e7 shte ai \u00a0pjesmarrjes s\u00eb komb\u00ebtares shqiptare, vitin e kaluar, p\u00ebr her t\u00eb par\u00eb n\u00eb historn\u00eb e Futbollit Shqptar\u00eb, nj\u00eb gar\u00eb kaq t\u00eb madhe Futbolli n\u00eb aren\u00ebn nd\u00ebrkomb\u00ebtare- Kup\u00ebn e Europ\u00ebs &#8211; Franc\u00eb 2016.<\/div>\n<div><\/div>\n<div>Dokumentari Beteja n\u00eb Ballkan \u00ebsht\u00eb i realizuar nga nj\u00eb grup mjaft i talentuar producent\u00ebsh t\u00eb rinj\u00eb, f\u00ebmij\u00eb emigrant\u00ebsh shqiptar, dhe producent t\u00eb rinj\u00eb \u00a0amerikan, ka arritur t\u00eb kap disa momente me kapitenin e ekipit Lorik Cana, trainerin Giani DeBiazi, dhe ish ndihmesin e tij Tramezani, dhe disa futbollist kuq e zi, komentator t\u00eb njohur sportiiv, dhe presidentin e Federat\u00ebs s\u00eb Futboollit Shqiptar, Armando Duka, tifoz\u00eb shqiptaro amerikan\u00eb, nd\u00ebrkoh\u00eb, q\u00eb skuadra \u00a0kuq e zi dhe populli shqiptar ishte duke e ndjekur komb\u00ebtaren e futbollit n\u00eb rrug\u00ebn e saj historike, drejt Kup\u00ebs Euro 2016.<\/div>\n<div><\/div>\n<div>\u201cBeteja n\u00eb Ballkan\u201d, \u00ebsht\u00eb nj\u00eb film q\u00eb hyn\u00eb n\u00eb historin\u00eb e pasur t\u00eb Ekipit Komb\u00ebtar Shqiptar, duke treguar krenarin\u00eb ton\u00eb komb\u00ebtare dhe tensionet historike, nd\u00ebrsa kuq e zit\u00eb, mbasi \u201cshkel\u00ebn\u201d n\u00eb grupin e tyre Serbin\u00eb, duke e len\u00eb pas\u00eb \u201ckund\u00ebrshtarin\u201d historik, t\u00eb kuq e zinj\u00ebve, arriten n\u00eb renditjen bot\u00ebrore n\u00eb rrug\u00ebn drejt Kup\u00ebs Evropiane n\u00eb 2016, garat t\u00eb cilat e zhvilluan n\u00eb Franc\u00eb, dhe u ndoq\u00ebn nga mij\u00ebra tifoz\u00eb shqiiptar n\u00eb Franc\u00eb dhe miliona n\u00eb Shqip\u00ebri, Kosov\u00eb , daspor\u00eb e viset shqiptare n\u00eb Ballkan \u00a0.<\/div>\n<div><\/div>\n<div>Premiera e k\u00ebtij filmi dokumentar, n\u00eb fund u shoq\u00ebrua me nj\u00eb, bashk\u00ebbisedim Q &amp; A \u00a0mes ekipit realizues dhe Lorik Cana.<\/div>\n<div><\/div>\n<div>\u00a0Kurse, n\u00eb fillim dhe pas asaj shfaqjes n\u00eb nj\u00eb mbr\u00ebmje t\u00eb madhe n\u00eb kineman\u00eb SAV &#8211; a, n\u00eb Nju Jork , ekipit realizues t\u00eb filmit s\u00eb bashku me fotbollistin e komb\u00ebtares shqiptare, iu bashkuan qindra t\u00eb rinj\u00eb e t\u00eb reja shqiptaro amerikan\u00eb, p\u00ebrfshir\u00eb edhe organizat\u00ebn Rr\u00ebnj\u00eb Shqiptare, me president Marko Kepin, kryetarin e Shoqat\u00ebs Dibra, Danny Miftari, ish- Presidentin e Klubit t\u00eb Futbollit Korabi nga Nju Jorku, Murat Mela, Gazmend Gjonbalaj, K\u00ebshilltar p\u00ebr Arsimimin Nd\u00ebrkomb\u00ebtar dhe An\u00ebtar i Komitetit t\u00eb Fondit t\u00eb Arsimit t\u00eb Kosov\u00ebs KAEF, t\u00eb cil\u00ebt kishin ardhur n\u00eb m\u00ebnyr\u00eb t\u00eb organizuar p\u00ebr t\u00eb par\u00eb dokumentarin \u201cBeteja n\u00eb Ballkan\u201d dhe ndar\u00eb g\u00ebzimin e tyre, me \u201cKaptenin\u201d yllin futbollistit kuqezi Lorik Cana\u2013, i cili dha edhe autografe me bluz\u00ebn e tij num\u00ebr 5 duke u fotografuar pothuajse me t\u00eb gjith\u00eb t\u00eb pranishmit.<\/div>\n<div><\/div>\n<div>\u00a0 Kreshnik Jonuzi, producenti dhe regjizori i filmit dokumentar \u201cBattle in the Balkans \u2013 Beteja n\u00eb Ballkan, i cili s\u00eb bashku me Zana Kab\u00ebn moderoj\u00eb k\u00ebt\u00eb promovim, tha se :\u201d Ky \u00ebsht\u00eb nj\u00eb film q\u00eb kronikat e saj i ka p\u00ebrmbledhur me komb\u00ebtaren shqiptare dhe udh\u00ebtimin e tyre t\u00eb par\u00eb ndonj\u00ebher\u00eb n\u00eb historin\u00eb kualifikimit n\u00eb nj\u00eb turne kaq t\u00eb madh nd\u00ebrkomb\u00ebtar\u201d.<\/div>\n<div><\/div>\n<div>Pjesa e fundit e enigm\u00ebs, s\u00eb filmit dokumentar \u201cBattle in the Balkans\u201d \u00ebsht\u00eb sjell\u00eb nga Drejtori, i k\u00ebtij filmi dokumentar Charlie Askew, i cili \u00ebsht\u00eb gjasht\u00eb her\u00eb fitues i \u00e7mimit Emmy, dhe ka krijuar dokumentar\u00eb sportive p\u00ebr gjigand\u00ebt televiziv\u00eb amerikan si HBO, NFL Films dhe ESPN.<\/div>\n<div><\/div>\n<div>Charlie, foli p\u00ebr eksperienc\u00ebn e bukur q\u00eb ka marr\u00eb me vete pas realizmit t\u00eb k\u00ebtij dokumentari, q\u00eb ai i ka sjell nga Shqip\u00ebria e bukur dhe shqiptar\u00ebt, bujar dhe t\u00eb dashur, si tha ia duke shtuar \u201cmuzika, dhe ve\u00e7mas rakia dhe m\u00ebnyra se si festonin shqiptar\u00ebt,\u201d m\u00eb ka suprizuar, kurse, tani kam b\u00ebr\u00eb shum\u00eb miq n\u00eb Shqip\u00ebri\u201d.<\/div>\n<div><\/div>\n<div>Dokumentari, kap disa nga momentet me interesante t\u00eb kuqezinj\u00ebve n\u00eb k\u00ebt\u00eb sfid\u00eb historike, ku kuqezinj\u00ebt e Shqip\u00ebris\u00eb, q\u00eb \u201cdeklasuan\u201d n\u00eb grupin tyre Serbin\u00eb t\u00eb par\u00ebn, dhe nxorr\u00ebn m\u00eb pas\u00eb jasht\u00eb gare edhe Danimark\u00ebn e madhe t\u00eb futbollit europian.<\/div>\n<div><\/div>\n<div>P\u00ebr n\u00eb rrug\u00ebn p\u00ebr n\u00eb Paris\u00eb, foli edhe kapiteni i ekipit Lorik Cana, si dhe heronj\u00ebt e ekipin t\u00eb tij, dhe p\u00ebrfaq\u00ebsues t\u00eb Federat\u00ebs Shqiptare t\u00eb Futbollit, gazetar\u00eb sportiv\u00eb, tifoz\u00ebt shqiptar, nga Shqip\u00ebria, Kosova, Lugina e Presh\u00ebves, Mali i Zi e Maqedonia, Diaspora e \u00c7am\u00ebria, dhe ata q\u00eb kishin udh\u00ebtuar nga Amerika( an\u00ebtar t\u00eb klubit Korabi n\u00eb New York) e tjer\u00eb, t\u00eb cil\u00ebt ndoq\u00ebn ekipin ton\u00eb komb\u00ebtar nga Lisbona, Kopenhagen , Tiran\u00eb, e deri n\u00eb Erevanin e largt\u00eb, n\u00eb rrug\u00ebn e tyre p\u00ebr n\u00eb Euro 2016.<\/div>\n<div><\/div>\n<div>\u201cFilmi Battle in the Ballkans\u201d &#8211; M\u00eb shum\u00eb se nj\u00eb loj\u00eb futbolli\u201d, \u00ebsht\u00eb historia e ekipit komb\u00ebtar shqiptar t\u00eb pasur, me krenarin\u00eb komb\u00ebtare, dhe tensionet historike, si ata arrit\u00ebn kualifikimin n\u00eb rrug\u00ebn p\u00ebr n\u00eb Kup\u00ebn Evropiane n\u00eb vitin 2016\u201d, tha Producenti Ekzekutiv Kreshnik Jonuzi, nj\u00eb shqiptar i Amerik\u00ebs, ky, i lindur k\u00ebtu ku prind\u00ebrit e tij, t\u00eb cil\u00ebt emeigruan dekada m\u00eb par\u00eb nga Gostivari n\u00eb SHBA.<\/div>\n<div><\/div>\n<div>\u201cPas ndeshjes katastrofike n\u00eb Beograd m\u00eb 14 tetor, 2014, Kreshnik Jonuzi, tha se ai pa nj\u00eb mund\u00ebsi p\u00ebr t\u00eb treguar nj\u00eb histori thell\u00ebsisht t\u00eb p\u00ebrkushtuar dhe emocionale t\u00eb ekipit shqiptar t\u00eb futbollit komb\u00ebtar&#8221;.<\/div>\n<div><\/div>\n<div>Ai ndau iden\u00eb me producent\u00ebt ekzekutiv Luftar Von Rama, Zana Kaba dhe mori n\u00eb konsiderat\u00eb menj\u00ebher\u00eb n\u00eb form\u00ebsimin e vizionit e filmit.<\/div>\n<div><\/div>\n<div>Luftari, Kreshniku dhe Zana p\u00ebr t\u00eb filluar realizmin e k\u00ebtij projekti, e nis\u00ebn pun\u00ebn e tyre n\u00eb buxhetimin, marketing dhe promovimin e filmit.<\/div>\n<div><\/div>\n<div>\u201cNe kemi nj\u00eb ekip t\u00eb mahnitshme, q\u00eb kan\u00eb ardhur duke u b\u00ebr\u00eb s\u00eb bashku p\u00ebr shkak t\u00eb p\u00ebrkat\u00ebsive tona t\u00eb ngjashme, por m\u00eb e r\u00ebnd\u00ebsishmja, p\u00ebr shkak t\u00eb pasionit ton\u00eb t\u00eb fuqish\u00ebm p\u00ebr t\u00eb b\u00ebr\u00eb nj\u00eb film sa m\u00eb bind\u00ebs\u201d tha Jonuzi.<\/div>\n<div><\/div>\n<div>Kreshniku, Luftari dhe Charlie, udh\u00ebtuan p\u00ebr n\u00eb Shqip\u00ebri dhe q\u00ebndruan shum\u00eb af\u00ebr ekipit p\u00ebr \u00e7do dit\u00eb para takimit t\u00eb kthimit n\u00eb Tiran\u00eb kund\u00ebr Serbis\u00eb, mbas tragjedis\u00eb q\u00eb ndodhi n\u00eb Beograd. Ata kan filmuar , dhe kan mar\u00eb nj\u00eb-n\u00eb-nj\u00eb intervista me ekipin, mediat lokale, p\u00ebrfaq\u00ebsues vendor\u00eb t\u00eb qytetit, trajner\u00ebve, figura politike dhe m\u00eb shum\u00eb, n\u00eb m\u00ebnyr\u00eb p\u00ebr t\u00eb kapur dhe p\u00ebr t\u00eb nd\u00ebrtuar p\u00ebrmbajtje sa m\u00eb intersante dhe dinjitoze rreth filmit t\u00eb tyre.<\/div>\n<div><\/div>\n<div>Ekipi realizues shpreson p\u00ebr t\u00eb arritur suksesin n\u00eb aren\u00ebn nd\u00ebrkomb\u00ebtare n\u00ebp\u00ebrmjet filmit t\u00eb tyre \u201cBattle in the Balkans \u201c n\u00eb t\u00eb ardhmen, ku perve\u00e7 pjes\u00ebmarrjes mbr\u00ebm n\u00eb Festivalin e filmit Shqiptar\u00eb n\u00eb qytetin e Nju Jorkut, t\u00eb ciln ata e vler\u00ebsuan jasht\u00ebzakonisht\u00eb, presin dhe shpresojn\u00eb futjen e filmt t\u00eb tyre edhe n\u00eb Festivalet Nd\u00ebrkomb\u00ebtare t\u00eb Filmit.<\/div>\n<div><\/div>\n<div>Ata than\u00eb mbr\u00ebm se mb\u00ebshtetja e komunitetit shqiptar deri m\u00eb tani ka qen\u00eb e madhe dhe \u201cBeteja n\u00eb Ballkan\u201d shpreson t\u00eb vazhdoj\u00eb t\u00eb nd\u00ebrtoj\u00eb rrjetin e tyre n\u00eb ngritjen e fondeve..<\/div>\n<div><\/div>\n<div>Charlie Askew, Kreshnik Jonuzi, Luftar Von Rama dhe Zana Kaba, pasi faleminderuan qindrat e shikuesve, than\u00eb se : \u201cNe jemi krenar p\u00ebr t\u00eb punuar n\u00eb nj\u00eb histori t\u00eb r\u00ebnd\u00ebsishme dhe ne po shohim p\u00ebrpara p\u00ebr t\u00eb ndar\u00eb at\u00eb me adhuruesit ton\u00eb, kudo si ishte edhe pjesmarrja e madhe e shikuesve mbr\u00ebm n\u00eb Kinema SAV-a, n\u00eb zemer t\u00eb New Yorkut, duke na ndjekur me filmin dokumentar \u201cBattle in the Balkans \u2013 Beteja n\u00eb Ballkan\u201c.<\/div>\n<div><\/div>\n<div>\u201cBattle in the Balkans \u201c<\/div>\n<div><\/div>\n<div>Starring: Lorik Cana, Gianni De Biasi, Paolo Tramezzani, Herolind Shala, Ermir Lenjani, Sokol Cikalleshi, Ergys Kace, Andi Lila, Blendi Fevziu, Armand Duka, Ilir Shulku, Marina Vjollca, Gazmend Malo<\/div>\n<div><\/div>\n<div>Genre: Sports Documentary<\/div>\n<div><\/div>\n<div>Directed by: Charlie Askew Kreshnik Jonuzi Luftar Von Rama\u200b<\/div>\n<div><\/div>\n<div>Release date: NYC May 28, 2017<\/div>\n<div><\/div>\n<div>Typically replies within minutes \u00a0<a href=\"https:\/\/www.youtube.com\/watch?v=2JMEScUtfBY\" target=\"_blank\" rel=\"noopener noreferrer\">https:\/\/www.youtube.com\/watch?v=2JMEScUtfBY<\/a><\/div>\n<\/div>\n<\/div>\n<\/div>\n<p>&nbsp;<\/p>\n","protected":false},"excerpt":{"rendered":"<p>\u00a0 \u00a0 Beqir SINA \u2013 Chelsea New York City \u00a0 \u201cRruga drejt historis\u00eb, kurr\u00eb nuk \u00ebsht\u00eb e leht\u00eb\u201d, m\u00eb shum\u00eb se 500 shikues ndoq\u00ebn n\u00eb Festivalin e Filmit Shqiptar n\u00eb New York, filmin \u201cBeteja n\u00eb Ballkan\u201d, nj\u00eb dokumentar shqiptaro amerikan t\u00eb realizuar n\u00eb rrugtimin e historik t\u00eb ekipit kuq e zi &#8211; ekipit t\u00eb futbollit [&hellip;]<\/p>\n","protected":false},"author":1,"featured_media":14265,"comment_status":"closed","ping_status":"open","sticky":false,"template":"","format":"standard","meta":{"_seopress_robots_primary_cat":"","_seopress_titles_title":"","_seopress_titles_desc":"","_seopress_robots_index":"","footnotes":""},"categories":[2,5],"tags":[142,745,746],"class_list":["post-14264","post","type-post","status-publish","format-standard","has-post-thumbnail","hentry","category-aktualitet","category-diaspora","tag-beqir-sina","tag-beteja-ne-ballkan","tag-lorik-cana"],"_links":{"self":[{"href":"https:\/\/ulqini-online.com\/sajti\/index.php?rest_route=\/wp\/v2\/posts\/14264","targetHints":{"allow":["GET"]}}],"collection":[{"href":"https:\/\/ulqini-online.com\/sajti\/index.php?rest_route=\/wp\/v2\/posts"}],"about":[{"href":"https:\/\/ulqini-online.com\/sajti\/index.php?rest_route=\/wp\/v2\/types\/post"}],"author":[{"embeddable":true,"href":"https:\/\/ulqini-online.com\/sajti\/index.php?rest_route=\/wp\/v2\/users\/1"}],"replies":[{"embeddable":true,"href":"https:\/\/ulqini-online.com\/sajti\/index.php?rest_route=%2Fwp%2Fv2%2Fcomments&post=14264"}],"version-history":[{"count":1,"href":"https:\/\/ulqini-online.com\/sajti\/index.php?rest_route=\/wp\/v2\/posts\/14264\/revisions"}],"predecessor-version":[{"id":14266,"href":"https:\/\/ulqini-online.com\/sajti\/index.php?rest_route=\/wp\/v2\/posts\/14264\/revisions\/14266"}],"wp:featuredmedia":[{"embeddable":true,"href":"https:\/\/ulqini-online.com\/sajti\/index.php?rest_route=\/wp\/v2\/media\/14265"}],"wp:attachment":[{"href":"https:\/\/ulqini-online.com\/sajti\/index.php?rest_route=%2Fwp%2Fv2%2Fmedia&parent=14264"}],"wp:term":[{"taxonomy":"category","embeddable":true,"href":"https:\/\/ulqini-online.com\/sajti\/index.php?rest_route=%2Fwp%2Fv2%2Fcategories&post=14264"},{"taxonomy":"post_tag","embeddable":true,"href":"https:\/\/ulqini-online.com\/sajti\/index.php?rest_route=%2Fwp%2Fv2%2Ftags&post=14264"}],"curies":[{"name":"wp","href":"https:\/\/api.w.org\/{rel}","templated":true}]}}