{"id":14048,"date":"2017-05-15T23:18:10","date_gmt":"2017-05-15T21:18:10","guid":{"rendered":"http:\/\/ulqini-online.com\/sajti\/?p=14048"},"modified":"2017-05-15T23:18:10","modified_gmt":"2017-05-15T21:18:10","slug":"lulzim-basha-fajin-e-kane-katoliket-veriut","status":"publish","type":"post","link":"https:\/\/ulqini-online.com\/sajti\/?p=14048","title":{"rendered":"&#8220;LULZIM BASHA: FAJIN E KAN\u00cb \u201cKATOLIK\u00cbT VERIUT\u201d!&#8221;"},"content":{"rendered":"<p><a href=\"https:\/\/ulqini-online.com\/sajti\/wp-content\/uploads\/2017\/04\/frank-shkreli-intervista.jpg\"><img loading=\"lazy\" decoding=\"async\" class=\"size-medium wp-image-13355 alignleft\" src=\"https:\/\/ulqini-online.com\/sajti\/wp-content\/uploads\/2017\/04\/frank-shkreli-intervista-294x300.jpg\" alt=\"\" width=\"294\" height=\"300\" srcset=\"https:\/\/ulqini-online.com\/sajti\/wp-content\/uploads\/2017\/04\/frank-shkreli-intervista-294x300.jpg 294w, https:\/\/ulqini-online.com\/sajti\/wp-content\/uploads\/2017\/04\/frank-shkreli-intervista-70x70.jpg 70w, https:\/\/ulqini-online.com\/sajti\/wp-content\/uploads\/2017\/04\/frank-shkreli-intervista.jpg 343w\" sizes=\"auto, (max-width: 294px) 100vw, 294px\" \/><\/a><strong>\u00a0Nga Frank Shkreli<\/strong><\/p>\n<p>Para se t\u00eb filloj, dua t\u00eb rr\u00ebfej se kjo \u00ebsht\u00eb nj\u00eb tem\u00eb p\u00ebr t\u00eb cil\u00ebn nuk deshta t\u00eb shkruaj, por \u00ebsht\u00eb aq e r\u00ebnd\u00ebsishme sa q\u00eb nd\u00ebrgjegjia nuk m\u00eb lejon t\u00eb hesht\u00eb.\u00a0 Po i shkruaj k\u00ebto fjal\u00eb me zem\u00ebr t\u00eb thyer.\u00a0 Si\u00e7 mund ta dij\u00eb lexuesi i rregullt, shkrimet e mia modeste kan\u00eb qen\u00eb gjithmon\u00eb dhe jan\u00eb, n\u00eb themel, t\u00eb nj\u00eb fryme pajtimi, jo vet\u00ebm midis feve por edhe n\u00eb favor t\u00eb pajtimit shoq\u00ebror n\u00eb p\u00ebrgjithsi, madje edhe faktorit politik shqiptar. \u00a0\u00a0Edhe ky shkrim modest \u00ebsht\u00eb n\u00eb t\u00eb nj\u00ebjt\u00ebn frym\u00eb, n\u00eb nj\u00eb frym\u00eb pajtimi e v\u00ebllazrimi midis shqiptar\u00ebve, sepse tjet\u00ebr rrug\u00eb nuk ka.<\/p>\n<p>&nbsp;<\/p>\n<p>Fjala \u00ebsht\u00eb p\u00ebr nj\u00eb intervist\u00eb q\u00eb Kryetari i Partis\u00eb Demokratike t\u00eb Shqip\u00ebris\u00eb, Z. Lulzim Basha i ka dh\u00ebn\u00eb gazet\u00ebs austriake, Der Standard, t\u00eb ribotuar n\u00eb gazet\u00ebn Bota Sot. \u00a0Nj\u00ebr\u00ebs prej pyetjeve se, \u201c\u00c7far\u00eb ju shqet\u00ebson juve m\u00eb s\u00eb tep\u00ebrmi?\u201d, Z. Basha i p\u00ebrgjigjet, nd\u00ebr t\u00eb tjera, duke th\u00ebn\u00eb se, \u201c95 p\u00ebr qind e personave me origjin\u00eb kriminale q\u00eb q\u00ebndrojn\u00eb n\u00eb parlament dhe 70 p\u00ebr qind n\u00eb komuna, jan\u00eb katolik\u00eb nga veriu i Shqip\u00ebris\u00eb.\u201d<\/p>\n<p>&nbsp;<\/p>\n<p>Sipas intervist\u00ebs t\u00eb ribotuar sot n\u00eb t\u00eb p\u00ebrditsh\u00ebm BOTA SOT, Kryetari i Partis\u00eb Demokratike \u2013 me dashje ose pa dashje &#8212; duket se me k\u00ebt\u00eb deklarat\u00eb t\u00eb pap\u00ebrgjegjshme, si nj\u00ebri prej dy udh\u00ebheq\u00ebsve kryesor\u00eb t\u00eb vendit \u2013 Edi Rama dhe Lulzim Basha &#8212; q\u00eb po kacafyten me nj\u00ebri tjetrin p\u00ebr jet\u00eb a p\u00ebr vdekje politike, do q\u00eb t\u00eb fajin t\u2019ia hedh\u00eb dikujt tjet\u00ebr p\u00ebr problemet e tyre dhe t\u00eb vendit. \u00a0Sipas t\u00eb gjitha vler\u00ebsimeve t\u00eb mbrendshme dhe t\u00eb jashtme, dy partit\u00eb kryesore socialist\u00ebt dhe demokrat\u00ebt, e kan\u00eb futur vendin n\u00eb nj\u00eb rrug\u00eb t\u00eb pa-parashikueshme politike, madje sipas disave, n\u00eb prak t\u00eb humner\u00ebs. \u00a0N\u00eb kund\u00ebrshtim me deklarat\u00ebn e Z. Basha,\u00a0 \u00a0nuk besoj se mund t\u00eb bindet kush \u2013 as mbrenda dhe as jasht\u00eb vendit &#8212; se jan\u00eb katolik\u00ebt e veriut ata q\u00eb jan\u00eb fajtor\u00eb p\u00ebr kriz\u00ebn aktuale politike dhe ekonomike dhe t\u00eb krimit n\u00eb vend dhe as p\u00ebr kanabisin.\u00a0\u00a0 N\u00eb k\u00ebt\u00eb v\u00ebshtrim, deklarata e Z. Basha nuk ndihmon por shpresojm\u00eb q\u00eb t\u00eb mos p\u00ebrshkall\u00ebzoj\u00eb kriz\u00ebn &#8212; pa nevoj\u00eb &#8212; n\u00eb nj\u00eb nivel t\u00eb rreziksh\u00ebm p\u00ebr vendin, duke i shtuar atmosfer\u00ebs acaruese politike edhe elementin fetar e krahinor.\u00a0 Absolutisht e pap\u00ebrgjegj\u00ebshme p\u00ebr cilindo udh\u00ebheq\u00ebs q\u00eb pretendon t\u00eb jet\u00eb ose t\u00eb b\u00ebhet udh\u00ebheq\u00ebs dhe t\u00eb qeverisi t\u00eb gjith\u00eb shqiptar\u00ebt!<\/p>\n<p>&nbsp;<\/p>\n<p>Fatkeqsisht, kjo deklarat\u00eb e Z. Basha, qoft\u00eb b\u00ebr\u00eb me q\u00ebllim ose pa u menduar mir\u00eb n\u00eb nervozitetin e momentit, \u00a0na sjell\u00eb n\u00eb mend dit\u00eb m\u00eb t\u00eb zeza t\u00eb pas Luft\u00ebs s\u00eb Dyt\u00eb Bot\u00ebrore dhe t\u00eb regjimit komunist, kur katolik\u00ebt dhe Kisha Katolike akuzoheshin si forca \u201cobskurantiste\u201d, antishqiptare, q\u00eb duheshin eliminuar p\u00ebr d\u00ebmet q\u00eb i kishin sjellur Shqip\u00ebris\u00eb.\u00a0 Dihet se si e p\u00ebsuan ata.\u00a0 Ama nj\u00eb gj\u00eb \u00ebsht\u00eb e sigurt p\u00ebr Z. Basha dhe p\u00ebr t\u00eb gjith\u00eb shqiptar\u00ebt, se klerik\u00ebt dhe katolik\u00ebt e asaj gjenerate nuk ishin \u201cllumi i veriut\u201d, si\u00e7 i quan Z. Basha n\u00eb intervist\u00ebn e tij \u201ckatolik\u00ebt e veriut\u201d sot, q\u00eb sipas tij jan\u00eb burim i krimeve n\u00eb vend \u2013 por klerik\u00ebt e vrar\u00eb dhe t\u00eb persekutuarit nga regjimi komunist ishin p\u00ebrfaq\u00ebsuesit m\u00eb t\u00eb denj\u00eb dhe nderi i kombit, jo vet\u00ebm n\u00eb fush\u00ebn fetare por edhe n\u00eb fush\u00ebn e gjuh\u00ebs, t\u00eb let\u00ebrsis\u00eb dhe t\u00eb kultur\u00ebs shqiptare.<\/p>\n<p>&nbsp;<\/p>\n<p>Un\u00eb nuk e di n\u00ebse shifrat q\u00eb citon Z. Basha jan\u00eb t\u00eb v\u00ebrteta ose jo, por edhe po t\u00eb ishin t\u00eb v\u00ebrteta statistikat e tija, \u00a0nuk \u00ebsht\u00eb e k\u00ebshillueshme p\u00ebr nj\u00eb politikan t\u00eb p\u00ebrgjegjsh\u00ebm q\u00eb t\u00eb faj\u00ebsoj\u00eb nj\u00eb grup t\u00eb ve\u00e7ant\u00eb fetar, ose krahinor n\u00eb k\u00ebt\u00eb m\u00ebnyr\u00eb \u2013 duke i akuzuar ata p\u00ebr krime dhe p\u00ebr t\u00eb gjitha t\u00eb zezat q\u00eb kan\u00eb pllakosur sot Shqip\u00ebrin\u00eb. \u00a0\u00a0Krimi nuk njeh as politik\u00eb, as fe, as krahin\u00eb, t\u00eb nderuar politikan\u00eb shqiptar\u00eb. \u00a0Kjo deklarat\u00eb, nq\u00eboftse \u00ebsht\u00eb b\u00ebr\u00eb me q\u00ebllim t\u00eb keq, fatkeq\u00ebsisht, t\u00eb kujton nj\u00eb periudh\u00eb tjet\u00ebr t\u00eb hidh\u00ebt, t\u00eb historis\u00eb s\u00eb Shqip\u00ebris\u00eb.<\/p>\n<p>&nbsp;<\/p>\n<p>Kjo deklarat\u00eb n\u00ebnkupton se sipas Z. Basha, \u201cproblemi kanabis\u201d dhe t\u00eb gjitha pasojat q\u00eb rrjedhin nga ky problem dhe q\u00eb prekin zhvillimet politike t\u00eb brendshme e t\u00eb jashtme me t\u00eb cilat p\u00ebrballet sot Shqip\u00ebria, na qenka nj\u00eb problem i shkaktuar prej \u201ckatolik\u00ebve veriut\u201d t\u00eb vendit dhe jo i k\u00ebsaj klase politike q\u00eb ka (keq) qeverisur vendin p\u00ebr m\u00eb shum\u00eb se nj\u00eb \u00e7erek shekulli. Duhet theksuar se, mbi t\u00eb gjith\u00eb, fajtor\u00eb p\u00ebr k\u00ebt\u00eb situat\u00eb t\u00eb krijuar, n\u00eb nj\u00eb m\u00ebnyr\u00eb ose n\u00eb nj\u00eb tjet\u00ebr, jan\u00eb t\u00eb gjitha gjitha pal\u00ebt politike pa p\u00ebrjashtim t\u00eb cilat kan\u00eb qeverisur Shqip\u00ebrin\u00eb p\u00ebr gjysm\u00eb shekulli tani. Jan\u00eb qeverit\u00eb e dy partive kryesore ato q\u00eb kan\u00eb kontrolluar policin\u00eb, ushtrin\u00eb dhe \u00e7do gj\u00eb tjet\u00ebr n\u00eb vend, p\u00ebrfshir\u00eb edhe krimin, dhe jo katolik\u00ebt e veriut si entitet.\u00a0 Absolutisht se n\u00eb radh\u00eb me t\u00eb tjer\u00eb shqiptar\u00eb, ka katolik\u00eb n\u00eb radh\u00ebt e kriminil\u00ebve n\u00eb Shqip\u00ebri dhe jasht\u00eb, por nuk besoj se vet\u00ebm katolik\u00ebt e veriut, mund dhe duhet t\u00eb ve\u00e7ohen si kryekriminel\u00ebt e vendit, dhe t\u00eb pretendohet se 10% e popull\u00ebsis\u00eb\u00a0 kontrollojn\u00eb kanabisin dhe gjitha krimet e Shqip\u00ebris\u00eb.\u00a0\u00a0 N\u00eb vend t\u00eb k\u00ebtyre statistikave q\u00eb citon Z. Basha, politikan\u00ebt shqiptar\u00eb, n\u00eb vend t\u00eb statistikave t\u00eb cituara, duhet tu referohen statistikave t\u00eb shp\u00ebrnguljes s\u00eb shqiptar\u00ebve q\u00eb po zbrazin vendin, pik\u00ebrisht si rrjedhim i politikave t\u00eb dy partive kryesore, p\u00ebrfshir\u00eb sidomos m\u00ebrgimin e katolik\u00ebve t\u00eb veriut.\u00a0 Me nj\u00eb vizit\u00eb n\u00eb ato troje, \u00e7do kush mund ta vler\u00ebsoj shpejt\u00eb gj\u00ebndjen e mjerueshme t\u00eb atyre zonave. \u00a0P\u00ebr k\u00ebt\u00eb duhet t\u00eb marrin p\u00ebrgjegj\u00ebsin\u00eb politikan\u00ebt shqiptar\u00eb. \u00a0Po p\u00ebr k\u00ebt\u00eb nuk qenka p\u00ebrgjegj\u00ebse politika shqiptare dhe udh\u00ebheqsit e saj?! \u00a0Jo, p\u00ebr problemet e vendit sot na qenkan fajtor\u00eb \u201ckatolik\u00ebt nga veriu i Shqip\u00ebris\u00eb\u201d, q\u00eb sipas t\u00eb gjitha t\u00eb dh\u00ebnave zyrtare e jo zyrtare, jan\u00eb shtresa dhe zona m\u00eb e varf\u00ebr dhe m\u00eb me pak influenc\u00eb politike dhe ekonomike n\u00eb vend.<\/p>\n<p>&nbsp;<\/p>\n<p>Ja edhe dy pyetjet dhe p\u00ebr p\u00ebrgjigjet e Z. Basha n\u00eb lidhje me k\u00ebt\u00eb tem\u00eb, marr\u00eb nga BOTA SOT, t\u00eb intervist\u00ebs s\u00eb tij me gazet\u00ebn austriake, Der Standard:<\/p>\n<p>&nbsp;<\/p>\n<p><strong>\u201cStandard: \u00c7far\u00eb ju shqet\u00ebson juve m\u00eb s\u00eb tep\u00ebrmi? <\/strong><\/p>\n<p><strong>\u00a0<\/strong><\/p>\n<p><strong>Basha: Lidhja midis krimit dhe politik\u00ebs n\u00eb Shqip\u00ebri \u00ebsht\u00eb e ve\u00e7ant\u00eb. N\u00eb parlament, n\u00eb karriget e kryetar\u00ebve t\u00eb komunave dhe n\u00eb drejtimin e shum\u00eb institucioneve publike q\u00ebndrojn\u00eb persona q\u00eb kurr\u00eb nuk kan\u00eb qen\u00eb n\u00eb politik\u00eb. \u00c7far\u00eb ata i bashkon \u00ebsht\u00eb vet\u00ebm kontrabanda me drog\u00eb dhe arm\u00eb, prostitucioni, trafikimi i qenieve njer\u00ebzore dhe vrasjet. Nj\u00eb pjes\u00eb e tyre kan\u00eb q\u00ebndruar edhe n\u00eb burgjet evropiane. 95 p\u00ebr qind e personave me origjin\u00eb kriminale q\u00eb q\u00ebndrojn\u00eb n\u00eb parlament dhe 70 p\u00ebr qind n\u00eb komuna jan\u00eb katolik\u00eb nga veriu i Shqip\u00ebris\u00eb.<\/strong><\/p>\n<p><strong>\u00a0<\/strong><\/p>\n<p><strong>Standard: \u00c7far\u00eb ka t\u00eb b\u00ebj\u00eb kjo me politik\u00ebn?<\/strong><\/p>\n<p><strong>\u00a0<\/strong><\/p>\n<p><strong>Basha:\u00a0 Katolik\u00ebt e veriut kan\u00eb qen\u00eb bastioni yn\u00eb. Pra zoti Rama ka rekrutuar llumin e veriut p\u00ebr t\u00eb shkat\u00ebrruar bastionin ton\u00eb. Ata jan\u00eb t\u00eb fuqish\u00ebm dhe kan\u00eb em\u00ebruar drejtor\u00eb policie dhe taksambledh\u00ebsit. N\u00eb 2016 Shqip\u00ebria u k\u00ebthye n\u00eb plantazh kanabisi.\u201d\u00a0 <\/strong><\/p>\n<p>&nbsp;<\/p>\n<p>Krimi i \u00e7fardo lloji a forme qoft\u00eb, i nderuar Z. Basha nuk njeh parti, fe as krahin\u00eb. \u00a0Problemi ka qen\u00eb dhe \u00ebsht\u00eb politika e k\u00ebtye pothuaj tre dekadave t\u00eb fundit.\u00a0 Pajtohuni dhe bashkpunoni me nj\u00ebri tjetrin p\u00ebr t\u00eb mir\u00ebn e gjith\u00eb shqiptar\u00ebve pa dallime fetare e krahinore. Luftoni krimin e v\u00ebrtet\u00eb, e jo \u201ckatolik\u00ebt e veriut\u201d.<\/p>\n<p>&nbsp;<\/p>\n<p>&nbsp;<\/p>\n<p>Lidhja p\u00ebr intervist\u00ebn e plot\u00eb p\u00ebr ata q\u00eb jan\u00eb t\u00eb interesuar: <a href=\"http:\/\/www.botasot.info\/shqiperia\/701154\/basha-per-quot-der-standard-quot-me-e-rendesishme-eshte-cfare-thone-shqiptaret-sesa-be-dhe-shba-ja-pse-edi-rama-kriminalizoi-veriun-permes-katolikeve\/\">http:\/\/www.botasot.info\/shqiperia\/701154\/basha-per-quot-der-standard-quot-me-e-rendesishme-eshte-cfare-thone-shqiptaret-sesa-be-dhe-shba-ja-pse-edi-rama-kriminalizoi-veriun-permes-katolikeve\/<\/a><\/p>\n<p>&nbsp;<\/p>\n<p>&nbsp;<\/p>\n<p>Versioni gjermanisht:\u00a0 <a href=\"http:\/\/derstandard.at\/2000057550757\/Wahlen-in-AlbanienDas-ist-ein-missionarischer-Kampf\">http:\/\/derstandard.at\/2000057550757\/Wahlen-in-AlbanienDas-ist-ein-missionarischer-Kampf<\/a><\/p>\n<p>&nbsp;<\/p>\n","protected":false},"excerpt":{"rendered":"<p>\u00a0Nga Frank Shkreli Para se t\u00eb filloj, dua t\u00eb rr\u00ebfej se kjo \u00ebsht\u00eb nj\u00eb tem\u00eb p\u00ebr t\u00eb cil\u00ebn nuk deshta t\u00eb shkruaj, por \u00ebsht\u00eb aq e r\u00ebnd\u00ebsishme sa q\u00eb nd\u00ebrgjegjia nuk m\u00eb lejon t\u00eb hesht\u00eb.\u00a0 Po i shkruaj k\u00ebto fjal\u00eb me zem\u00ebr t\u00eb thyer.\u00a0 Si\u00e7 mund ta dij\u00eb lexuesi i rregullt, shkrimet e mia modeste [&hellip;]<\/p>\n","protected":false},"author":1,"featured_media":13355,"comment_status":"closed","ping_status":"open","sticky":false,"template":"","format":"standard","meta":{"_seopress_robots_primary_cat":"","_seopress_titles_title":"","_seopress_titles_desc":"","_seopress_robots_index":"","footnotes":""},"categories":[12],"tags":[],"class_list":["post-14048","post","type-post","status-publish","format-standard","has-post-thumbnail","hentry","category-opinione"],"_links":{"self":[{"href":"https:\/\/ulqini-online.com\/sajti\/index.php?rest_route=\/wp\/v2\/posts\/14048","targetHints":{"allow":["GET"]}}],"collection":[{"href":"https:\/\/ulqini-online.com\/sajti\/index.php?rest_route=\/wp\/v2\/posts"}],"about":[{"href":"https:\/\/ulqini-online.com\/sajti\/index.php?rest_route=\/wp\/v2\/types\/post"}],"author":[{"embeddable":true,"href":"https:\/\/ulqini-online.com\/sajti\/index.php?rest_route=\/wp\/v2\/users\/1"}],"replies":[{"embeddable":true,"href":"https:\/\/ulqini-online.com\/sajti\/index.php?rest_route=%2Fwp%2Fv2%2Fcomments&post=14048"}],"version-history":[{"count":1,"href":"https:\/\/ulqini-online.com\/sajti\/index.php?rest_route=\/wp\/v2\/posts\/14048\/revisions"}],"predecessor-version":[{"id":14049,"href":"https:\/\/ulqini-online.com\/sajti\/index.php?rest_route=\/wp\/v2\/posts\/14048\/revisions\/14049"}],"wp:featuredmedia":[{"embeddable":true,"href":"https:\/\/ulqini-online.com\/sajti\/index.php?rest_route=\/wp\/v2\/media\/13355"}],"wp:attachment":[{"href":"https:\/\/ulqini-online.com\/sajti\/index.php?rest_route=%2Fwp%2Fv2%2Fmedia&parent=14048"}],"wp:term":[{"taxonomy":"category","embeddable":true,"href":"https:\/\/ulqini-online.com\/sajti\/index.php?rest_route=%2Fwp%2Fv2%2Fcategories&post=14048"},{"taxonomy":"post_tag","embeddable":true,"href":"https:\/\/ulqini-online.com\/sajti\/index.php?rest_route=%2Fwp%2Fv2%2Ftags&post=14048"}],"curies":[{"name":"wp","href":"https:\/\/api.w.org\/{rel}","templated":true}]}}