{"id":14018,"date":"2017-05-14T13:11:26","date_gmt":"2017-05-14T11:11:26","guid":{"rendered":"http:\/\/ulqini-online.com\/sajti\/?p=14018"},"modified":"2017-05-14T13:17:24","modified_gmt":"2017-05-14T11:17:24","slug":"peticion-online-per-lirimin-e-dr-nail-drages","status":"publish","type":"post","link":"https:\/\/ulqini-online.com\/sajti\/?p=14018","title":{"rendered":"Peticion online p\u00ebr lirimin e Dr Nail Drag\u00ebs"},"content":{"rendered":"<p><a href=\"https:\/\/ulqini-online.com\/sajti\/wp-content\/uploads\/2017\/05\/Nail-draga-peticioni.jpg\"><img loading=\"lazy\" decoding=\"async\" class=\"aligncenter wp-image-14017 size-full\" src=\"https:\/\/ulqini-online.com\/sajti\/wp-content\/uploads\/2017\/05\/Nail-draga-peticioni.jpg\" alt=\"\" width=\"475\" height=\"421\" srcset=\"https:\/\/ulqini-online.com\/sajti\/wp-content\/uploads\/2017\/05\/Nail-draga-peticioni.jpg 475w, https:\/\/ulqini-online.com\/sajti\/wp-content\/uploads\/2017\/05\/Nail-draga-peticioni-300x266.jpg 300w\" sizes=\"auto, (max-width: 475px) 100vw, 475px\" \/><\/a><br \/>\nNj\u00eb grup i koleg\u00ebve nga sektori civil dhe nj\u00eb grup intelektual\u00ebsh nga Ulqini dit\u00ebn e shtune kan\u00eb\u00a0 inicuar nj\u00eb peticion online p\u00ebr lirimin e Dr Nail Drag\u00ebs. Peticioni \u00ebsht\u00eb titulluar si m\u00eb posht: <strong>Peticion &#8211; Dr Nail Draga &#8211; Apel Publik Presidentit Vujanoviq p\u00ebr falje<\/strong><\/p>\n<p>&#8221;K\u00ebt\u00eb Peticion e kan\u00eb nisur fillimisht nj\u00eb grup i koleg\u00ebve nga sektori civil dhe nj\u00eb grup intelektual\u00ebsh, duke u nisur nga paradoksi se sot po vuan d\u00ebnimin nj\u00eb intelektual i mir\u00ebfillt\u00eb, i pad\u00ebnuar deri tani dhe me gjendje sh\u00ebndet\u00ebsore t\u00eb r\u00ebnduar, kur dihet mir\u00eb se p\u00ebr keqp\u00ebrdorime detyre me p\u00ebrmasa marramend\u00ebse t\u00eb qindra t\u00eb tjer\u00ebve, q\u00eb p\u00ebr pasoj\u00eb kan\u00eb pasur shkat\u00ebrrimin e pasuris\u00eb publike, falimentimin e nd\u00ebrmarrjeve dhe papun\u00ebsin\u00eb e lart\u00eb, por askush nuk u nd\u00ebshkua me burg&#8221;, thuhet nd\u00ebr t\u00eb tjerave n\u00eb hyrjen p\u00ebr k\u00ebt\u00eb nism\u00eb t\u00eb marr\u00eb.<\/p>\n<p>P\u00ebr t\u00eb n\u00ebnshkuar peticionin klikoni n\u00eb <a href=\"http:\/\/www.ipetitions.com\/petition\/peticion-dr-nail-draga-apel-publik\/?utm_medium=social&amp;utm_source=facebook&amp;utm_campaign=button\" target=\"_blank\" rel=\"noopener noreferrer\">K\u00cbTU (http:\/\/www.ipetitions.com)<\/a> dhe m\u00eb pastaj ndiqni hapat p\u00ebr n\u00ebnshkrimin e tij.<\/p>\n","protected":false},"excerpt":{"rendered":"<p>Nj\u00eb grup i koleg\u00ebve nga sektori civil dhe nj\u00eb grup intelektual\u00ebsh nga Ulqini dit\u00ebn e shtune kan\u00eb\u00a0 inicuar nj\u00eb peticion online p\u00ebr lirimin e Dr Nail Drag\u00ebs. Peticioni \u00ebsht\u00eb titulluar si m\u00eb posht: Peticion &#8211; Dr Nail Draga &#8211; Apel Publik Presidentit Vujanoviq p\u00ebr falje &#8221;K\u00ebt\u00eb Peticion e kan\u00eb nisur fillimisht nj\u00eb grup i koleg\u00ebve [&hellip;]<\/p>\n","protected":false},"author":1,"featured_media":14017,"comment_status":"closed","ping_status":"open","sticky":false,"template":"","format":"standard","meta":{"_seopress_robots_primary_cat":"","_seopress_titles_title":"","_seopress_titles_desc":"","_seopress_robots_index":"","footnotes":""},"categories":[2,4],"tags":[384],"class_list":["post-14018","post","type-post","status-publish","format-standard","has-post-thumbnail","hentry","category-aktualitet","category-kronike","tag-nail-draga"],"_links":{"self":[{"href":"https:\/\/ulqini-online.com\/sajti\/index.php?rest_route=\/wp\/v2\/posts\/14018","targetHints":{"allow":["GET"]}}],"collection":[{"href":"https:\/\/ulqini-online.com\/sajti\/index.php?rest_route=\/wp\/v2\/posts"}],"about":[{"href":"https:\/\/ulqini-online.com\/sajti\/index.php?rest_route=\/wp\/v2\/types\/post"}],"author":[{"embeddable":true,"href":"https:\/\/ulqini-online.com\/sajti\/index.php?rest_route=\/wp\/v2\/users\/1"}],"replies":[{"embeddable":true,"href":"https:\/\/ulqini-online.com\/sajti\/index.php?rest_route=%2Fwp%2Fv2%2Fcomments&post=14018"}],"version-history":[{"count":4,"href":"https:\/\/ulqini-online.com\/sajti\/index.php?rest_route=\/wp\/v2\/posts\/14018\/revisions"}],"predecessor-version":[{"id":14022,"href":"https:\/\/ulqini-online.com\/sajti\/index.php?rest_route=\/wp\/v2\/posts\/14018\/revisions\/14022"}],"wp:featuredmedia":[{"embeddable":true,"href":"https:\/\/ulqini-online.com\/sajti\/index.php?rest_route=\/wp\/v2\/media\/14017"}],"wp:attachment":[{"href":"https:\/\/ulqini-online.com\/sajti\/index.php?rest_route=%2Fwp%2Fv2%2Fmedia&parent=14018"}],"wp:term":[{"taxonomy":"category","embeddable":true,"href":"https:\/\/ulqini-online.com\/sajti\/index.php?rest_route=%2Fwp%2Fv2%2Fcategories&post=14018"},{"taxonomy":"post_tag","embeddable":true,"href":"https:\/\/ulqini-online.com\/sajti\/index.php?rest_route=%2Fwp%2Fv2%2Ftags&post=14018"}],"curies":[{"name":"wp","href":"https:\/\/api.w.org\/{rel}","templated":true}]}}